{"id":2077529,"date":"2014-12-05T17:54:40","date_gmt":"2014-12-06T01:54:40","guid":{"rendered":"http:\/\/agpnoticias.com\/news\/?p=2077529"},"modified":"2017-01-18T14:49:06","modified_gmt":"2017-01-18T22:49:06","slug":"perez-vertti-y-el-bronce-que-no-fue-oro-por-centesimas","status":"publish","type":"post","link":"https:\/\/agpnoticias.com\/news\/?p=2077529","title":{"rendered":"P\u00e9rez Vertti y el bronce que no fue oro por cent\u00e9simas"},"content":{"rendered":"<figure id=\"attachment_2078461\" aria-describedby=\"caption-attachment-2078461\" style=\"width: 800px\" class=\"wp-caption aligncenter\"><a href=\"http:\/\/agpnoticias.com\/news\/wp-content\/uploads\/2014\/12\/Arturo-P\u00e9rez-Vertti-bronce-centroamericano-en-Aguas-Abiertas.jpg\"><img fetchpriority=\"high\" decoding=\"async\" class=\"size-full wp-image-2078461\" src=\"http:\/\/agpnoticias.com\/news\/wp-content\/uploads\/2014\/12\/Arturo-P\u00e9rez-Vertti-bronce-centroamericano-en-Aguas-Abiertas.jpg\" alt=\"Arturo P\u00e9rez Vertti, bronce centroamericano en Aguas Abiertas\" width=\"800\" height=\"544\" srcset=\"https:\/\/agpnoticias.com\/news\/wp-content\/uploads\/2014\/12\/Arturo-P\u00e9rez-Vertti-bronce-centroamericano-en-Aguas-Abiertas.jpg 800w, https:\/\/agpnoticias.com\/news\/wp-content\/uploads\/2014\/12\/Arturo-P\u00e9rez-Vertti-bronce-centroamericano-en-Aguas-Abiertas-200x136.jpg 200w, https:\/\/agpnoticias.com\/news\/wp-content\/uploads\/2014\/12\/Arturo-P\u00e9rez-Vertti-bronce-centroamericano-en-Aguas-Abiertas-600x408.jpg 600w, https:\/\/agpnoticias.com\/news\/wp-content\/uploads\/2014\/12\/Arturo-P\u00e9rez-Vertti-bronce-centroamericano-en-Aguas-Abiertas-300x204.jpg 300w, https:\/\/agpnoticias.com\/news\/wp-content\/uploads\/2014\/12\/Arturo-P\u00e9rez-Vertti-bronce-centroamericano-en-Aguas-Abiertas-128x87.jpg 128w, https:\/\/agpnoticias.com\/news\/wp-content\/uploads\/2014\/12\/Arturo-P\u00e9rez-Vertti-bronce-centroamericano-en-Aguas-Abiertas-32x21.jpg 32w\" sizes=\"(max-width: 800px) 100vw, 800px\" \/><\/a><figcaption id=\"caption-attachment-2078461\" class=\"wp-caption-text\">Arturo P\u00e9rez Vertti, bronce centroamericano en Aguas Abiertas<\/figcaption><\/figure>\n<p>Tijuana, Baja California.- Arturo P\u00e9rez Vertti lleg\u00f3 con el mismo tiempo (1:55:43) que el venezolano Diego Vera y el potosino Daniel Delgadillo, pero la diferencia, que lo releg\u00f3 a la medalla de bronce, estuvo en las cent\u00e9simas.<\/p>\n<p>\u00abLa diferencia del primero al tercero fueron cuatro cent\u00e9simas, y del segundo al tercero s\u00f3lo una cent\u00e9sima. Pero al final el tiempo fue muy bueno, con una hora y 55 minutos, ya que hab\u00eda nadado 1:58\u00bb, dijo el nadador ensenadense, bronce en los 10 kil\u00f3metros de Aguas Abiertas.<\/p>\n<p>El ol\u00edmpico en Londres 2012 explic\u00f3 que \u00abfue una competencia muy cerrada desde el inicio con la presencia de tres nadadores de Venezuela que tra\u00edan muy buen nivel\u00bb.<\/p>\n<figure id=\"attachment_2078454\" aria-describedby=\"caption-attachment-2078454\" style=\"width: 320px\" class=\"wp-caption alignright\"><a href=\"http:\/\/agpnoticias.com\/news\/wp-content\/uploads\/2014\/12\/El-nadador-ensenadense-al-momento-de-recibir-su-reconocimiento.jpg\"><img decoding=\"async\" class=\"size-medium wp-image-2078454\" src=\"http:\/\/agpnoticias.com\/news\/wp-content\/uploads\/2014\/12\/El-nadador-ensenadense-al-momento-de-recibir-su-reconocimiento-320x240.jpg\" alt=\"El nadador ensenadense al momento de recibir su reconocimiento\" width=\"320\" height=\"240\" srcset=\"https:\/\/agpnoticias.com\/news\/wp-content\/uploads\/2014\/12\/El-nadador-ensenadense-al-momento-de-recibir-su-reconocimiento-320x240.jpg 320w, https:\/\/agpnoticias.com\/news\/wp-content\/uploads\/2014\/12\/El-nadador-ensenadense-al-momento-de-recibir-su-reconocimiento-640x480.jpg 640w\" sizes=\"(max-width: 320px) 100vw, 320px\" \/><\/a><figcaption id=\"caption-attachment-2078454\" class=\"wp-caption-text\">El nadador ensenadense al momento de recibir su reconocimiento<\/figcaption><\/figure>\n<p>Sin embargo, consider\u00f3 que la diferencia radic\u00f3 en la comunicaci\u00f3n establecida entre el equipo venezolano hasta alcanzar el oro.<\/p>\n<p>\u00abVenezuela hizo una carrera de equipo, que fue lo que nos falt\u00f3 para quedar primero y segundo y no segundo y tercero. Falt\u00f3 m\u00e1s comunicaci\u00f3n entre Daniel Delgadillo y yo\u00bb. admiti\u00f3.<\/p>\n<p>Sobre el curso de la prueba, dijo: \u00abLlevamos un paso fuerte, nunca perdimos el ritmo, y la \u00faltima vuelta fue una carrera de velocidad, un sprint, y me falt\u00f3 muy poco, casi nada para el oro, e incluso mejore mi tiempo, que era de 1:58\u00bb.<\/p>\n<p>Con el resultado, \u00abDaniel Delgadillo y yo ya estamos clasificados a Juegos Panamericanos, de acuerdo al reglamento de centroamericanos, donde dec\u00eda que ir\u00edan los primeros siete y dos por pa\u00eds\u00bb.<\/p>\n<p>A los Juegos Panamericanos de Toronto 2015, Arturo P\u00e9rez Vertti tratar\u00e1 de clasificar tanto en Aguas Abiertas como en Alberca, modalidad en la que particip\u00f3 durante Londres 2012.<\/p>\n<p>\u00abEn dos semanas me voy a Oklahoma para cerrar temporada en alberca con el equipo de Mission Viejo (California), que es donde entreno\u00bb, apunt\u00f3 despu\u00e9s de ser reconocido por Gobierno del Estado tras su participaci\u00f3n en Juegos Centroamericanos y del Caribe.<\/p>\n","protected":false},"excerpt":{"rendered":"<p>Tijuana, Baja California.- Arturo P\u00e9rez Vertti lleg\u00f3 con el mismo tiempo (1:55:43) que el venezolano&#8230;<\/p>\n","protected":false},"author":1,"featured_media":2078461,"comment_status":"closed","ping_status":"closed","sticky":false,"template":"","format":"standard","meta":{"footnotes":""},"categories":[1,73,7,705],"tags":[],"class_list":["post-2077529","post","type-post","status-publish","format-standard","has-post-thumbnail","hentry","category-uncategorized","category-deportebajacalifornia","category-deportes","category-natacion"],"_links":{"self":[{"href":"https:\/\/agpnoticias.com\/news\/index.php?rest_route=\/wp\/v2\/posts\/2077529","targetHints":{"allow":["GET"]}}],"collection":[{"href":"https:\/\/agpnoticias.com\/news\/index.php?rest_route=\/wp\/v2\/posts"}],"about":[{"href":"https:\/\/agpnoticias.com\/news\/index.php?rest_route=\/wp\/v2\/types\/post"}],"author":[{"embeddable":true,"href":"https:\/\/agpnoticias.com\/news\/index.php?rest_route=\/wp\/v2\/users\/1"}],"replies":[{"embeddable":true,"href":"https:\/\/agpnoticias.com\/news\/index.php?rest_route=%2Fwp%2Fv2%2Fcomments&post=2077529"}],"version-history":[{"count":4,"href":"https:\/\/agpnoticias.com\/news\/index.php?rest_route=\/wp\/v2\/posts\/2077529\/revisions"}],"predecessor-version":[{"id":2078556,"href":"https:\/\/agpnoticias.com\/news\/index.php?rest_route=\/wp\/v2\/posts\/2077529\/revisions\/2078556"}],"wp:featuredmedia":[{"embeddable":true,"href":"https:\/\/agpnoticias.com\/news\/index.php?rest_route=\/wp\/v2\/media\/2078461"}],"wp:attachment":[{"href":"https:\/\/agpnoticias.com\/news\/index.php?rest_route=%2Fwp%2Fv2%2Fmedia&parent=2077529"}],"wp:term":[{"taxonomy":"category","embeddable":true,"href":"https:\/\/agpnoticias.com\/news\/index.php?rest_route=%2Fwp%2Fv2%2Fcategories&post=2077529"},{"taxonomy":"post_tag","embeddable":true,"href":"https:\/\/agpnoticias.com\/news\/index.php?rest_route=%2Fwp%2Fv2%2Ftags&post=2077529"}],"curies":[{"name":"wp","href":"https:\/\/api.w.org\/{rel}","templated":true}]}}