{"id":2077899,"date":"2014-12-05T18:03:47","date_gmt":"2014-12-06T02:03:47","guid":{"rendered":"http:\/\/agpnoticias.com\/news\/?p=2077899"},"modified":"2014-12-05T18:03:47","modified_gmt":"2014-12-06T02:03:47","slug":"daniel-afonico-oscar-entra-al-quite","status":"publish","type":"post","link":"https:\/\/agpnoticias.com\/news\/?p=2077899","title":{"rendered":"Daniel, af\u00f3nico; \u00d3scar entra al quite"},"content":{"rendered":"<figure id=\"attachment_2078644\" aria-describedby=\"caption-attachment-2078644\" style=\"width: 800px\" class=\"wp-caption aligncenter\"><a href=\"http:\/\/agpnoticias.com\/news\/wp-content\/uploads\/2014\/12\/Daniel-Corral-y-su-entrenador-\u00d3scar-Aguirre1.jpg\"><img fetchpriority=\"high\" decoding=\"async\" class=\"size-full wp-image-2078644\" src=\"http:\/\/agpnoticias.com\/news\/wp-content\/uploads\/2014\/12\/Daniel-Corral-y-su-entrenador-\u00d3scar-Aguirre1.jpg\" alt=\"Daniel Corral y su entrenador \u00d3scar Aguirre\" width=\"800\" height=\"534\" srcset=\"https:\/\/agpnoticias.com\/news\/wp-content\/uploads\/2014\/12\/Daniel-Corral-y-su-entrenador-\u00d3scar-Aguirre1.jpg 800w, https:\/\/agpnoticias.com\/news\/wp-content\/uploads\/2014\/12\/Daniel-Corral-y-su-entrenador-\u00d3scar-Aguirre1-200x133.jpg 200w, https:\/\/agpnoticias.com\/news\/wp-content\/uploads\/2014\/12\/Daniel-Corral-y-su-entrenador-\u00d3scar-Aguirre1-600x400.jpg 600w, https:\/\/agpnoticias.com\/news\/wp-content\/uploads\/2014\/12\/Daniel-Corral-y-su-entrenador-\u00d3scar-Aguirre1-300x200.jpg 300w, https:\/\/agpnoticias.com\/news\/wp-content\/uploads\/2014\/12\/Daniel-Corral-y-su-entrenador-\u00d3scar-Aguirre1-128x85.jpg 128w, https:\/\/agpnoticias.com\/news\/wp-content\/uploads\/2014\/12\/Daniel-Corral-y-su-entrenador-\u00d3scar-Aguirre1-32x21.jpg 32w\" sizes=\"(max-width: 800px) 100vw, 800px\" \/><\/a><figcaption id=\"caption-attachment-2078644\" class=\"wp-caption-text\">Daniel Corral y su entrenador \u00d3scar Aguirre<\/figcaption><\/figure>\n<p>Tijuana, Baja California.- Daniel Corral ofreci\u00f3 disculpas a los medios de comunicaci\u00f3n. El ganador de dos bronces en los Juegos Centroamericanos y del Caribe no se sent\u00eda en condiciones de comparecer debido a problemas de salud. Pero al final, estuvo en el grupo de atletas estatales reconocidos que representaron a M\u00e9xico en Veracruz.<\/p>\n<p>\u00abLo saqu\u00e9 de la cama muy agripado, trae 37 de temperatura, tuvo 40 anoche, pero hab\u00eda que cumplir aqu\u00ed, hab\u00eda que estar y aqu\u00ed estamos\u00bb, dijo \u00d3scar Aguirre Jalil.<\/p>\n<p>El entrenador del gimnasta ol\u00edmpico consider\u00f3 que los dos bronces se encuadran dentro de lo planeado al inicio del proyecto y descart\u00f3 que la falta de medallas de oro signifique una asignatura pendiente para su dirigido.<\/p>\n<p>\u00abEn el caso de Daniel los centroamericanos eran la cereza del pastel, porque el objetivo principal fue el campeonato del mundo. Todo se cumpli\u00f3 y estamos dentro del rango de los objetivos, todos muy contentos\u00bb, asegur\u00f3.<\/p>\n<p>En especial, el t\u00e9cnico subray\u00f3 la medalla de bronce ganada en anillos, \u00abuno de sus peores aparatos hasta hace muy poco.<\/p>\n<p>\u00abPor eso lo trabajamos dur\u00edsimo buscando una nota de 15.000, y la logramos. Esto nos da claridad en lo que buscamos rumbo a R\u00edo de Janiero, que es el all around (participaci\u00f3n en los seis aparatos)\u00bb, refiri\u00f3.<\/p>\n<p>Para 2015, \u00abtenemos tres competencias grand\u00edsimas, sumamente importantes, como Juegos Panamericanos de Canad\u00e1, la Universiada Mundial de Corea y el Campeonato del Mundo de Escocia\u00bb.<\/p>\n<p>\u00abNo se puede todo y vamos a apostar por tres aparatos en Panamericanos, tres aparatos en la Universiada, y en el campeonato del mundo ser\u00e1n cinco o seis, porque los seis, seguro, ser\u00e1n hasta los ol\u00edmpicos de R\u00edo de Janeiro\u00bb, anticip\u00f3.<\/p>\n<p>Sobre el plan proyectado rumbo a 2016, sin iniciar el concurso all around en competencias internacionales, dijo: \u00abNo todos comparten nuestra estrategia, pero la meta es muy ambiciosa y sabemos que hay que sacrificar cosas y momentos en busca del objetivo final\u00bb.<\/p>\n","protected":false},"excerpt":{"rendered":"<p>Tijuana, Baja California.- Daniel Corral ofreci\u00f3 disculpas a los medios de comunicaci\u00f3n. El ganador de&#8230;<\/p>\n","protected":false},"author":1,"featured_media":2078628,"comment_status":"closed","ping_status":"closed","sticky":false,"template":"","format":"standard","meta":{"footnotes":""},"categories":[1,73,7],"tags":[],"class_list":["post-2077899","post","type-post","status-publish","format-standard","has-post-thumbnail","hentry","category-uncategorized","category-deportebajacalifornia","category-deportes"],"_links":{"self":[{"href":"https:\/\/agpnoticias.com\/news\/index.php?rest_route=\/wp\/v2\/posts\/2077899","targetHints":{"allow":["GET"]}}],"collection":[{"href":"https:\/\/agpnoticias.com\/news\/index.php?rest_route=\/wp\/v2\/posts"}],"about":[{"href":"https:\/\/agpnoticias.com\/news\/index.php?rest_route=\/wp\/v2\/types\/post"}],"author":[{"embeddable":true,"href":"https:\/\/agpnoticias.com\/news\/index.php?rest_route=\/wp\/v2\/users\/1"}],"replies":[{"embeddable":true,"href":"https:\/\/agpnoticias.com\/news\/index.php?rest_route=%2Fwp%2Fv2%2Fcomments&post=2077899"}],"version-history":[{"count":2,"href":"https:\/\/agpnoticias.com\/news\/index.php?rest_route=\/wp\/v2\/posts\/2077899\/revisions"}],"predecessor-version":[{"id":2078671,"href":"https:\/\/agpnoticias.com\/news\/index.php?rest_route=\/wp\/v2\/posts\/2077899\/revisions\/2078671"}],"wp:featuredmedia":[{"embeddable":true,"href":"https:\/\/agpnoticias.com\/news\/index.php?rest_route=\/wp\/v2\/media\/2078628"}],"wp:attachment":[{"href":"https:\/\/agpnoticias.com\/news\/index.php?rest_route=%2Fwp%2Fv2%2Fmedia&parent=2077899"}],"wp:term":[{"taxonomy":"category","embeddable":true,"href":"https:\/\/agpnoticias.com\/news\/index.php?rest_route=%2Fwp%2Fv2%2Fcategories&post=2077899"},{"taxonomy":"post_tag","embeddable":true,"href":"https:\/\/agpnoticias.com\/news\/index.php?rest_route=%2Fwp%2Fv2%2Ftags&post=2077899"}],"curies":[{"name":"wp","href":"https:\/\/api.w.org\/{rel}","templated":true}]}}