{"id":2081921,"date":"2014-12-06T01:57:53","date_gmt":"2014-12-06T09:57:53","guid":{"rendered":"http:\/\/agpnoticias.com\/news\/?p=2081921"},"modified":"2014-12-06T01:57:53","modified_gmt":"2014-12-06T09:57:53","slug":"ni-micky-ni-joksan-empate-por-el-orgullo-de-ensenada","status":"publish","type":"post","link":"https:\/\/agpnoticias.com\/news\/?p=2081921","title":{"rendered":"Ni \u00abMicky\u00bb ni Joksan: empate \u00abPor el Orgullo de Ensenada\u00bb"},"content":{"rendered":"<figure id=\"attachment_2082015\" aria-describedby=\"caption-attachment-2082015\" style=\"width: 800px\" class=\"wp-caption aligncenter\"><a href=\"http:\/\/agpnoticias.com\/news\/wp-content\/uploads\/2014\/12\/Joksan-Hern\u00e1ndez-y-Micky-L\u00f3pez-dividieron-la-decisi\u00f3n-de-los-jueces.jpg\"><img fetchpriority=\"high\" decoding=\"async\" class=\"size-full wp-image-2082015\" src=\"http:\/\/agpnoticias.com\/news\/wp-content\/uploads\/2014\/12\/Joksan-Hern\u00e1ndez-y-Micky-L\u00f3pez-dividieron-la-decisi\u00f3n-de-los-jueces.jpg\" alt=\"Joksan Hern\u00e1ndez y &quot;Micky&quot; L\u00f3pez dividieron la decisi\u00f3n de los jueces\" width=\"800\" height=\"538\" srcset=\"https:\/\/agpnoticias.com\/news\/wp-content\/uploads\/2014\/12\/Joksan-Hern\u00e1ndez-y-Micky-L\u00f3pez-dividieron-la-decisi\u00f3n-de-los-jueces.jpg 800w, https:\/\/agpnoticias.com\/news\/wp-content\/uploads\/2014\/12\/Joksan-Hern\u00e1ndez-y-Micky-L\u00f3pez-dividieron-la-decisi\u00f3n-de-los-jueces-200x134.jpg 200w, https:\/\/agpnoticias.com\/news\/wp-content\/uploads\/2014\/12\/Joksan-Hern\u00e1ndez-y-Micky-L\u00f3pez-dividieron-la-decisi\u00f3n-de-los-jueces-600x403.jpg 600w, https:\/\/agpnoticias.com\/news\/wp-content\/uploads\/2014\/12\/Joksan-Hern\u00e1ndez-y-Micky-L\u00f3pez-dividieron-la-decisi\u00f3n-de-los-jueces-300x201.jpg 300w, https:\/\/agpnoticias.com\/news\/wp-content\/uploads\/2014\/12\/Joksan-Hern\u00e1ndez-y-Micky-L\u00f3pez-dividieron-la-decisi\u00f3n-de-los-jueces-128x86.jpg 128w, https:\/\/agpnoticias.com\/news\/wp-content\/uploads\/2014\/12\/Joksan-Hern\u00e1ndez-y-Micky-L\u00f3pez-dividieron-la-decisi\u00f3n-de-los-jueces-32x21.jpg 32w\" sizes=\"(max-width: 800px) 100vw, 800px\" \/><\/a><figcaption id=\"caption-attachment-2082015\" class=\"wp-caption-text\">Joksan Hern\u00e1ndez y \u00abMicky\u00bb L\u00f3pez dividieron la decisi\u00f3n de los jueces<\/figcaption><\/figure>\n<p>Ensenada, Baja California.- Un gimnasio \u00d3scar \u00abTigre\u00bb Garc\u00eda, a su m\u00e1xima capacidad y dividido, fue escenario de la decisi\u00f3n salom\u00f3nica de los jueces.<\/p>\n<p>Juan Tapiz vio ganar a Joksan Hern\u00e1ndez 97-94, mismos n\u00fameros con los que Antonio \u00abBazooka\u00bb Cervantes dio triunfador a Sergio \u00abMicky\u00bb L\u00f3pez, mientras que Andr\u00e9s \u00abCarita\u00bb Sandoval decidi\u00f3, con el 96-96, el empate en la pelea estelar de la funci\u00f3n \u00abPor el Orgullo de Ensenada\u00bb.<\/p>\n<figure id=\"attachment_2082041\" aria-describedby=\"caption-attachment-2082041\" style=\"width: 320px\" class=\"wp-caption alignright\"><a href=\"http:\/\/agpnoticias.com\/news\/wp-content\/uploads\/2014\/12\/Joksan-Hern\u00e1ndez-estar\u00eda-dispuesto-a-pelear-la-revancha.jpg\"><img decoding=\"async\" class=\"size-medium wp-image-2082041\" src=\"http:\/\/agpnoticias.com\/news\/wp-content\/uploads\/2014\/12\/Joksan-Hern\u00e1ndez-estar\u00eda-dispuesto-a-pelear-la-revancha-320x240.jpg\" alt=\"Joksan Hern\u00e1ndez estar\u00eda dispuesto a pelear la revancha\" width=\"320\" height=\"240\" srcset=\"https:\/\/agpnoticias.com\/news\/wp-content\/uploads\/2014\/12\/Joksan-Hern\u00e1ndez-estar\u00eda-dispuesto-a-pelear-la-revancha-320x240.jpg 320w, https:\/\/agpnoticias.com\/news\/wp-content\/uploads\/2014\/12\/Joksan-Hern\u00e1ndez-estar\u00eda-dispuesto-a-pelear-la-revancha-640x480.jpg 640w\" sizes=\"(max-width: 320px) 100vw, 320px\" \/><\/a><figcaption id=\"caption-attachment-2082041\" class=\"wp-caption-text\">Joksan Hern\u00e1ndez estar\u00eda dispuesto a pelear la revancha<\/figcaption><\/figure>\n<p>Con una mejor condici\u00f3n f\u00edsica, y de acuerdo al plan de pelea anunciado, \u00abMicky\u00bb L\u00f3pez domin\u00f3 la primera mitad del combate ante un Joksan Hern\u00e1ndez que no lograba tomarle el pulso a\u00a0las acciones.<\/p>\n<p>Pero en un s\u00e9ptimo round explosivo, con iniciativas de ambos lados, \u00abEl Torito\u00bb nivel\u00f3 la pelea y, pese a un corte en la ceja, conect\u00f3 mayor cantidad de golpes de poder el resto de los episodios.<\/p>\n<p>El fallo de los jueces fue cuestionado, principalmente por la esquina de \u00abMicky\u00bb L\u00f3pez, uno de los protagonistas del combate entre peleadores surgidos del fraccionamiento Punta Banda.<\/p>\n<p>\u00abEso no fue un empate. La gente vio que gan\u00e9 por puntos. No s\u00e9 porque los jueces vieron un empate. P\u00e9simo, p\u00e9simo&#8230;\u00bb, dijo el boxeador que descart\u00f3 una revancha, pues pretende buscar el cetro mundial pluma de la World Boxing Federation.<\/p>\n<p>Su entrenador, Salvador \u00abZurdo\u00bb F\u00e9lix coincidi\u00f3 y dijo: \u00abYo vi perder tres rounds al Micky. El boxeo de velocidad funcion\u00f3 a las mil maravillas. Lo cortamos, le reventamos la nariz&#8230;\u00bb.<\/p>\n<figure id=\"attachment_2082058\" aria-describedby=\"caption-attachment-2082058\" style=\"width: 336px\" class=\"wp-caption alignleft\"><a href=\"http:\/\/agpnoticias.com\/news\/wp-content\/uploads\/2014\/12\/Micky-L\u00f3pez-asegur\u00f3-haber-merecido-la-victoria.jpg\"><img decoding=\"async\" class=\"size-full wp-image-2082058\" src=\"http:\/\/agpnoticias.com\/news\/wp-content\/uploads\/2014\/12\/Micky-L\u00f3pez-asegur\u00f3-haber-merecido-la-victoria.jpg\" alt=\"&quot;Micky&quot; L\u00f3pez asegur\u00f3 haber merecido la victoria\" width=\"336\" height=\"362\" srcset=\"https:\/\/agpnoticias.com\/news\/wp-content\/uploads\/2014\/12\/Micky-L\u00f3pez-asegur\u00f3-haber-merecido-la-victoria.jpg 336w, https:\/\/agpnoticias.com\/news\/wp-content\/uploads\/2014\/12\/Micky-L\u00f3pez-asegur\u00f3-haber-merecido-la-victoria-185x200.jpg 185w, https:\/\/agpnoticias.com\/news\/wp-content\/uploads\/2014\/12\/Micky-L\u00f3pez-asegur\u00f3-haber-merecido-la-victoria-278x300.jpg 278w, https:\/\/agpnoticias.com\/news\/wp-content\/uploads\/2014\/12\/Micky-L\u00f3pez-asegur\u00f3-haber-merecido-la-victoria-118x128.jpg 118w, https:\/\/agpnoticias.com\/news\/wp-content\/uploads\/2014\/12\/Micky-L\u00f3pez-asegur\u00f3-haber-merecido-la-victoria-29x32.jpg 29w\" sizes=\"(max-width: 336px) 100vw, 336px\" \/><\/a><figcaption id=\"caption-attachment-2082058\" class=\"wp-caption-text\">\u00abMicky\u00bb L\u00f3pez asegur\u00f3 haber merecido la victoria<\/figcaption><\/figure>\n<p>\u00abLa gente que realmente sabe de boxeo, vio ganar a Micky. Joksan pegaba golpes fuertes, pero tres o cuatro por round. Sinceramente el boxeo no se gana con cuatro golpes\u00bb, apunt\u00f3.<\/p>\n<p>Tambi\u00e9n respald\u00f3 lo dicho por \u00abMicky\u00bb L\u00f3pez en el sentido de que \u00abno habr\u00e1 revancha\u00bb.<\/p>\n<p>\u00abNos interesa m\u00e1s un t\u00edtulo del mundo que Joksan Hern\u00e1ndez, y m\u00e1s viendo lo que sucedi\u00f3 con la decisi\u00f3n\u00bb, afirm\u00f3.<\/p>\n<p>En cambio, \u00abEl Torito\u00bb\u00a0consider\u00f3: \u00abla pelea fue muy pareja, pero todos me dicen que yo gan\u00e9 y ojal\u00e1 den revancha para ense\u00f1arle&#8230;\u00bb.<\/p>\n<p>Y admiti\u00f3 que le \u00abfalt\u00f3 condici\u00f3n, pero ni as\u00ed (pudo ser derrotado)\u00bb.<\/p>\n<p>El titular de su esquina junto a \u00d3scar \u00abVaquero\u00bb Maldonado, Jos\u00e9 Guardado, no tuvo objeci\u00f3n con el veredicto de los jueces, ya que \u00abel empate me gusta\u00bb.<\/p>\n<p>\u00abLa pelea estuvo pareja, pero en los \u00faltimos tres rounds, Joksan cerr\u00f3 fuerte. Por apreciaci\u00f3n, Micky s\u00f3lo fue para atr\u00e1s y eso nos dar\u00eda la victoria autom\u00e1ticamente. Eso hab\u00edamos dicho y eso pas\u00f3: Micky estuvo m\u00e1s boxeador y Joksan fue m\u00e1s fajador\u00bb, indic\u00f3.<\/p>\n<p>El ex campe\u00f3n mundial de Kick Boxing solicit\u00f3 la revancha para 2015 y dijo que si en la esquina de \u00abMicky\u00bb L\u00f3pez \u00abno la quieren, por algo ser\u00e1\u00bb.<\/p>\n<p><strong>T\u00edtulo estatal en casa<\/strong><\/p>\n<figure id=\"attachment_2082063\" aria-describedby=\"caption-attachment-2082063\" style=\"width: 320px\" class=\"wp-caption alignright\"><a href=\"http:\/\/agpnoticias.com\/news\/wp-content\/uploads\/2014\/12\/El-Diablito-Ramos-envi\u00f3-a-la-lona-a-su-rival-en-el-sexto-asalto.jpg\"><img loading=\"lazy\" decoding=\"async\" class=\"size-medium wp-image-2082063\" src=\"http:\/\/agpnoticias.com\/news\/wp-content\/uploads\/2014\/12\/El-Diablito-Ramos-envi\u00f3-a-la-lona-a-su-rival-en-el-sexto-asalto-320x240.jpg\" alt=\"&quot;El Diablito&quot; Ramos envi\u00f3 a la lona a su rival en el sexto asalto\" width=\"320\" height=\"240\" srcset=\"https:\/\/agpnoticias.com\/news\/wp-content\/uploads\/2014\/12\/El-Diablito-Ramos-envi\u00f3-a-la-lona-a-su-rival-en-el-sexto-asalto-320x240.jpg 320w, https:\/\/agpnoticias.com\/news\/wp-content\/uploads\/2014\/12\/El-Diablito-Ramos-envi\u00f3-a-la-lona-a-su-rival-en-el-sexto-asalto-640x480.jpg 640w\" sizes=\"(max-width: 320px) 100vw, 320px\" \/><\/a><figcaption id=\"caption-attachment-2082063\" class=\"wp-caption-text\">\u00abEl Diablito\u00bb Ramos envi\u00f3 a la lona a su rival en el sexto asalto<\/figcaption><\/figure>\n<p>\u00c1ngel \u00abDiablito\u00bb Ramos envi\u00f3 a la lona a Samuel Ramos en el sexto asalto, pero no pudo consumar el nocaut y logr\u00f3 la corona estatal mosca por decisi\u00f3n un\u00e1nime en ocho rounds.<\/p>\n<p>\u00abLo trabaj\u00e9 con calma. Lo vi fuerte y busqu\u00e9 la decisi\u00f3n. Yo quer\u00eda m\u00e1s intercambio golpes, pero choc\u00e1bamos mucho y no pudimos dar m\u00e1s espect\u00e1culo a la gente\u00bb, explic\u00f3 el ganador del cintur\u00f3n.<\/p>\n<p>En otro combate, Ezequiel Avil\u00e9s noque\u00f3 Enrique \u00bb Player\u00bb Soto al\u00a01:40\u00a0del cuarto round.<\/p>\n<p>Y Alexis \u00abPillo\u00bb Canett super\u00f3 por decisi\u00f3n un\u00e1nime a Cesar de la Mora en seis asaltos del combate pactado en la divisi\u00f3n de los ligeros.<\/p>\n<p><strong>A cuatro rounds<\/strong><\/p>\n<p>Juan Carlos \u00abSoruyo\u00bb Ortega perdi\u00f3 el invicto tras perder con el mexicalense Oliver Quintana por decisi\u00f3n mayoritaria en cuatro asaltos.<\/p>\n<p>Por su parte, Rom\u00e1n \u00abChino\u00bb B\u00f3rquez despach\u00f3 en un round a un d\u00f3cil Giovanni Gambito.<\/p>\n<p>Juli\u00e1n \u00abPato\u00bb Ben\u00edtez debut\u00f3 con \u00e9xito al noquear a los 43 segundos a Rom\u00e1n M\u00e9ndez, mientras que H\u00e9ctor \u00abEstudiante\u00bb Ambriz tambi\u00e9n necesit\u00f3 menos de un round para acabar con \u00c9dgar Ahumada.<\/p>\n<figure id=\"attachment_2082071\" aria-describedby=\"caption-attachment-2082071\" style=\"width: 800px\" class=\"wp-caption aligncenter\"><a href=\"http:\/\/agpnoticias.com\/news\/wp-content\/uploads\/2014\/12\/La-funci\u00f3n-registr\u00f3-un-lleno-en-el-gimnasio-municipal.jpg\"><img loading=\"lazy\" decoding=\"async\" class=\"size-full wp-image-2082071\" src=\"http:\/\/agpnoticias.com\/news\/wp-content\/uploads\/2014\/12\/La-funci\u00f3n-registr\u00f3-un-lleno-en-el-gimnasio-municipal.jpg\" alt=\"La funci\u00f3n registr\u00f3 un lleno en el gimnasio municipal\" width=\"800\" height=\"536\" srcset=\"https:\/\/agpnoticias.com\/news\/wp-content\/uploads\/2014\/12\/La-funci\u00f3n-registr\u00f3-un-lleno-en-el-gimnasio-municipal.jpg 800w, https:\/\/agpnoticias.com\/news\/wp-content\/uploads\/2014\/12\/La-funci\u00f3n-registr\u00f3-un-lleno-en-el-gimnasio-municipal-200x134.jpg 200w, https:\/\/agpnoticias.com\/news\/wp-content\/uploads\/2014\/12\/La-funci\u00f3n-registr\u00f3-un-lleno-en-el-gimnasio-municipal-600x402.jpg 600w, https:\/\/agpnoticias.com\/news\/wp-content\/uploads\/2014\/12\/La-funci\u00f3n-registr\u00f3-un-lleno-en-el-gimnasio-municipal-300x201.jpg 300w, https:\/\/agpnoticias.com\/news\/wp-content\/uploads\/2014\/12\/La-funci\u00f3n-registr\u00f3-un-lleno-en-el-gimnasio-municipal-128x85.jpg 128w, https:\/\/agpnoticias.com\/news\/wp-content\/uploads\/2014\/12\/La-funci\u00f3n-registr\u00f3-un-lleno-en-el-gimnasio-municipal-32x21.jpg 32w\" sizes=\"(max-width: 800px) 100vw, 800px\" \/><\/a><figcaption id=\"caption-attachment-2082071\" class=\"wp-caption-text\">La funci\u00f3n registr\u00f3 un lleno en el gimnasio municipal<\/figcaption><\/figure>\n","protected":false},"excerpt":{"rendered":"<p>Ensenada, Baja California.- Un gimnasio \u00d3scar \u00abTigre\u00bb Garc\u00eda, a su m\u00e1xima capacidad y dividido, fue&#8230;<\/p>\n","protected":false},"author":1,"featured_media":2082015,"comment_status":"closed","ping_status":"closed","sticky":false,"template":"","format":"standard","meta":{"footnotes":""},"categories":[1,36,7],"tags":[],"class_list":["post-2081921","post","type-post","status-publish","format-standard","has-post-thumbnail","hentry","category-uncategorized","category-boxeo","category-deportes"],"_links":{"self":[{"href":"https:\/\/agpnoticias.com\/news\/index.php?rest_route=\/wp\/v2\/posts\/2081921","targetHints":{"allow":["GET"]}}],"collection":[{"href":"https:\/\/agpnoticias.com\/news\/index.php?rest_route=\/wp\/v2\/posts"}],"about":[{"href":"https:\/\/agpnoticias.com\/news\/index.php?rest_route=\/wp\/v2\/types\/post"}],"author":[{"embeddable":true,"href":"https:\/\/agpnoticias.com\/news\/index.php?rest_route=\/wp\/v2\/users\/1"}],"replies":[{"embeddable":true,"href":"https:\/\/agpnoticias.com\/news\/index.php?rest_route=%2Fwp%2Fv2%2Fcomments&post=2081921"}],"version-history":[{"count":3,"href":"https:\/\/agpnoticias.com\/news\/index.php?rest_route=\/wp\/v2\/posts\/2081921\/revisions"}],"predecessor-version":[{"id":2082077,"href":"https:\/\/agpnoticias.com\/news\/index.php?rest_route=\/wp\/v2\/posts\/2081921\/revisions\/2082077"}],"wp:featuredmedia":[{"embeddable":true,"href":"https:\/\/agpnoticias.com\/news\/index.php?rest_route=\/wp\/v2\/media\/2082015"}],"wp:attachment":[{"href":"https:\/\/agpnoticias.com\/news\/index.php?rest_route=%2Fwp%2Fv2%2Fmedia&parent=2081921"}],"wp:term":[{"taxonomy":"category","embeddable":true,"href":"https:\/\/agpnoticias.com\/news\/index.php?rest_route=%2Fwp%2Fv2%2Fcategories&post=2081921"},{"taxonomy":"post_tag","embeddable":true,"href":"https:\/\/agpnoticias.com\/news\/index.php?rest_route=%2Fwp%2Fv2%2Ftags&post=2081921"}],"curies":[{"name":"wp","href":"https:\/\/api.w.org\/{rel}","templated":true}]}}