{"id":2087575,"date":"2014-12-06T18:11:08","date_gmt":"2014-12-07T02:11:08","guid":{"rendered":"http:\/\/agpnoticias.com\/news\/?p=2087575"},"modified":"2014-12-06T18:35:42","modified_gmt":"2014-12-07T02:35:42","slug":"de-atlas-a-chivas-hasta-llegar-a-pachuca","status":"publish","type":"post","link":"https:\/\/agpnoticias.com\/news\/?p=2087575","title":{"rendered":"De Atlas a Chivas, hasta llegar a Pachuca"},"content":{"rendered":"<figure id=\"attachment_2088150\" aria-describedby=\"caption-attachment-2088150\" style=\"width: 800px\" class=\"wp-caption aligncenter\"><a href=\"http:\/\/agpnoticias.com\/news\/wp-content\/uploads\/2014\/12\/Efra\u00edn-Flores.jpg\"><img fetchpriority=\"high\" decoding=\"async\" class=\"size-full wp-image-2088150\" src=\"http:\/\/agpnoticias.com\/news\/wp-content\/uploads\/2014\/12\/Efra\u00edn-Flores.jpg\" alt=\"Efra\u00edn Flores\" width=\"800\" height=\"533\" srcset=\"https:\/\/agpnoticias.com\/news\/wp-content\/uploads\/2014\/12\/Efra\u00edn-Flores.jpg 800w, https:\/\/agpnoticias.com\/news\/wp-content\/uploads\/2014\/12\/Efra\u00edn-Flores-200x133.jpg 200w, https:\/\/agpnoticias.com\/news\/wp-content\/uploads\/2014\/12\/Efra\u00edn-Flores-600x399.jpg 600w, https:\/\/agpnoticias.com\/news\/wp-content\/uploads\/2014\/12\/Efra\u00edn-Flores-300x199.jpg 300w, https:\/\/agpnoticias.com\/news\/wp-content\/uploads\/2014\/12\/Efra\u00edn-Flores-128x85.jpg 128w, https:\/\/agpnoticias.com\/news\/wp-content\/uploads\/2014\/12\/Efra\u00edn-Flores-32x21.jpg 32w\" sizes=\"(max-width: 800px) 100vw, 800px\" \/><\/a><figcaption id=\"caption-attachment-2088150\" class=\"wp-caption-text\">Efra\u00edn Flores<\/figcaption><\/figure>\n<p>Ensenada, Baja California.- En el historial de Efra\u00edn Flores destaca la formaci\u00f3n, junto a Marcelo Bielsa y Jos\u00e9 Luis Real, de lo que deton\u00f3 como la cantera m\u00e1s productiva del futbol mexicano en su momento: Atlas.<\/p>\n<p>A\u00f1os m\u00e1s tarde, cre\u00f3 una nueva estructura en las fuerzas b\u00e1sicas de las Chivas Rayadas del Guadalajara, equipo al que, del mismo modo que Atlas, tambi\u00e9n dirigi\u00f3 en la primera divisi\u00f3n.<\/p>\n<p>Y despu\u00e9s de esas dos experiencias como piedra angular de la producci\u00f3n de talentos en las dos organizaci\u00f3n tapat\u00edas, el tambi\u00e9n ex t\u00e9cnico interino de la selecci\u00f3n nacional pas\u00f3 a trabajar para Grupo Pachuca y sus tres equipos: Pachuca, Le\u00f3n y Mineros de Zacatecas.<\/p>\n<figure id=\"attachment_2088407\" aria-describedby=\"caption-attachment-2088407\" style=\"width: 320px\" class=\"wp-caption alignright\"><a href=\"http:\/\/agpnoticias.com\/news\/wp-content\/uploads\/2014\/12\/Efra\u00edn-Flores-con-su-hermano-Samuel-quien-radica-en-Ensenada.jpg\"><img decoding=\"async\" class=\"size-medium wp-image-2088407\" src=\"http:\/\/agpnoticias.com\/news\/wp-content\/uploads\/2014\/12\/Efra\u00edn-Flores-con-su-hermano-Samuel-quien-radica-en-Ensenada-320x240.jpg\" alt=\"Efra\u00edn Flores con su hermano Alfonso, quien radica en Ensenada\" width=\"320\" height=\"240\" srcset=\"https:\/\/agpnoticias.com\/news\/wp-content\/uploads\/2014\/12\/Efra\u00edn-Flores-con-su-hermano-Samuel-quien-radica-en-Ensenada-320x240.jpg 320w, https:\/\/agpnoticias.com\/news\/wp-content\/uploads\/2014\/12\/Efra\u00edn-Flores-con-su-hermano-Samuel-quien-radica-en-Ensenada-640x480.jpg 640w\" sizes=\"(max-width: 320px) 100vw, 320px\" \/><\/a><figcaption id=\"caption-attachment-2088407\" class=\"wp-caption-text\">Efra\u00edn Flores con su hermano Alfonso, quien radica en Ensenada<\/figcaption><\/figure>\n<p>Durante su visita a Ensenada como vicepresidente deportivo de la organizaci\u00f3n afincada en Hidalgo, Efra\u00edn Flores recapitul\u00f3 parte de su trayectoria desde los inicios con Atlas, donde coincidi\u00f3 con el ex entrenador de las selecciones de Chile y Argentina, Marcelo Bielsa.<\/p>\n<p>\u00abYa con el G\u00fcero Real hab\u00edamos iniciado el proyecto en 1990 para hacer algo innovador, y esto se vio acentuado cuando lleg\u00f3 Marcelo de Argentina con el conocimiento de lo que hab\u00eda hecho uno de los principales formadores de su pa\u00eds, Jorge Griffa\u00bb, record\u00f3.<\/p>\n<p>\u00abMe enorgullece haber trabajado cuatro a\u00f1os con Marcelo, sobre todo porque nos dio valor y cr\u00e9dito a los que ya hab\u00edamos hecho antes de que \u00e9l llegara. Lo de Bielsa s\u00ed marc\u00f3 mi carrera de una manera importante\u00bb, agreg\u00f3.<\/p>\n<p>Finalizado su trabajo de formaci\u00f3n de una de las generaciones m\u00e1s notables de Atlas, con elementos como Rafa M\u00e1rquez, Jared Borghetti, Osvaldo S\u00e1nchez y Pavel Pardo, entre otros, pas\u00f3 a Chivas ya con mayor experiencia.<\/p>\n<p>\u00abLo que me llev\u00f3 cuatro o cinco a\u00f1os en Atlas, en Chivas me llev\u00f3 a\u00f1o y medio con una cadena de jugadores que llegaron al primer equipo donde m\u00e1s tarde dirig\u00ed a la mayor\u00eda de los que form\u00e9\u00bb, apunt\u00f3.<\/p>\n<p><strong>Apenado por el momento de Chivas<\/strong><\/p>\n<p>Despu\u00e9s de dejar un equipo en completa salud hace algunos a\u00f1os, \u00abme da pena lo que ahora pasa en Chivas porque a nosotros nos contrataron\u00a0 para dejar un equipo campe\u00f3n con una estructura s\u00f3lida que pudo haber durado muchos a\u00f1os, pero la fueron desintegrando\u00bb.<\/p>\n<p>El t\u00e9cnico que a finales de la d\u00e9cada pasada logr\u00f3 colocar a Chivas como super l\u00edder, asegur\u00f3 que el regreso de N\u00e9stor y Jos\u00e9 Manuel de la Torre, como titular de la directiva y t\u00e9cnico, respectivamente, \u00abes la mejor decisi\u00f3n que pudo tomarse\u00bb.<\/p>\n<p>\u00abJorge (Vergara) acert\u00f3 y s\u00e9 que van a conseguir los resultados porque Chepo y N\u00e9stor son gente que ama, que conoce y quiere las ra\u00edces de la instituci\u00f3n y tienen capacidad. Nos duele lo que est\u00e1 pasando, pero est\u00e1n rectificando lo perdido\u00bb, afirm\u00f3.<\/p>\n<p>A cargo de los tres equipos del grupo<\/p>\n<p>Efra\u00edn Flores lleg\u00f3 como t\u00e9cnico a Pachuca y cumpli\u00f3 al sumar 55 puntos en un a\u00f1o deportivo al frente del plantel \u00abdespu\u00e9s de una etapa en la que el equipo ven\u00eda\u00a0 a la baja\u00bb.<\/p>\n<p>Adem\u00e1s, \u00abdebutamos a H\u00e9ctor Herrera con un grupo importante de jugadores y se implement\u00f3 una metodolog\u00eda importante gracias a la cual ganamos la mayor\u00eda de los torneos Sub 17 y Sub 20 y somos base de las selecciones menores\u00bb.<\/p>\n<p>Actualmente, como vicepresidente deportivo, \u00abestoy en los tres equipos del grupo y, como dicen, el enfermo es el que m\u00e1s necesita al doctor, en este caso Pachuca y Mineros, porque queremos ascender a este equipo, como sucedi\u00f3 con Le\u00f3n\u00bb.<\/p>\n<p><strong>Pizzi, apuesta id\u00f3nea<\/strong><\/p>\n<p>Los t\u00edtulos ganados con San Lorenzo de Almagro en Argentina y la Universidad Cat\u00f3lica en Chile, adem\u00e1s de su paso por Valencia en Espa\u00f1a, son, en opini\u00f3n de Efra\u00edn Flores, el bagaje necesario que apunta a Juan Antonio Pizzi como el sustituto ideal de Gustavo Matosas en Le\u00f3n.<\/p>\n<p>\u00abLo de Pizzi es una buena opci\u00f3n porque lo que ha dejado en su paso por Espa\u00f1a, Chile y Argentina lo perfila como el t\u00e9cnico id\u00f3neo para sustituir a Matosas\u00bb, refiri\u00f3.<\/p>\n<p>Aunque advirti\u00f3 que \u00abel camino no ser\u00e1 f\u00e1cil, porque Gustavo gan\u00f3 dos campeonatos de Liga MX y uno de ascenso, pero para eso son las varas altas, para alcanzarlas y rebasarlas\u00bb.<\/p>\n<p><strong>Con Marini por el ascenso<\/strong><\/p>\n<p>El argentino Pablo Marini llev\u00f3 a Mineros de Zacatecas a semifinales de la Liga de Ascenso y seguir\u00e1 al frente del plantel que pretende subir al m\u00e1ximo circuito.<\/p>\n<p>\u00abEstamos contentos con Pablo porque es un t\u00e9cnico capaz y con talento. Los jugadores est\u00e1n contentos, llegamos a la final y nos quedamos a ocho minutos de llegar a la final\u00bb, indic\u00f3 el directivo nacido en Zacatecas, a donde \u00abregresamos despu\u00e9s de 50 a\u00f1os\u00bb.<\/p>\n<p>Asimismo, \u00abfuimos sub l\u00edderes generales con s\u00f3lo dos partidos perdidos y la gente se identific\u00f3 con la manera de jugar del equipo con llenos durante la temporada\u00bb.<\/p>\n<p>Regres\u00e9 m\u00e1s de 50 a\u00f1os despu\u00e9s de salir de mi tierra.<\/p>\n<p><strong>Juventud en el banquillo tuzo<\/strong><\/p>\n<p>En Pachuca la salida del veterano Enrique Meza ha sido cubierta con el uruguayo Diego Alonso, \u00abun t\u00e9cnico joven, sin tanta experiencia, pero al grupo le gusta darle oportunidad a gente joven\u00bb.<\/p>\n","protected":false},"excerpt":{"rendered":"<p>Ensenada, Baja California.- En el historial de Efra\u00edn Flores destaca la formaci\u00f3n, junto a Marcelo&#8230;<\/p>\n","protected":false},"author":1,"featured_media":2088150,"comment_status":"closed","ping_status":"closed","sticky":false,"template":"","format":"standard","meta":{"footnotes":""},"categories":[1,7,32],"tags":[],"class_list":["post-2087575","post","type-post","status-publish","format-standard","has-post-thumbnail","hentry","category-uncategorized","category-deportes","category-soccer"],"_links":{"self":[{"href":"https:\/\/agpnoticias.com\/news\/index.php?rest_route=\/wp\/v2\/posts\/2087575","targetHints":{"allow":["GET"]}}],"collection":[{"href":"https:\/\/agpnoticias.com\/news\/index.php?rest_route=\/wp\/v2\/posts"}],"about":[{"href":"https:\/\/agpnoticias.com\/news\/index.php?rest_route=\/wp\/v2\/types\/post"}],"author":[{"embeddable":true,"href":"https:\/\/agpnoticias.com\/news\/index.php?rest_route=\/wp\/v2\/users\/1"}],"replies":[{"embeddable":true,"href":"https:\/\/agpnoticias.com\/news\/index.php?rest_route=%2Fwp%2Fv2%2Fcomments&post=2087575"}],"version-history":[{"count":3,"href":"https:\/\/agpnoticias.com\/news\/index.php?rest_route=\/wp\/v2\/posts\/2087575\/revisions"}],"predecessor-version":[{"id":2088414,"href":"https:\/\/agpnoticias.com\/news\/index.php?rest_route=\/wp\/v2\/posts\/2087575\/revisions\/2088414"}],"wp:featuredmedia":[{"embeddable":true,"href":"https:\/\/agpnoticias.com\/news\/index.php?rest_route=\/wp\/v2\/media\/2088150"}],"wp:attachment":[{"href":"https:\/\/agpnoticias.com\/news\/index.php?rest_route=%2Fwp%2Fv2%2Fmedia&parent=2087575"}],"wp:term":[{"taxonomy":"category","embeddable":true,"href":"https:\/\/agpnoticias.com\/news\/index.php?rest_route=%2Fwp%2Fv2%2Fcategories&post=2087575"},{"taxonomy":"post_tag","embeddable":true,"href":"https:\/\/agpnoticias.com\/news\/index.php?rest_route=%2Fwp%2Fv2%2Ftags&post=2087575"}],"curies":[{"name":"wp","href":"https:\/\/api.w.org\/{rel}","templated":true}]}}