{"id":2087587,"date":"2014-12-06T18:06:19","date_gmt":"2014-12-07T02:06:19","guid":{"rendered":"http:\/\/agpnoticias.com\/news\/?p=2087587"},"modified":"2014-12-06T18:06:19","modified_gmt":"2014-12-07T02:06:19","slug":"firman-alianza-grupo-pachuca-y-tiburones-blancos","status":"publish","type":"post","link":"https:\/\/agpnoticias.com\/news\/?p=2087587","title":{"rendered":"Firman alianza Grupo Pachuca y Tiburones Blancos"},"content":{"rendered":"<figure id=\"attachment_2088089\" aria-describedby=\"caption-attachment-2088089\" style=\"width: 800px\" class=\"wp-caption aligncenter\"><a href=\"http:\/\/agpnoticias.com\/news\/wp-content\/uploads\/2014\/12\/La-directiva-y-cuerpo-t\u00e9cnico-de-Tiburones-Blancos-junto-a-Efra\u00edn-Flores.jpg\"><img fetchpriority=\"high\" decoding=\"async\" class=\"size-full wp-image-2088089\" src=\"http:\/\/agpnoticias.com\/news\/wp-content\/uploads\/2014\/12\/La-directiva-y-cuerpo-t\u00e9cnico-de-Tiburones-Blancos-junto-a-Efra\u00edn-Flores.jpg\" alt=\"La directiva y cuerpo t\u00e9cnico de Tiburones Blancos junto a Efra\u00edn Flores\" width=\"800\" height=\"441\" srcset=\"https:\/\/agpnoticias.com\/news\/wp-content\/uploads\/2014\/12\/La-directiva-y-cuerpo-t\u00e9cnico-de-Tiburones-Blancos-junto-a-Efra\u00edn-Flores.jpg 800w, https:\/\/agpnoticias.com\/news\/wp-content\/uploads\/2014\/12\/La-directiva-y-cuerpo-t\u00e9cnico-de-Tiburones-Blancos-junto-a-Efra\u00edn-Flores-200x110.jpg 200w, https:\/\/agpnoticias.com\/news\/wp-content\/uploads\/2014\/12\/La-directiva-y-cuerpo-t\u00e9cnico-de-Tiburones-Blancos-junto-a-Efra\u00edn-Flores-600x330.jpg 600w, https:\/\/agpnoticias.com\/news\/wp-content\/uploads\/2014\/12\/La-directiva-y-cuerpo-t\u00e9cnico-de-Tiburones-Blancos-junto-a-Efra\u00edn-Flores-300x165.jpg 300w, https:\/\/agpnoticias.com\/news\/wp-content\/uploads\/2014\/12\/La-directiva-y-cuerpo-t\u00e9cnico-de-Tiburones-Blancos-junto-a-Efra\u00edn-Flores-128x70.jpg 128w, https:\/\/agpnoticias.com\/news\/wp-content\/uploads\/2014\/12\/La-directiva-y-cuerpo-t\u00e9cnico-de-Tiburones-Blancos-junto-a-Efra\u00edn-Flores-32x17.jpg 32w\" sizes=\"(max-width: 800px) 100vw, 800px\" \/><\/a><figcaption id=\"caption-attachment-2088089\" class=\"wp-caption-text\">La directiva y cuerpo t\u00e9cnico de Tiburones Blancos junto a Efra\u00edn Flores<\/figcaption><\/figure>\n<p>Ensenada, Baja California.- Uno de los grupos l\u00edderes en el futbol mexicano, con el manejo de los equipos de primera divisi\u00f3n Pachuca y Le\u00f3n, as\u00ed como el plantel de ascenso Mineros de Zacatecas, trabajar\u00e1 de manera conjunta con los Tiburones Blancos de Ensenada.<\/p>\n<p>Efra\u00edn Flores, vicepresidente deportivo de Grupo Pachuca, firm\u00f3 el convenio junto al presidente del equipo de la Tercera Divisi\u00f3n Profesional, H\u00e9ctor Cortez, en presencia del vicepresidente V\u00edctor Hugo Rom\u00e1n y el director deportivo Joel Esquivias.<\/p>\n<p>\u00abDaremos asesor\u00eda en cualquiera de nuestras \u00e1reas: t\u00e9cnica, t\u00e1ctica, f\u00edsica, nutricional, m\u00e9dica, psicol\u00f3gica, desarrollo humano. Todo estar\u00e1 a disposici\u00f3n de Tiburones Blancos\u00bb, indic\u00f3 el ex t\u00e9cnico de Chivas y Atlas.<\/p>\n<p>Adem\u00e1s, \u00ablas fuerzas b\u00e1sicas de los tres clubes, tambi\u00e9n los primeros equipos, estar\u00e1n abiertos a la colaboraci\u00f3n a trav\u00e9s de este convenio. Cualquier jugador que tenga la capacidad o el perfil, ser\u00e1 bienvenido. Igual si hay necesidad de traer jugadores se los facilitaremos\u00bb, agreg\u00f3.<\/p>\n<figure id=\"attachment_2088092\" aria-describedby=\"caption-attachment-2088092\" style=\"width: 320px\" class=\"wp-caption alignright\"><a href=\"http:\/\/agpnoticias.com\/news\/wp-content\/uploads\/2014\/12\/El-vicepresidente-deportivo-de-Grupo-Pachuca-durante-la-firma-del-convenio.jpg\"><img decoding=\"async\" class=\"size-medium wp-image-2088092\" src=\"http:\/\/agpnoticias.com\/news\/wp-content\/uploads\/2014\/12\/El-vicepresidente-deportivo-de-Grupo-Pachuca-durante-la-firma-del-convenio-320x240.jpg\" alt=\"El vicepresidente deportivo de Grupo Pachuca durante la firma del convenio\" width=\"320\" height=\"240\" srcset=\"https:\/\/agpnoticias.com\/news\/wp-content\/uploads\/2014\/12\/El-vicepresidente-deportivo-de-Grupo-Pachuca-durante-la-firma-del-convenio-320x240.jpg 320w, https:\/\/agpnoticias.com\/news\/wp-content\/uploads\/2014\/12\/El-vicepresidente-deportivo-de-Grupo-Pachuca-durante-la-firma-del-convenio-640x480.jpg 640w\" sizes=\"(max-width: 320px) 100vw, 320px\" \/><\/a><figcaption id=\"caption-attachment-2088092\" class=\"wp-caption-text\">El vicepresidente deportivo de Grupo Pachuca durante la firma del convenio<\/figcaption><\/figure>\n<p>Efra\u00edn Flores es t\u00edo de uno de los accionistas de Tiburones Blancos, Samuel Flores, adem\u00e1s de haber trabajado con Joel Esquivias en Atlas, mismo equipo en el que \u00e9l debut\u00f3 al t\u00e9cnico del equipo ensenadense, Omar Brise\u00f1o, como jugador de primera divisi\u00f3n.<\/p>\n<p>\u00abEn lo personal me siento muy motivado por estar ac\u00e1 en Ensenada, donde tengo familia y muchos amigos. Soy un convencido de que es una cantera inagotable e importante para el futbol mexicano\u00bb, apunt\u00f3.<\/p>\n<p>Tambi\u00e9n calific\u00f3 a la regi\u00f3n como \u00abuna mina donde podemos sacar ese talento, esa piedra preciosa que los equipos del Grupo Pachuca podr\u00edan pulir hasta alcanzar el objetivo de llegar a primera divisi\u00f3n\u00bb.<\/p>\n<p>\u00abNo se trata de firmar convenios por firmarlos, se trata de identificarnos con la filosof\u00eda del grupo. Qui\u00e9n opera y qui\u00e9n dirige los proyectos es lo m\u00e1s importante\u00bb, coment\u00f3.<\/p>\n<p>Relat\u00f3 que cuando expuso la alianza frente a los directivos de Grupo Pachuca, \u00ab\u00e9stos aceptaron r\u00e1pidamente\u00bb porque ha llegado gente de Ensenada a integrarse a las fuerzas b\u00e1sicas de dos de sus equipos: Pachuca y Mineros.<\/p>\n<p>Sobre la capacidad futbol\u00edstica de los jugadores bajacalifornianos, puso como ejemplo el caso de H\u00e9ctor Herrera, a quien debut\u00f3 en Pachuca tras \u00abrescatarlo\u00bb de una Segunda Divisi\u00f3n en Tamaulipas.<\/p>\n<p>\u00abEstaba perdido en Tampico y nos lo llevamos a pretemporada y lo debutamos r\u00e1pidamente. El talento de H\u00e9ctor ya estaba puesto y lo que hicimos fue darle recursos\u00bb, se\u00f1al\u00f3.<\/p>\n<p>El representante del grupo encabezado por Jes\u00fas Mart\u00ednez destac\u00f3 el impulso que los propietarios de Tiburones Blancos le han dado al futbol de Ensenada.<\/p>\n<p>\u00abEn la parte directriz hay personas con capacidad, inteligencia y deseo de hacer bien las cosas\u00bb, afirm\u00f3.<\/p>\n<p>Por su parte, H\u00e9ctor Cortez, presidente del equipo, dijo que \u00abpara Tiburones Blancos uno de los objetivos a corto plazo era una alianza con un club muy importante\u00bb.<\/p>\n<p>\u00abVamos a obtener muchos beneficios y conocimiento de gente de experiencia como el se\u00f1or Efra\u00edn, que es una instituci\u00f3n en el pa\u00eds\u00bb, precis\u00f3.<\/p>\n<p>Adelant\u00f3 que \u00abexisten otros proyectos que poco a poco se dar\u00e1n a conocer para seguir creciendo con proyecci\u00f3n a los j\u00f3venes y \u00e9stos puedan ser vistos por otros equipos hasta llegar a primera divisi\u00f3n\u00bb.<\/p>\n<p>Efra\u00edn Flores se quedar\u00e1 en Ensenada hasta este domingo, cuando observar\u00e1 el encuentro en el que los Tiburones Blancos recibir\u00e1n a los Diablos Azules de Guasave.<\/p>\n<figure id=\"attachment_2088097\" aria-describedby=\"caption-attachment-2088097\" style=\"width: 800px\" class=\"wp-caption aligncenter\"><a href=\"http:\/\/agpnoticias.com\/news\/wp-content\/uploads\/2014\/12\/Los-propietarios-de-Tiburones-recibieron-a-Efra\u00edn-Flores.jpg\"><img decoding=\"async\" class=\"size-full wp-image-2088097\" src=\"http:\/\/agpnoticias.com\/news\/wp-content\/uploads\/2014\/12\/Los-propietarios-de-Tiburones-recibieron-a-Efra\u00edn-Flores.jpg\" alt=\"Los propietarios de Tiburones recibieron a Efra\u00edn Flores\" width=\"800\" height=\"533\" srcset=\"https:\/\/agpnoticias.com\/news\/wp-content\/uploads\/2014\/12\/Los-propietarios-de-Tiburones-recibieron-a-Efra\u00edn-Flores.jpg 800w, https:\/\/agpnoticias.com\/news\/wp-content\/uploads\/2014\/12\/Los-propietarios-de-Tiburones-recibieron-a-Efra\u00edn-Flores-200x133.jpg 200w, https:\/\/agpnoticias.com\/news\/wp-content\/uploads\/2014\/12\/Los-propietarios-de-Tiburones-recibieron-a-Efra\u00edn-Flores-600x399.jpg 600w, https:\/\/agpnoticias.com\/news\/wp-content\/uploads\/2014\/12\/Los-propietarios-de-Tiburones-recibieron-a-Efra\u00edn-Flores-300x199.jpg 300w, https:\/\/agpnoticias.com\/news\/wp-content\/uploads\/2014\/12\/Los-propietarios-de-Tiburones-recibieron-a-Efra\u00edn-Flores-128x85.jpg 128w, https:\/\/agpnoticias.com\/news\/wp-content\/uploads\/2014\/12\/Los-propietarios-de-Tiburones-recibieron-a-Efra\u00edn-Flores-32x21.jpg 32w\" sizes=\"(max-width: 800px) 100vw, 800px\" \/><\/a><figcaption id=\"caption-attachment-2088097\" class=\"wp-caption-text\">Los propietarios de Tiburones recibieron a Efra\u00edn Flores<\/figcaption><\/figure>\n","protected":false},"excerpt":{"rendered":"<p>Ensenada, Baja California.- Uno de los grupos l\u00edderes en el futbol mexicano, con el manejo&#8230;<\/p>\n","protected":false},"author":1,"featured_media":2088089,"comment_status":"closed","ping_status":"closed","sticky":false,"template":"","format":"standard","meta":{"footnotes":""},"categories":[1,7,32],"tags":[],"class_list":["post-2087587","post","type-post","status-publish","format-standard","has-post-thumbnail","hentry","category-uncategorized","category-deportes","category-soccer"],"_links":{"self":[{"href":"https:\/\/agpnoticias.com\/news\/index.php?rest_route=\/wp\/v2\/posts\/2087587","targetHints":{"allow":["GET"]}}],"collection":[{"href":"https:\/\/agpnoticias.com\/news\/index.php?rest_route=\/wp\/v2\/posts"}],"about":[{"href":"https:\/\/agpnoticias.com\/news\/index.php?rest_route=\/wp\/v2\/types\/post"}],"author":[{"embeddable":true,"href":"https:\/\/agpnoticias.com\/news\/index.php?rest_route=\/wp\/v2\/users\/1"}],"replies":[{"embeddable":true,"href":"https:\/\/agpnoticias.com\/news\/index.php?rest_route=%2Fwp%2Fv2%2Fcomments&post=2087587"}],"version-history":[{"count":2,"href":"https:\/\/agpnoticias.com\/news\/index.php?rest_route=\/wp\/v2\/posts\/2087587\/revisions"}],"predecessor-version":[{"id":2088101,"href":"https:\/\/agpnoticias.com\/news\/index.php?rest_route=\/wp\/v2\/posts\/2087587\/revisions\/2088101"}],"wp:featuredmedia":[{"embeddable":true,"href":"https:\/\/agpnoticias.com\/news\/index.php?rest_route=\/wp\/v2\/media\/2088089"}],"wp:attachment":[{"href":"https:\/\/agpnoticias.com\/news\/index.php?rest_route=%2Fwp%2Fv2%2Fmedia&parent=2087587"}],"wp:term":[{"taxonomy":"category","embeddable":true,"href":"https:\/\/agpnoticias.com\/news\/index.php?rest_route=%2Fwp%2Fv2%2Fcategories&post=2087587"},{"taxonomy":"post_tag","embeddable":true,"href":"https:\/\/agpnoticias.com\/news\/index.php?rest_route=%2Fwp%2Fv2%2Ftags&post=2087587"}],"curies":[{"name":"wp","href":"https:\/\/api.w.org\/{rel}","templated":true}]}}