{"id":20980,"date":"2012-12-08T19:38:28","date_gmt":"2012-12-09T02:38:28","guid":{"rendered":"http:\/\/agpnoticias.com\/news\/?p=20980"},"modified":"2012-12-21T12:29:36","modified_gmt":"2012-12-21T19:29:36","slug":"anuncia-directiva-continuidad-de-mohamed","status":"publish","type":"post","link":"https:\/\/agpnoticias.com\/news\/?p=20980","title":{"rendered":"Ratifica directiva continuidad de Mohamed"},"content":{"rendered":"<p>Tijuana, Baja California.- La directiva de Xoloitzcuintles de Tijuana ratific\u00f3 lo que el mismo Antonio Mohamed inform\u00f3 a trav\u00e9s de las redes sociales la noche del jueves: el \u201cTurco\u201d seguir\u00e1 al frente del equipo cuando menos por seis meses.<\/p>\n<figure id=\"attachment_20982\" aria-describedby=\"caption-attachment-20982\" style=\"width: 150px\" class=\"wp-caption alignleft\"><a href=\"http:\/\/agpnoticias.com\/news\/wp-content\/uploads\/2012\/12\/El-t\u00e9cnico-argentino-dirigir\u00e1-al-club-en-el-torneo-local-y-la-Copa-Libertadores.jpg\"><img decoding=\"async\" class=\"size-thumbnail wp-image-20982\" title=\"El t\u00e9cnico argentino dirigir\u00e1 al club en el torneo local y la Copa Libertadores\" src=\"http:\/\/agpnoticias.com\/news\/wp-content\/uploads\/2012\/12\/El-t\u00e9cnico-argentino-dirigir\u00e1-al-club-en-el-torneo-local-y-la-Copa-Libertadores-150x150.jpg\" alt=\"\" width=\"150\" height=\"150\" srcset=\"https:\/\/agpnoticias.com\/news\/wp-content\/uploads\/2012\/12\/El-t\u00e9cnico-argentino-dirigir\u00e1-al-club-en-el-torneo-local-y-la-Copa-Libertadores-150x150.jpg 150w, https:\/\/agpnoticias.com\/news\/wp-content\/uploads\/2012\/12\/El-t\u00e9cnico-argentino-dirigir\u00e1-al-club-en-el-torneo-local-y-la-Copa-Libertadores-50x50.jpg 50w\" sizes=\"(max-width: 150px) 100vw, 150px\" \/><\/a><figcaption id=\"caption-attachment-20982\" class=\"wp-caption-text\">El t\u00e9cnico argentino dirigir\u00e1 al club en el torneo local y la Copa Libertadores<\/figcaption><\/figure>\n<p>\u201cEl director t\u00e9cnico Antonio Mohamed, quien se encuentra pasando unos d\u00edas en Argentina, ratific\u00f3 su compromiso con el club Tijuana Xoloitzcuintles de Caliente para, cuando menos, dirigir al equipo hasta el mes de julio venidero\u201d, public\u00f3 la directiva el s\u00e1bado alrededor de las 18:00 horas.<\/p>\n<p>Con la continuidad del t\u00e9cnico campe\u00f3n del futbol mexicano, Tijuana se preparar\u00e1 \u201ca conciencia\u201d para encarar tanto el torneo de clausura 2013 de la Liga MX como la Liga Libertadores de Am\u00e9rica.<\/p>\n<p>Xolos iniciar\u00e1 la defensa de su campeonato el domingo 6 de enero como visitante en el Estadio Cuauht\u00e9moc de Puebla.<\/p>\n<p>La presentaci\u00f3n del Club Tijuana ante su afici\u00f3n ser\u00e1 el s\u00e1bado 12 de enero a las 17:00 horas frente a Le\u00f3n en el Estadio Caliente durante la fecha dos del Torneo Apertura 2013.<\/p>\n","protected":false},"excerpt":{"rendered":"<p>Tijuana, Baja California.- La directiva de Xoloitzcuintles de Tijuana ratific\u00f3 lo que el mismo Antonio&#8230;<\/p>\n","protected":false},"author":1,"featured_media":20987,"comment_status":"closed","ping_status":"closed","sticky":false,"template":"","format":"standard","meta":{"footnotes":""},"categories":[1,7,32,17],"tags":[],"class_list":["post-20980","post","type-post","status-publish","format-standard","has-post-thumbnail","hentry","category-uncategorized","category-deportes","category-soccer","category-xolos-de-tijuana"],"_links":{"self":[{"href":"https:\/\/agpnoticias.com\/news\/index.php?rest_route=\/wp\/v2\/posts\/20980","targetHints":{"allow":["GET"]}}],"collection":[{"href":"https:\/\/agpnoticias.com\/news\/index.php?rest_route=\/wp\/v2\/posts"}],"about":[{"href":"https:\/\/agpnoticias.com\/news\/index.php?rest_route=\/wp\/v2\/types\/post"}],"author":[{"embeddable":true,"href":"https:\/\/agpnoticias.com\/news\/index.php?rest_route=\/wp\/v2\/users\/1"}],"replies":[{"embeddable":true,"href":"https:\/\/agpnoticias.com\/news\/index.php?rest_route=%2Fwp%2Fv2%2Fcomments&post=20980"}],"version-history":[{"count":8,"href":"https:\/\/agpnoticias.com\/news\/index.php?rest_route=\/wp\/v2\/posts\/20980\/revisions"}],"predecessor-version":[{"id":21547,"href":"https:\/\/agpnoticias.com\/news\/index.php?rest_route=\/wp\/v2\/posts\/20980\/revisions\/21547"}],"wp:featuredmedia":[{"embeddable":true,"href":"https:\/\/agpnoticias.com\/news\/index.php?rest_route=\/wp\/v2\/media\/20987"}],"wp:attachment":[{"href":"https:\/\/agpnoticias.com\/news\/index.php?rest_route=%2Fwp%2Fv2%2Fmedia&parent=20980"}],"wp:term":[{"taxonomy":"category","embeddable":true,"href":"https:\/\/agpnoticias.com\/news\/index.php?rest_route=%2Fwp%2Fv2%2Fcategories&post=20980"},{"taxonomy":"post_tag","embeddable":true,"href":"https:\/\/agpnoticias.com\/news\/index.php?rest_route=%2Fwp%2Fv2%2Ftags&post=20980"}],"curies":[{"name":"wp","href":"https:\/\/api.w.org\/{rel}","templated":true}]}}