{"id":21026,"date":"2012-12-10T14:49:21","date_gmt":"2012-12-10T21:49:21","guid":{"rendered":"http:\/\/agpnoticias.com\/news\/?p=21026"},"modified":"2016-12-28T21:27:04","modified_gmt":"2016-12-29T05:27:04","slug":"horarios-y-fechas-de-on-en-mexicali","status":"publish","type":"post","link":"https:\/\/agpnoticias.com\/news\/?p=21026","title":{"rendered":"Horarios y fechas de ON en Mexicali"},"content":{"rendered":"<figure id=\"attachment_21032\" aria-describedby=\"caption-attachment-21032\" style=\"width: 150px\" class=\"wp-caption alignleft\"><a href=\"http:\/\/agpnoticias.com\/news\/wp-content\/uploads\/2012\/12\/El-Beisbol-tendr\u00e1-como-sede-el-municipio-de-Mexicali.jpg\"><img decoding=\"async\" class=\"size-thumbnail wp-image-21032\" title=\"El Beisbol tendr\u00e1 como sede el municipio de Mexicali\" src=\"http:\/\/agpnoticias.com\/news\/wp-content\/uploads\/2012\/12\/El-Beisbol-tendr\u00e1-como-sede-el-municipio-de-Mexicali-150x150.jpg\" alt=\"\" width=\"150\" height=\"150\" srcset=\"https:\/\/agpnoticias.com\/news\/wp-content\/uploads\/2012\/12\/El-Beisbol-tendr\u00e1-como-sede-el-municipio-de-Mexicali-150x150.jpg 150w, https:\/\/agpnoticias.com\/news\/wp-content\/uploads\/2012\/12\/El-Beisbol-tendr\u00e1-como-sede-el-municipio-de-Mexicali-50x50.jpg 50w\" sizes=\"(max-width: 150px) 100vw, 150px\" \/><\/a><figcaption id=\"caption-attachment-21032\" class=\"wp-caption-text\">El Beisbol tendr\u00e1 como sede el municipio de Mexicali<\/figcaption><\/figure>\n<p>Mexicali, Baja California.- Ocho disciplinas recibir\u00e1 Mexicali dentro de las actividades de la Olimpiada Nacional 2013.<\/p>\n<p>El Instituto del Deporte de Baja California inform\u00f3 que el d\u00eda primero de mayo iniciar\u00e1n las acciones con Esgrima, disciplina a la que seguir\u00e1n Aguas Abiertas, Karate, Hockey, Levantamiento de Pesos, Halterofilia, Remo, Hockey in Line y Beisbol.<\/p>\n<p>En Tijuana se realizar\u00e1n once deportes: Tenis, Racquetball, Futbol, Baloncesto, Tiro con Arco, Boliche, Clavados, Atletismo y Handball, todos con fecha y sede definidas.<\/p>\n<p>Ensenada ser\u00e1 escenario de Tenis de Mesa, Softbol, Canotaje, Patines sobre Ruedas, Gimnasia de Trampol\u00edn, Gimnasia Art\u00edstica y Front\u00f3n, aunque todav\u00eda no son anunciadas las sedes y las fechas.<\/p>\n<p><strong>\u00a0<\/strong><\/p>\n<p><strong>Olimpiada Nacional en Mexicali<\/strong><\/p>\n<p><strong>Esgrima (Centro estatal de las artes)<\/strong><\/p>\n<p>Del 1 al 9 de mayo<\/p>\n<p><strong>Aguas abiertas (San Felipe)<\/strong><\/p>\n<p>Del 2 al 4 de mayo<\/p>\n<p><strong>Karate (Auditorio del Estado)<\/strong><\/p>\n<p>Del 2 al 6 de Mayo<\/p>\n<p><strong>Hockey (Cancha APAM, Ciudad Deportiva)<\/strong><\/p>\n<p>Del 7 al 18 de Mayo<\/p>\n<p><strong>Levantamiento de Pesas (CAR Halterofilia, Ciudad Guadalupe Victoria)<\/strong><\/p>\n<p>Del 21 al 29 de Mayo<\/p>\n<p><strong>Remo (Pista de Remo, San Felipe)<\/strong><\/p>\n<p>Del 21 al 26 de Mayo<\/p>\n<p><strong>Hockey in line (Ciudad Deportiva)<\/strong><\/p>\n<p>Del 12 al 18 de Mayo<\/p>\n<p><strong>Beisbol (Ciudad Deportiva)<\/strong><\/p>\n<p>Del 21 al 29 de Mayo<\/p>\n<p><strong>\u00a0<\/strong><\/p>\n<p><strong>Olimpiada Nacional en Tijuana<\/strong><\/p>\n<p><strong>Nataci\u00f3n (Complejo Acu\u00e1tico del CAR)<\/strong><\/p>\n<p>Del 24 de abril al 1ro de Mayo<\/p>\n<p><strong>Voleibol de Sala (CAR, UABC, Prepa Federal L\u00e1zaro C\u00e1rdenas)<\/strong><\/p>\n<p>Del 24 al 30 de Abril<\/p>\n<p><strong>Tenis (Club de Raqueta Britania)<\/strong><\/p>\n<p>Del 30 de abril al 6 de mayo<\/p>\n<p><strong>Racquetball (Rio Racquetball Club)<\/strong><\/p>\n<p>Del 3 al 8 de Mayo<\/p>\n<p><strong>F\u00fatbol Asociaci\u00f3n (Campos Romero Manzo)<\/strong><\/p>\n<p>Del 17 al 23 de Mayo<\/p>\n<p><strong>Baloncesto (CAR, UABC, Prepa Federal L\u00e1zaro C\u00e1rdenas)<\/strong><\/p>\n<p>Del 19 al 31 de Mayo<\/p>\n<p><strong>Tiro con Arco (CAR)<\/strong><\/p>\n<p>Del 4 al 10 de Mayo<\/p>\n<p><strong>Boliche (Bol Bol Tijuana)<\/strong><\/p>\n<p>Del 8 al 13 de Mayo<\/p>\n<p><strong>Clavados (Complejo Acu\u00e1tico del CAR)<\/strong><\/p>\n<p>Del 9 al 18 de Mayo<\/p>\n<p><strong>\u00a0Atletismo (Pista Atl\u00e9tica del CAR)<\/strong><\/p>\n<p>Del 10 al 20 de Mayo<\/p>\n<p><strong>Handball (CAR)<\/strong><\/p>\n<p>Del 21 al 31 de Mayo<\/p>\n","protected":false},"excerpt":{"rendered":"<p>Mexicali, Baja California.- Ocho disciplinas recibir\u00e1 Mexicali dentro de las actividades de la Olimpiada Nacional&#8230;<\/p>\n","protected":false},"author":1,"featured_media":21027,"comment_status":"closed","ping_status":"closed","sticky":false,"template":"","format":"standard","meta":{"footnotes":""},"categories":[1,7,694],"tags":[],"class_list":["post-21026","post","type-post","status-publish","format-standard","has-post-thumbnail","hentry","category-uncategorized","category-deportes","category-patines-sobre-ruedas"],"_links":{"self":[{"href":"https:\/\/agpnoticias.com\/news\/index.php?rest_route=\/wp\/v2\/posts\/21026","targetHints":{"allow":["GET"]}}],"collection":[{"href":"https:\/\/agpnoticias.com\/news\/index.php?rest_route=\/wp\/v2\/posts"}],"about":[{"href":"https:\/\/agpnoticias.com\/news\/index.php?rest_route=\/wp\/v2\/types\/post"}],"author":[{"embeddable":true,"href":"https:\/\/agpnoticias.com\/news\/index.php?rest_route=\/wp\/v2\/users\/1"}],"replies":[{"embeddable":true,"href":"https:\/\/agpnoticias.com\/news\/index.php?rest_route=%2Fwp%2Fv2%2Fcomments&post=21026"}],"version-history":[{"count":7,"href":"https:\/\/agpnoticias.com\/news\/index.php?rest_route=\/wp\/v2\/posts\/21026\/revisions"}],"predecessor-version":[{"id":2870357,"href":"https:\/\/agpnoticias.com\/news\/index.php?rest_route=\/wp\/v2\/posts\/21026\/revisions\/2870357"}],"wp:featuredmedia":[{"embeddable":true,"href":"https:\/\/agpnoticias.com\/news\/index.php?rest_route=\/wp\/v2\/media\/21027"}],"wp:attachment":[{"href":"https:\/\/agpnoticias.com\/news\/index.php?rest_route=%2Fwp%2Fv2%2Fmedia&parent=21026"}],"wp:term":[{"taxonomy":"category","embeddable":true,"href":"https:\/\/agpnoticias.com\/news\/index.php?rest_route=%2Fwp%2Fv2%2Fcategories&post=21026"},{"taxonomy":"post_tag","embeddable":true,"href":"https:\/\/agpnoticias.com\/news\/index.php?rest_route=%2Fwp%2Fv2%2Ftags&post=21026"}],"curies":[{"name":"wp","href":"https:\/\/api.w.org\/{rel}","templated":true}]}}