{"id":2107,"date":"2011-01-27T13:30:30","date_gmt":"2011-01-27T21:30:30","guid":{"rendered":"http:\/\/agpnoticias.com\/news\/?p=2107"},"modified":"2011-01-27T13:47:44","modified_gmt":"2011-01-27T21:47:44","slug":"1-de-febrerodel-2011-se-realizara-el-primer-juicio-oral-en-la-historia-de-baja-california","status":"publish","type":"post","link":"https:\/\/agpnoticias.com\/news\/?p=2107","title":{"rendered":"1 de febrero del 2011 se realizara el primer juicio oral en la historia de Baja California"},"content":{"rendered":"<p>ENSENADA, Mexico.-El pr\u00f3ximo martes primero de febrero, se realizar\u00e1 el primer juicio oral en la historia de Baja California, desde que se implement\u00f3 el Nuevo Sistema de Justicia Penal, el pasado 11 de agosto.<\/p>\n<p>La presidenta del Tribunal del Tribunal Superior de Justicia y del Consejo de la Judicatura, Mar\u00eda Esther Renter\u00eda Ibarra inform\u00f3 que dio la instrucci\u00f3n a los administradores judiciales Marcos P\u00e9rez N\u00fa\u00f1ez y Luis Villarreal Ontiveros para que apoyen a los jueces en la parte log\u00edstica y que se realice el juicio oral sin contratiempos.<!--more--><\/p>\n<p>El Tribunal que celebrar\u00e1 la Audiencia de Debate de Juicio Oral, qued\u00f3 integrado por los se\u00f1ores jueces Juan Salvador Morones Pichardo, en su calidad de Juez Presidente, el licenciado Gerardo Aceves Salazar, en su calidad de Juez Relator y licenciado Luciano Angulo Espinoza, en su calidad de Juez Tercer Integrante.<\/p>\n<p>Ah\u00ed se determinar\u00e1 la situaci\u00f3n jur\u00eddica de un imputado, a quien se le acusa de que el pasado 15 de agosto del a\u00f1o 2010, haber sido el autor del robo de un veh\u00edculo marca Ford Windstar, modelo 1995.<\/p>\n<p>Actualmente el imputado se encuentra sujeto a medidas cautelares que son las relativas a no salir de la ciudad y del pa\u00eds y firmar semanalmente ante la Unidad de Seguimiento y Vigilancia de Medidas Cautelares de esta Unidad Judicial.<\/p>\n<p>El juicio oral iniciar\u00e1 a las diez de la ma\u00f1ana, en la sala 6 del Centro de Justicia, ubicado en la Calzada de los Presidentes, en la zona del R\u00edo Nuevo, en Mexicali, B.C. AGP\/STR<\/p>\n<p>DESCARGAR FOTO EN: <a href=\"http:\/\/www.agpnoticias.com\/pictures\">www.agpnoticias.com\/pictures<\/a><\/p>\n","protected":false},"excerpt":{"rendered":"<p>ENSENADA, Mexico.-El pr\u00f3ximo martes primero de febrero, se realizar\u00e1 el primer juicio oral en la&#8230;<\/p>\n","protected":false},"author":1,"featured_media":2108,"comment_status":"open","ping_status":"open","sticky":false,"template":"","format":"standard","meta":{"footnotes":""},"categories":[1],"tags":[],"class_list":["post-2107","post","type-post","status-publish","format-standard","has-post-thumbnail","hentry","category-uncategorized"],"_links":{"self":[{"href":"https:\/\/agpnoticias.com\/news\/index.php?rest_route=\/wp\/v2\/posts\/2107","targetHints":{"allow":["GET"]}}],"collection":[{"href":"https:\/\/agpnoticias.com\/news\/index.php?rest_route=\/wp\/v2\/posts"}],"about":[{"href":"https:\/\/agpnoticias.com\/news\/index.php?rest_route=\/wp\/v2\/types\/post"}],"author":[{"embeddable":true,"href":"https:\/\/agpnoticias.com\/news\/index.php?rest_route=\/wp\/v2\/users\/1"}],"replies":[{"embeddable":true,"href":"https:\/\/agpnoticias.com\/news\/index.php?rest_route=%2Fwp%2Fv2%2Fcomments&post=2107"}],"version-history":[{"count":3,"href":"https:\/\/agpnoticias.com\/news\/index.php?rest_route=\/wp\/v2\/posts\/2107\/revisions"}],"predecessor-version":[{"id":2112,"href":"https:\/\/agpnoticias.com\/news\/index.php?rest_route=\/wp\/v2\/posts\/2107\/revisions\/2112"}],"wp:featuredmedia":[{"embeddable":true,"href":"https:\/\/agpnoticias.com\/news\/index.php?rest_route=\/wp\/v2\/media\/2108"}],"wp:attachment":[{"href":"https:\/\/agpnoticias.com\/news\/index.php?rest_route=%2Fwp%2Fv2%2Fmedia&parent=2107"}],"wp:term":[{"taxonomy":"category","embeddable":true,"href":"https:\/\/agpnoticias.com\/news\/index.php?rest_route=%2Fwp%2Fv2%2Fcategories&post=2107"},{"taxonomy":"post_tag","embeddable":true,"href":"https:\/\/agpnoticias.com\/news\/index.php?rest_route=%2Fwp%2Fv2%2Ftags&post=2107"}],"curies":[{"name":"wp","href":"https:\/\/api.w.org\/{rel}","templated":true}]}}