{"id":21201,"date":"2012-12-12T21:55:38","date_gmt":"2012-12-13T04:55:38","guid":{"rendered":"http:\/\/agpnoticias.com\/news\/?p=21201"},"modified":"2013-03-01T20:13:45","modified_gmt":"2013-03-02T03:13:45","slug":"le-piden-al-gobernador-empastar-el-gil-ojeda","status":"publish","type":"post","link":"https:\/\/agpnoticias.com\/news\/?p=21201","title":{"rendered":"Le piden al Gobernador empastar el Gil Ojeda"},"content":{"rendered":"<p>Ensenada, Baja California.- Entre todos los escenarios para la pr\u00e1ctica de futbol de Ensenada, el campo infantil Gil Ojeda es el que por derecho tendr\u00eda que contar con pasto sint\u00e9tico.<\/p>\n<figure id=\"attachment_21203\" aria-describedby=\"caption-attachment-21203\" style=\"width: 450px\" class=\"wp-caption alignleft\"><a href=\"http:\/\/agpnoticias.com\/news\/wp-content\/uploads\/2012\/12\/Pavel-Alvarado-entrenador-de-futbol-promover\u00e1-la-instalaci\u00f3n-del-pasto-sint\u00e9tico-en-el-campo-Gil-Ojeda.jpg\"><img fetchpriority=\"high\" decoding=\"async\" class=\"size-large wp-image-21203\" title=\"Pavel Alvarado, entrenador de futbol, promover\u00e1 la instalaci\u00f3n del pasto sint\u00e9tico en el campo Gil Ojeda\" src=\"http:\/\/agpnoticias.com\/news\/wp-content\/uploads\/2012\/12\/Pavel-Alvarado-entrenador-de-futbol-promover\u00e1-la-instalaci\u00f3n-del-pasto-sint\u00e9tico-en-el-campo-Gil-Ojeda-450x300.jpg\" alt=\"\" width=\"450\" height=\"300\" srcset=\"https:\/\/agpnoticias.com\/news\/wp-content\/uploads\/2012\/12\/Pavel-Alvarado-entrenador-de-futbol-promover\u00e1-la-instalaci\u00f3n-del-pasto-sint\u00e9tico-en-el-campo-Gil-Ojeda-450x300.jpg 450w, https:\/\/agpnoticias.com\/news\/wp-content\/uploads\/2012\/12\/Pavel-Alvarado-entrenador-de-futbol-promover\u00e1-la-instalaci\u00f3n-del-pasto-sint\u00e9tico-en-el-campo-Gil-Ojeda-300x200.jpg 300w\" sizes=\"(max-width: 450px) 100vw, 450px\" \/><\/a><figcaption id=\"caption-attachment-21203\" class=\"wp-caption-text\">Pavel Alvarado, entrenador de futbol, promover\u00e1 la instalaci\u00f3n del pasto sint\u00e9tico en el campo Gil Ojeda<\/figcaption><\/figure>\n<p>As\u00ed se lo manifest\u00f3 el promotor del equipo Real Azteca, Pavel Alvarado Ojeda, al Gobernador de Baja California, Jos\u00e9 Guadalupe Osuna Mill\u00e1n, durante la inauguraci\u00f3n del empastado sint\u00e9tico en el campo tres de Ciudad Deportiva.<\/p>\n<p>\u201cLe dijimos al gobernador que ya es tiempo de atender ese campo que ha visto pasar a todos los futbolistas de Ensenada desde las categor\u00edas infantiles\u201d, indic\u00f3 el entrenador de las selecciones de futbol del estado.<\/p>\n<p>La cancha, dijo, es mucho m\u00e1s peque\u00f1o que los campos que ya se han empastado en Ensenada con dimensiones de ochenta por sesenta metros y \u201ceso facilitar\u00eda la inversi\u00f3n\u201d.<\/p>\n<p>Pavel Alvarado sostuvo que el terreno del campo Gil Ojeda, ubicado en la calle 15, se encuentra en regla, luego de ser donado por el ex alcalde David Ojeda Ochoa a un particular que decidi\u00f3 conservarlo para los futbolistas de Ensenada desde hace varias d\u00e9cadas.<\/p>\n<p>El Gobernador le recomend\u00f3 al promotor que inicie los tr\u00e1mites ante el Secretario de Desarrollo Social de Gobierno del Estado, Pablo Alejo L\u00f3pez N\u00fa\u00f1ez.<\/p>\n","protected":false},"excerpt":{"rendered":"<p>Ensenada, Baja California.- Entre todos los escenarios para la pr\u00e1ctica de futbol de Ensenada, el&#8230;<\/p>\n","protected":false},"author":1,"featured_media":21202,"comment_status":"closed","ping_status":"closed","sticky":false,"template":"","format":"standard","meta":{"footnotes":""},"categories":[1,7,32],"tags":[],"class_list":["post-21201","post","type-post","status-publish","format-standard","has-post-thumbnail","hentry","category-uncategorized","category-deportes","category-soccer"],"_links":{"self":[{"href":"https:\/\/agpnoticias.com\/news\/index.php?rest_route=\/wp\/v2\/posts\/21201","targetHints":{"allow":["GET"]}}],"collection":[{"href":"https:\/\/agpnoticias.com\/news\/index.php?rest_route=\/wp\/v2\/posts"}],"about":[{"href":"https:\/\/agpnoticias.com\/news\/index.php?rest_route=\/wp\/v2\/types\/post"}],"author":[{"embeddable":true,"href":"https:\/\/agpnoticias.com\/news\/index.php?rest_route=\/wp\/v2\/users\/1"}],"replies":[{"embeddable":true,"href":"https:\/\/agpnoticias.com\/news\/index.php?rest_route=%2Fwp%2Fv2%2Fcomments&post=21201"}],"version-history":[{"count":5,"href":"https:\/\/agpnoticias.com\/news\/index.php?rest_route=\/wp\/v2\/posts\/21201\/revisions"}],"predecessor-version":[{"id":24799,"href":"https:\/\/agpnoticias.com\/news\/index.php?rest_route=\/wp\/v2\/posts\/21201\/revisions\/24799"}],"wp:featuredmedia":[{"embeddable":true,"href":"https:\/\/agpnoticias.com\/news\/index.php?rest_route=\/wp\/v2\/media\/21202"}],"wp:attachment":[{"href":"https:\/\/agpnoticias.com\/news\/index.php?rest_route=%2Fwp%2Fv2%2Fmedia&parent=21201"}],"wp:term":[{"taxonomy":"category","embeddable":true,"href":"https:\/\/agpnoticias.com\/news\/index.php?rest_route=%2Fwp%2Fv2%2Fcategories&post=21201"},{"taxonomy":"post_tag","embeddable":true,"href":"https:\/\/agpnoticias.com\/news\/index.php?rest_route=%2Fwp%2Fv2%2Ftags&post=21201"}],"curies":[{"name":"wp","href":"https:\/\/api.w.org\/{rel}","templated":true}]}}