{"id":21207,"date":"2012-12-12T22:38:02","date_gmt":"2012-12-13T05:38:02","guid":{"rendered":"http:\/\/agpnoticias.com\/news\/?p=21207"},"modified":"2012-12-12T22:49:11","modified_gmt":"2012-12-13T05:49:11","slug":"exporta-ensenadense-talento-juvenil","status":"publish","type":"post","link":"https:\/\/agpnoticias.com\/news\/?p=21207","title":{"rendered":"Exporta Ensenada talento juvenil"},"content":{"rendered":"<p>Ensenada, Baja California.- Los futbolistas ensenadenses Juan Carlos Lucero y Jos\u00e9 Luis Fisher son aspirantes a convertirse en integrantes de las fuerzas b\u00e1sicas de los equipos madrile\u00f1os Rayo Vallecano y Atl\u00e9tico de Madrid.<\/p>\n<figure id=\"attachment_21209\" aria-describedby=\"caption-attachment-21209\" style=\"width: 150px\" class=\"wp-caption alignleft\"><a href=\"http:\/\/agpnoticias.com\/news\/wp-content\/uploads\/2012\/12\/Juan-Carlos-Lucero-jugador-ensenadense.jpg\"><img decoding=\"async\" class=\"size-thumbnail wp-image-21209\" title=\"Juan Carlos Lucero reportar\u00e1 con fuerzas b\u00e1sicas de Rayo Vallecano\" src=\"http:\/\/agpnoticias.com\/news\/wp-content\/uploads\/2012\/12\/Juan-Carlos-Lucero-jugador-ensenadense-150x150.jpg\" alt=\"\" width=\"150\" height=\"150\" srcset=\"https:\/\/agpnoticias.com\/news\/wp-content\/uploads\/2012\/12\/Juan-Carlos-Lucero-jugador-ensenadense-150x150.jpg 150w, https:\/\/agpnoticias.com\/news\/wp-content\/uploads\/2012\/12\/Juan-Carlos-Lucero-jugador-ensenadense-50x50.jpg 50w\" sizes=\"(max-width: 150px) 100vw, 150px\" \/><\/a><figcaption id=\"caption-attachment-21209\" class=\"wp-caption-text\">Juan Carlos Lucero reportar\u00e1 con fuerzas b\u00e1sicas de Rayo Vallecano<\/figcaption><\/figure>\n<p>Ambos forman parte del proyecto establecido por un banco espa\u00f1ol en M\u00e9xico, bajo la coordinaci\u00f3n de Chucho Ram\u00edrez, a trav\u00e9s del cual fueron incorporados al plantel de segunda divisi\u00f3n Real Sociedad Deportivo Alcal\u00e1.<\/p>\n<p>\u201cEstuve entrenando dos meses con el Deportivo Alcal\u00e1 y en un juego contra el Real Madrid me vieron unos (visores) del Real Madrid, met\u00ed dos goles y me invitaron a entrenar con ellos al siguiente d\u00eda\u201d, dijo Juan Carlos Lucero.<\/p>\n<figure id=\"attachment_21210\" aria-describedby=\"caption-attachment-21210\" style=\"width: 150px\" class=\"wp-caption alignright\"><a href=\"http:\/\/agpnoticias.com\/news\/wp-content\/uploads\/2012\/12\/Jos\u00e9-Luis-Fisher-jugador-ensenadense-que-aspira-a-jugar-en-fuerzas-b\u00e1sicas.jpg\"><img decoding=\"async\" class=\"size-thumbnail wp-image-21210\" title=\"Jos\u00e9 Luis Fisher, jugador ensenadense que aspira a jugar en fuerzas b\u00e1sicas\" src=\"http:\/\/agpnoticias.com\/news\/wp-content\/uploads\/2012\/12\/Jos\u00e9-Luis-Fisher-jugador-ensenadense-que-aspira-a-jugar-en-fuerzas-b\u00e1sicas-150x150.jpg\" alt=\"\" width=\"150\" height=\"150\" srcset=\"https:\/\/agpnoticias.com\/news\/wp-content\/uploads\/2012\/12\/Jos\u00e9-Luis-Fisher-jugador-ensenadense-que-aspira-a-jugar-en-fuerzas-b\u00e1sicas-150x150.jpg 150w, https:\/\/agpnoticias.com\/news\/wp-content\/uploads\/2012\/12\/Jos\u00e9-Luis-Fisher-jugador-ensenadense-que-aspira-a-jugar-en-fuerzas-b\u00e1sicas-50x50.jpg 50w\" sizes=\"(max-width: 150px) 100vw, 150px\" \/><\/a><figcaption id=\"caption-attachment-21210\" class=\"wp-caption-text\">Jos\u00e9 Luis Fisher, jugador ensenadense que aspira a jugar en fuerzas b\u00e1sicas<\/figcaption><\/figure>\n<p>El mediocampista de 17 a\u00f1os de edad, surgido del equipo ensenadense Real Azteca, explic\u00f3 que \u201cser\u00e1 en enero, ya que pasen las fiestas, cuando me llamar\u00e1n para saber cu\u00e1ndo reporto\u201d.<\/p>\n<p>En el caso de Jos\u00e9 Luis Fisher Escobar la convocatoria al Atl\u00e9tico de Madrid fue similar a la de su paisano, pues cuando jugaba con el Deportivo Alcal\u00e1 tuvo uno de sus mejores juegos y anot\u00f3 un gol frente a la filial de Rayo Vallecano.<\/p>\n<p>\u201cJusto a ese juego fueron los enviados del Atl\u00e9tico y les gust\u00f3 mi estilo de dribling y la manera de hacer goles\u201d, coment\u00f3 el delantero de 15 a\u00f1os producto del equipo Rayados de Ensenada.<\/p>\n<p>En enero, Jos\u00e9 Luis Fisher conocer\u00e1 su futuro en la organizaci\u00f3n colchonera.<\/p>\n<p>&nbsp;<\/p>\n<p><strong>Portero de Santos<\/strong><\/p>\n<p>Otro jugador de Ensenada que ha destacado en fuerzas b\u00e1sicas de un equipo profesional es el defensor del plantel Sub 17 de Santos Laguna, \u00d3scar Manzanares.<\/p>\n<p>El zaguero reci\u00e9n lleg\u00f3 a Ensenada despu\u00e9s de jugar la final de la categor\u00eda frente al campe\u00f3n Pachuca.<\/p>\n<p>Desde que juega en Torre\u00f3n, el futbolista de 17 a\u00f1os, cuyos inicios fueron en Real Azteca, ha sido titular en el once lagunero.<\/p>\n","protected":false},"excerpt":{"rendered":"<p>Ensenada, Baja California.- Los futbolistas ensenadenses Juan Carlos Lucero y Jos\u00e9 Luis Fisher son aspirantes&#8230;<\/p>\n","protected":false},"author":1,"featured_media":21208,"comment_status":"closed","ping_status":"closed","sticky":false,"template":"","format":"standard","meta":{"footnotes":""},"categories":[1,7,32],"tags":[],"class_list":["post-21207","post","type-post","status-publish","format-standard","has-post-thumbnail","hentry","category-uncategorized","category-deportes","category-soccer"],"_links":{"self":[{"href":"https:\/\/agpnoticias.com\/news\/index.php?rest_route=\/wp\/v2\/posts\/21207","targetHints":{"allow":["GET"]}}],"collection":[{"href":"https:\/\/agpnoticias.com\/news\/index.php?rest_route=\/wp\/v2\/posts"}],"about":[{"href":"https:\/\/agpnoticias.com\/news\/index.php?rest_route=\/wp\/v2\/types\/post"}],"author":[{"embeddable":true,"href":"https:\/\/agpnoticias.com\/news\/index.php?rest_route=\/wp\/v2\/users\/1"}],"replies":[{"embeddable":true,"href":"https:\/\/agpnoticias.com\/news\/index.php?rest_route=%2Fwp%2Fv2%2Fcomments&post=21207"}],"version-history":[{"count":3,"href":"https:\/\/agpnoticias.com\/news\/index.php?rest_route=\/wp\/v2\/posts\/21207\/revisions"}],"predecessor-version":[{"id":21212,"href":"https:\/\/agpnoticias.com\/news\/index.php?rest_route=\/wp\/v2\/posts\/21207\/revisions\/21212"}],"wp:featuredmedia":[{"embeddable":true,"href":"https:\/\/agpnoticias.com\/news\/index.php?rest_route=\/wp\/v2\/media\/21208"}],"wp:attachment":[{"href":"https:\/\/agpnoticias.com\/news\/index.php?rest_route=%2Fwp%2Fv2%2Fmedia&parent=21207"}],"wp:term":[{"taxonomy":"category","embeddable":true,"href":"https:\/\/agpnoticias.com\/news\/index.php?rest_route=%2Fwp%2Fv2%2Fcategories&post=21207"},{"taxonomy":"post_tag","embeddable":true,"href":"https:\/\/agpnoticias.com\/news\/index.php?rest_route=%2Fwp%2Fv2%2Ftags&post=21207"}],"curies":[{"name":"wp","href":"https:\/\/api.w.org\/{rel}","templated":true}]}}