{"id":21213,"date":"2012-12-12T22:47:09","date_gmt":"2012-12-13T05:47:09","guid":{"rendered":"http:\/\/agpnoticias.com\/news\/?p=21213"},"modified":"2012-12-19T00:23:38","modified_gmt":"2012-12-19T07:23:38","slug":"robby-por-el-dominio-en-dakar","status":"publish","type":"post","link":"https:\/\/agpnoticias.com\/news\/?p=21213","title":{"rendered":"Robby por el dominio en Dakar"},"content":{"rendered":"<p>Ensenada, Baja California.- La edici\u00f3n 35 del exigente Rally Dakar tendr\u00e1 a un invitado de lujo, mismo que se ha robado el coraz\u00f3n de los sudamericanos, Robby Gordon.<\/p>\n<p>Tras superar las pruebas por parte de oficiales de la A.S.O. acerca de su Hummer, la \u201cBala\u201d fue aceptada formalmente para estar en la salida simb\u00f3lica en Lima, Per\u00fa, con lo que est\u00e1 decidido finalmente a conquistar la cima del Rally.<\/p>\n<figure id=\"attachment_21215\" aria-describedby=\"caption-attachment-21215\" style=\"width: 450px\" class=\"wp-caption alignleft\"><a href=\"http:\/\/agpnoticias.com\/news\/wp-content\/uploads\/2012\/12\/A-partir-del-5-de-enero-se-ver\u00e1-en-acci\u00f3n-a-Robby-Gordon-en-Sudam\u00e9rica.jpg\"><img fetchpriority=\"high\" decoding=\"async\" class=\"size-large wp-image-21215\" title=\"A partir del 5 de enero se ver\u00e1 en acci\u00f3n a Robby Gordon en Sudam\u00e9rica\" alt=\"\" src=\"http:\/\/agpnoticias.com\/news\/wp-content\/uploads\/2012\/12\/A-partir-del-5-de-enero-se-ver\u00e1-en-acci\u00f3n-a-Robby-Gordon-en-Sudam\u00e9rica-450x300.jpg\" width=\"450\" height=\"300\" srcset=\"https:\/\/agpnoticias.com\/news\/wp-content\/uploads\/2012\/12\/A-partir-del-5-de-enero-se-ver\u00e1-en-acci\u00f3n-a-Robby-Gordon-en-Sudam\u00e9rica-450x300.jpg 450w, https:\/\/agpnoticias.com\/news\/wp-content\/uploads\/2012\/12\/A-partir-del-5-de-enero-se-ver\u00e1-en-acci\u00f3n-a-Robby-Gordon-en-Sudam\u00e9rica-300x200.jpg 300w, https:\/\/agpnoticias.com\/news\/wp-content\/uploads\/2012\/12\/A-partir-del-5-de-enero-se-ver\u00e1-en-acci\u00f3n-a-Robby-Gordon-en-Sudam\u00e9rica.jpg 800w\" sizes=\"(max-width: 450px) 100vw, 450px\" \/><\/a><figcaption id=\"caption-attachment-21215\" class=\"wp-caption-text\">A partir del 5 de enero se ver\u00e1 en acci\u00f3n a Robby Gordon en Sudam\u00e9rica<\/figcaption><\/figure>\n<p>La estrella del Off-Road y de Baja, tendr\u00e1 como navegante a bordo de su Hummer H3 a Kellon Walch a lo largo de las 4970 millas en las que comprenda la traves\u00eda que comenzar\u00e1 en Per\u00fa, luego pasar\u00e1 a Argentina y finalizar\u00e1 en Chile.<\/p>\n<p>Para Gordon, es el momento perfecto para capturar el triunfo absoluto en el Dakar y el a\u00f1o pasado demostr\u00f3 eso, al ganar varias etapas y contar con tiempos por encima de Stephane Peterhansel, con quien se enfrasc\u00f3 en un duelo personal al llamarlo este \u00faltimo un tramposo.<\/p>\n<p>Ser\u00e1n 14 d\u00edas de carrera y 1 de descanso para poder ver la bandera a cuadros en Santiago de Chile, por lo que Robby intentar\u00e1 meter presi\u00f3n desde el principio y posiblemente cuente con un segundo Hummer en esta competencia.<\/p>\n<p>Precisamente el otro H3 ya fue aprobado por los oficiales del Dakar y el equipo Gordon esta a la espera de ver alg\u00fan posible cliente para que se una a la aventura de la carrera todo terreno m\u00e1s complicada del mundo, el Rally Dakar.<\/p>\n<p>&nbsp;<\/p>\n<p>Fotos: Cortes\u00eda de Kevin Wilson\/Speed Energy<\/p>\n","protected":false},"excerpt":{"rendered":"<p>Ensenada, Baja California.- La edici\u00f3n 35 del exigente Rally Dakar tendr\u00e1 a un invitado de&#8230;<\/p>\n","protected":false},"author":1,"featured_media":21214,"comment_status":"closed","ping_status":"closed","sticky":false,"template":"","format":"standard","meta":{"footnotes":""},"categories":[1,37,7],"tags":[],"class_list":["post-21213","post","type-post","status-publish","format-standard","has-post-thumbnail","hentry","category-uncategorized","category-off-road","category-deportes"],"_links":{"self":[{"href":"https:\/\/agpnoticias.com\/news\/index.php?rest_route=\/wp\/v2\/posts\/21213","targetHints":{"allow":["GET"]}}],"collection":[{"href":"https:\/\/agpnoticias.com\/news\/index.php?rest_route=\/wp\/v2\/posts"}],"about":[{"href":"https:\/\/agpnoticias.com\/news\/index.php?rest_route=\/wp\/v2\/types\/post"}],"author":[{"embeddable":true,"href":"https:\/\/agpnoticias.com\/news\/index.php?rest_route=\/wp\/v2\/users\/1"}],"replies":[{"embeddable":true,"href":"https:\/\/agpnoticias.com\/news\/index.php?rest_route=%2Fwp%2Fv2%2Fcomments&post=21213"}],"version-history":[{"count":4,"href":"https:\/\/agpnoticias.com\/news\/index.php?rest_route=\/wp\/v2\/posts\/21213\/revisions"}],"predecessor-version":[{"id":21471,"href":"https:\/\/agpnoticias.com\/news\/index.php?rest_route=\/wp\/v2\/posts\/21213\/revisions\/21471"}],"wp:featuredmedia":[{"embeddable":true,"href":"https:\/\/agpnoticias.com\/news\/index.php?rest_route=\/wp\/v2\/media\/21214"}],"wp:attachment":[{"href":"https:\/\/agpnoticias.com\/news\/index.php?rest_route=%2Fwp%2Fv2%2Fmedia&parent=21213"}],"wp:term":[{"taxonomy":"category","embeddable":true,"href":"https:\/\/agpnoticias.com\/news\/index.php?rest_route=%2Fwp%2Fv2%2Fcategories&post=21213"},{"taxonomy":"post_tag","embeddable":true,"href":"https:\/\/agpnoticias.com\/news\/index.php?rest_route=%2Fwp%2Fv2%2Ftags&post=21213"}],"curies":[{"name":"wp","href":"https:\/\/api.w.org\/{rel}","templated":true}]}}