{"id":21244,"date":"2012-12-13T16:48:54","date_gmt":"2012-12-13T23:48:54","guid":{"rendered":"http:\/\/agpnoticias.com\/news\/?p=21244"},"modified":"2012-12-13T16:48:54","modified_gmt":"2012-12-13T23:48:54","slug":"a-punto-de-entregarse-despues-de-cinco-meses-el-cepillo-salgado","status":"publish","type":"post","link":"https:\/\/agpnoticias.com\/news\/?p=21244","title":{"rendered":"A punto de entregarse, despu\u00e9s de cinco meses, el \u00abCepillo\u00bb Salgado"},"content":{"rendered":"<p>Ensenada, Baja California.- En espera de que el clima y la agenda de las autoridades estatales lo permitan, dentro de unos d\u00edas ser\u00e1 estrenado el pasto sint\u00e9tico del campo de Softbol Manuel \u201cCepillo\u201d\u00a0 Salgado despu\u00e9s de cinco meses de labores.<\/p>\n<figure id=\"attachment_21248\" aria-describedby=\"caption-attachment-21248\" style=\"width: 450px\" class=\"wp-caption alignleft\"><a href=\"http:\/\/agpnoticias.com\/news\/wp-content\/uploads\/2012\/12\/En-julio-inici\u00f3-la-rehabilitaci\u00f3n-del-campo-Manuel-Cepillo-Salgado1.jpg\"><img fetchpriority=\"high\" decoding=\"async\" class=\"size-large wp-image-21248\" title=\"En julio inici\u00f3 la rehabilitaci\u00f3n del campo Manuel Cepillo Salgado\" src=\"http:\/\/agpnoticias.com\/news\/wp-content\/uploads\/2012\/12\/En-julio-inici\u00f3-la-rehabilitaci\u00f3n-del-campo-Manuel-Cepillo-Salgado1-450x300.jpg\" alt=\"\" width=\"450\" height=\"300\" srcset=\"https:\/\/agpnoticias.com\/news\/wp-content\/uploads\/2012\/12\/En-julio-inici\u00f3-la-rehabilitaci\u00f3n-del-campo-Manuel-Cepillo-Salgado1-450x300.jpg 450w, https:\/\/agpnoticias.com\/news\/wp-content\/uploads\/2012\/12\/En-julio-inici\u00f3-la-rehabilitaci\u00f3n-del-campo-Manuel-Cepillo-Salgado1-300x200.jpg 300w, https:\/\/agpnoticias.com\/news\/wp-content\/uploads\/2012\/12\/En-julio-inici\u00f3-la-rehabilitaci\u00f3n-del-campo-Manuel-Cepillo-Salgado1.jpg 634w\" sizes=\"(max-width: 450px) 100vw, 450px\" \/><\/a><figcaption id=\"caption-attachment-21248\" class=\"wp-caption-text\">En julio inici\u00f3 la rehabilitaci\u00f3n del campo Manuel Cepillo Salgado<\/figcaption><\/figure>\n<p>C\u00e9sar Mancillas Amador, ex diputado general que gestion\u00f3 tanto esa obra como los empastados de los campos tres de Ciudad Deportiva y Maneadero, inform\u00f3 que \u201cel \u00b4Cepillo\u00b4 Salgado ya est\u00e1 casi listo y se entregar\u00e1 dentro de unos d\u00edas\u201d.<\/p>\n<p>Para estrenar el espacio en el que se invirtieron tres millones y medio de pesos, \u201cya nos invitaron a un jueguito y como al Gobernador (Jos\u00e9 Guadalupe Osuna Mill\u00e1n) le gusta el Softbol, esperamos que participe\u201d.<\/p>\n<figure id=\"attachment_21250\" aria-describedby=\"caption-attachment-21250\" style=\"width: 300px\" class=\"wp-caption alignright\"><a href=\"http:\/\/agpnoticias.com\/news\/wp-content\/uploads\/2012\/12\/C\u00e9sar-Mancillas-ex-diputado-federal-gestion\u00f3-la-remodelaci\u00f3n-de-varios-espacios-incluido-el-campo-Manuel-Cepillo-Salgado.jpg\"><img decoding=\"async\" class=\"size-medium wp-image-21250\" title=\"C\u00e9sar Mancillas, ex diputado federal, gestion\u00f3 la remodelaci\u00f3n de varios espacios, incluido el campo Manuel Cepillo Salgado\" src=\"http:\/\/agpnoticias.com\/news\/wp-content\/uploads\/2012\/12\/C\u00e9sar-Mancillas-ex-diputado-federal-gestion\u00f3-la-remodelaci\u00f3n-de-varios-espacios-incluido-el-campo-Manuel-Cepillo-Salgado-300x200.jpg\" alt=\"\" width=\"300\" height=\"200\" srcset=\"https:\/\/agpnoticias.com\/news\/wp-content\/uploads\/2012\/12\/C\u00e9sar-Mancillas-ex-diputado-federal-gestion\u00f3-la-remodelaci\u00f3n-de-varios-espacios-incluido-el-campo-Manuel-Cepillo-Salgado-300x200.jpg 300w, https:\/\/agpnoticias.com\/news\/wp-content\/uploads\/2012\/12\/C\u00e9sar-Mancillas-ex-diputado-federal-gestion\u00f3-la-remodelaci\u00f3n-de-varios-espacios-incluido-el-campo-Manuel-Cepillo-Salgado-450x300.jpg 450w, https:\/\/agpnoticias.com\/news\/wp-content\/uploads\/2012\/12\/C\u00e9sar-Mancillas-ex-diputado-federal-gestion\u00f3-la-remodelaci\u00f3n-de-varios-espacios-incluido-el-campo-Manuel-Cepillo-Salgado.jpg 640w\" sizes=\"(max-width: 300px) 100vw, 300px\" \/><\/a><figcaption id=\"caption-attachment-21250\" class=\"wp-caption-text\">C\u00e9sar Mancillas, ex diputado federal, gestion\u00f3 la remodelaci\u00f3n de varios espacios, incluido el campo Manuel \u00abCepillo\u00bb Salgado<\/figcaption><\/figure>\n<p>El ex alcalde de Ensenada dijo sentirse \u201corgulloso de haber contribuido a que Ensenada tenga m\u00e1s espacios dignos para la pr\u00e1ctica del deporte\u201d.<\/p>\n<p>\u201cTratamos de beneficiar espacios que realmente lo requirieran, como son los campos de futbol que ya se entregaron y el de softbol\u201d, coment\u00f3.<\/p>\n<p>Ya cumplido su ciclo como diputado federal, C\u00e9sar Mancillas lament\u00f3 que \u201ccuando aprend\u00ed a gestionar y conseguir apoyos, se me acab\u00f3 el tiempo y me tuve que ir, pero lo importante es que dejamos estos espacios a los deportistas de la ciudad\u201d.<\/p>\n<p>El campo Manuel \u201cCepillo\u201d\u00a0 Salgado, ubicado en la avenida M\u00e9xico casi esquina con Delante, es sede de la Liga Municipal de Softbol de Ensenada.<\/p>\n","protected":false},"excerpt":{"rendered":"<p>Ensenada, Baja California.- En espera de que el clima y la agenda de las autoridades&#8230;<\/p>\n","protected":false},"author":1,"featured_media":21247,"comment_status":"closed","ping_status":"closed","sticky":false,"template":"","format":"standard","meta":{"footnotes":""},"categories":[1,7],"tags":[],"class_list":["post-21244","post","type-post","status-publish","format-standard","has-post-thumbnail","hentry","category-uncategorized","category-deportes"],"_links":{"self":[{"href":"https:\/\/agpnoticias.com\/news\/index.php?rest_route=\/wp\/v2\/posts\/21244","targetHints":{"allow":["GET"]}}],"collection":[{"href":"https:\/\/agpnoticias.com\/news\/index.php?rest_route=\/wp\/v2\/posts"}],"about":[{"href":"https:\/\/agpnoticias.com\/news\/index.php?rest_route=\/wp\/v2\/types\/post"}],"author":[{"embeddable":true,"href":"https:\/\/agpnoticias.com\/news\/index.php?rest_route=\/wp\/v2\/users\/1"}],"replies":[{"embeddable":true,"href":"https:\/\/agpnoticias.com\/news\/index.php?rest_route=%2Fwp%2Fv2%2Fcomments&post=21244"}],"version-history":[{"count":2,"href":"https:\/\/agpnoticias.com\/news\/index.php?rest_route=\/wp\/v2\/posts\/21244\/revisions"}],"predecessor-version":[{"id":21251,"href":"https:\/\/agpnoticias.com\/news\/index.php?rest_route=\/wp\/v2\/posts\/21244\/revisions\/21251"}],"wp:featuredmedia":[{"embeddable":true,"href":"https:\/\/agpnoticias.com\/news\/index.php?rest_route=\/wp\/v2\/media\/21247"}],"wp:attachment":[{"href":"https:\/\/agpnoticias.com\/news\/index.php?rest_route=%2Fwp%2Fv2%2Fmedia&parent=21244"}],"wp:term":[{"taxonomy":"category","embeddable":true,"href":"https:\/\/agpnoticias.com\/news\/index.php?rest_route=%2Fwp%2Fv2%2Fcategories&post=21244"},{"taxonomy":"post_tag","embeddable":true,"href":"https:\/\/agpnoticias.com\/news\/index.php?rest_route=%2Fwp%2Fv2%2Ftags&post=21244"}],"curies":[{"name":"wp","href":"https:\/\/api.w.org\/{rel}","templated":true}]}}