{"id":21267,"date":"2012-12-13T19:14:03","date_gmt":"2012-12-14T02:14:03","guid":{"rendered":"http:\/\/agpnoticias.com\/news\/?p=21267"},"modified":"2017-01-18T14:49:18","modified_gmt":"2017-01-18T22:49:18","slug":"perez-vertti-mas-o-menos-en-su-debut-mundialista","status":"publish","type":"post","link":"https:\/\/agpnoticias.com\/news\/?p=21267","title":{"rendered":"P\u00e9rez Vertti \u00abm\u00e1s o menos\u00bb en su debut mundialista"},"content":{"rendered":"<p>Ensenada, Baja California.- Arturo P\u00e9rez Vertti se ubic\u00f3 en el lugar 48 de los 200 metros durante su debut en el Campeonato Mundial de Nataci\u00f3n Curso Corto con sede en Estambul, Turqu\u00eda.<\/p>\n<p>El nadador ensenadense cronometr\u00f3 1:51 durante la prueba ganada por el estadounidense Ryan Lochte (1:41.92).<\/p>\n<figure id=\"attachment_21269\" aria-describedby=\"caption-attachment-21269\" style=\"width: 450px\" class=\"wp-caption alignleft\"><a href=\"http:\/\/agpnoticias.com\/news\/wp-content\/uploads\/2012\/12\/Arturo-P\u00e9rez-Vertti-regresa-a-la-actividad-el-viernes.jpg\"><img fetchpriority=\"high\" decoding=\"async\" class=\"size-large wp-image-21269\" title=\"Arturo P\u00e9rez Vertti regresa a la actividad el viernes\" src=\"http:\/\/agpnoticias.com\/news\/wp-content\/uploads\/2012\/12\/Arturo-P\u00e9rez-Vertti-regresa-a-la-actividad-el-viernes-450x300.jpg\" alt=\"\" width=\"450\" height=\"300\" srcset=\"https:\/\/agpnoticias.com\/news\/wp-content\/uploads\/2012\/12\/Arturo-P\u00e9rez-Vertti-regresa-a-la-actividad-el-viernes-450x300.jpg 450w, https:\/\/agpnoticias.com\/news\/wp-content\/uploads\/2012\/12\/Arturo-P\u00e9rez-Vertti-regresa-a-la-actividad-el-viernes-300x200.jpg 300w\" sizes=\"(max-width: 450px) 100vw, 450px\" \/><\/a><figcaption id=\"caption-attachment-21269\" class=\"wp-caption-text\">Arturo P\u00e9rez Vertti regresa a la actividad el viernes<\/figcaption><\/figure>\n<p>\u201cMe fue m\u00e1s o menos, termin\u00e9 en la posici\u00f3n 48, en el 200 era ir soltando los nervios para mis pruebas de 400 y 1,500\u201d, refiri\u00f3 el seleccionado nacional ol\u00edmpico por M\u00e9xico en Londres 2012.<\/p>\n<p>El viernes, Arturo P\u00e9rez Vertti, ahora dirigido por el norteamericano Bil Rose en reemplazo de Ascanio Fern\u00e1ndez Pinto, competir\u00e1 en los 400 metros libres.<\/p>\n<p>Su participaci\u00f3n en el Mundial finalizar\u00e1 el domingo con su actuaci\u00f3n en los mil 500 metros, prueba en la que el nadador nacido en Ensenada se ha especializado.<\/p>\n<p>En los Juegos Panamericanos de Guadalajara, P\u00e9rez Vertti fue cuarto lugar de la distancia, mientras que en Juegos Ol\u00edmpicos concluy\u00f3 en la posici\u00f3n 22.<\/p>\n<p>Informaci\u00f3n: Instituto del Deporte de Baja California (INDE).<\/p>\n","protected":false},"excerpt":{"rendered":"<p>Ensenada, Baja California.- Arturo P\u00e9rez Vertti se ubic\u00f3 en el lugar 48 de los 200&#8230;<\/p>\n","protected":false},"author":1,"featured_media":21268,"comment_status":"closed","ping_status":"closed","sticky":false,"template":"","format":"standard","meta":{"footnotes":""},"categories":[1,7,705],"tags":[],"class_list":["post-21267","post","type-post","status-publish","format-standard","has-post-thumbnail","hentry","category-uncategorized","category-deportes","category-natacion"],"_links":{"self":[{"href":"https:\/\/agpnoticias.com\/news\/index.php?rest_route=\/wp\/v2\/posts\/21267","targetHints":{"allow":["GET"]}}],"collection":[{"href":"https:\/\/agpnoticias.com\/news\/index.php?rest_route=\/wp\/v2\/posts"}],"about":[{"href":"https:\/\/agpnoticias.com\/news\/index.php?rest_route=\/wp\/v2\/types\/post"}],"author":[{"embeddable":true,"href":"https:\/\/agpnoticias.com\/news\/index.php?rest_route=\/wp\/v2\/users\/1"}],"replies":[{"embeddable":true,"href":"https:\/\/agpnoticias.com\/news\/index.php?rest_route=%2Fwp%2Fv2%2Fcomments&post=21267"}],"version-history":[{"count":2,"href":"https:\/\/agpnoticias.com\/news\/index.php?rest_route=\/wp\/v2\/posts\/21267\/revisions"}],"predecessor-version":[{"id":2871298,"href":"https:\/\/agpnoticias.com\/news\/index.php?rest_route=\/wp\/v2\/posts\/21267\/revisions\/2871298"}],"wp:featuredmedia":[{"embeddable":true,"href":"https:\/\/agpnoticias.com\/news\/index.php?rest_route=\/wp\/v2\/media\/21268"}],"wp:attachment":[{"href":"https:\/\/agpnoticias.com\/news\/index.php?rest_route=%2Fwp%2Fv2%2Fmedia&parent=21267"}],"wp:term":[{"taxonomy":"category","embeddable":true,"href":"https:\/\/agpnoticias.com\/news\/index.php?rest_route=%2Fwp%2Fv2%2Fcategories&post=21267"},{"taxonomy":"post_tag","embeddable":true,"href":"https:\/\/agpnoticias.com\/news\/index.php?rest_route=%2Fwp%2Fv2%2Ftags&post=21267"}],"curies":[{"name":"wp","href":"https:\/\/api.w.org\/{rel}","templated":true}]}}