{"id":2126765,"date":"2014-12-11T00:32:08","date_gmt":"2014-12-11T08:32:08","guid":{"rendered":"http:\/\/agpnoticias.com\/news\/?p=2126765"},"modified":"2014-12-11T15:07:45","modified_gmt":"2014-12-11T23:07:45","slug":"triunfo-unanime-para-el-gusano-en-copa-guerrero-azteca","status":"publish","type":"post","link":"https:\/\/agpnoticias.com\/news\/?p=2126765","title":{"rendered":"Triunfo un\u00e1nime para \u00abEl Gusano\u00bb en Copa Guerrero Azteca"},"content":{"rendered":"<figure id=\"attachment_2126796\" aria-describedby=\"caption-attachment-2126796\" style=\"width: 800px\" class=\"wp-caption aligncenter\"><a href=\"http:\/\/agpnoticias.com\/news\/wp-content\/uploads\/2014\/12\/Jos\u00e9-Alejandro-Burgos-gan\u00f3-su-primer-combate.jpg\"><img fetchpriority=\"high\" decoding=\"async\" class=\"size-full wp-image-2126796\" src=\"http:\/\/agpnoticias.com\/news\/wp-content\/uploads\/2014\/12\/Jos\u00e9-Alejandro-Burgos-gan\u00f3-su-primer-combate.jpg\" alt=\"Jos\u00e9 Alejandro Burgos gan\u00f3 su primer combate\" width=\"800\" height=\"544\" srcset=\"https:\/\/agpnoticias.com\/news\/wp-content\/uploads\/2014\/12\/Jos\u00e9-Alejandro-Burgos-gan\u00f3-su-primer-combate.jpg 800w, https:\/\/agpnoticias.com\/news\/wp-content\/uploads\/2014\/12\/Jos\u00e9-Alejandro-Burgos-gan\u00f3-su-primer-combate-200x136.jpg 200w, https:\/\/agpnoticias.com\/news\/wp-content\/uploads\/2014\/12\/Jos\u00e9-Alejandro-Burgos-gan\u00f3-su-primer-combate-600x408.jpg 600w, https:\/\/agpnoticias.com\/news\/wp-content\/uploads\/2014\/12\/Jos\u00e9-Alejandro-Burgos-gan\u00f3-su-primer-combate-300x204.jpg 300w, https:\/\/agpnoticias.com\/news\/wp-content\/uploads\/2014\/12\/Jos\u00e9-Alejandro-Burgos-gan\u00f3-su-primer-combate-128x87.jpg 128w, https:\/\/agpnoticias.com\/news\/wp-content\/uploads\/2014\/12\/Jos\u00e9-Alejandro-Burgos-gan\u00f3-su-primer-combate-32x21.jpg 32w\" sizes=\"(max-width: 800px) 100vw, 800px\" \/><\/a><figcaption id=\"caption-attachment-2126796\" class=\"wp-caption-text\">Jos\u00e9 Alejandro Burgos gan\u00f3 su primer combate<\/figcaption><\/figure>\n<p>Tijuana, Baja California.- El ensenadense Jos\u00e9 Alejandro Burgos Ferrer inici\u00f3 con \u00e9xito su participaci\u00f3n en la Copa Guerrero Azteca que se disputa en el Grand Hotel de Tijuana.<\/p>\n<p>El ganador de las medallas de oro en la Olimpiada Nacional y el Campeonato Nacional de Boxeo de Primera Fuerza venci\u00f3 por decisi\u00f3n un\u00e1nime al dominicano Carlos D\u00edaz.<\/p>\n<p>\u00abNos dijeron que era uno de los favoritos de su categor\u00eda (49 kilogramos) y s\u00ed estuvo muy duro, fue una pelea fuerte, pero la sac\u00f3 adelante\u00bb, dijo Hugo D\u00edaz, responsable de preparar a \u00abEl Gusano\u00bb en\u00a0 camino a la Copa Guerrero Azteca.<\/p>\n<p>Jos\u00e9 Alejandro Burgos, convocado por M\u00e9xico para la disputa de la Liga Mundial de Boxeo en 2015, busca refrendar el t\u00edtulo ganado en 2013 cuando derrot\u00f3 en la final a Joselito Vel\u00e1zquez en el Centro de Alto Rendimiento de Tijuana (CAR).<\/p>\n<p>El peleador formado en el gimnasio que en vida dirigi\u00f3 Ram\u00f3n Marchena Marchena, volver\u00e1 a la actividad el s\u00e1bado, a\u00fan con rival por definir.<\/p>\n<p>La segunda edici\u00f3n de la Copa Guerrero Azteca inici\u00f3 el mi\u00e9rcoles y continuar\u00e1 el jueves, antes de la pausa durante el viernes.<\/p>\n<p>El fin de semana se disputar\u00e1n las finales entre los representantes de las naciones invitadas, como Puerto Rico.<\/p>\n","protected":false},"excerpt":{"rendered":"<p>Tijuana, Baja California.- El ensenadense Jos\u00e9 Alejandro Burgos Ferrer inici\u00f3 con \u00e9xito su participaci\u00f3n en&#8230;<\/p>\n","protected":false},"author":1,"featured_media":2126796,"comment_status":"closed","ping_status":"closed","sticky":false,"template":"","format":"standard","meta":{"footnotes":""},"categories":[1,36,73,7],"tags":[],"class_list":["post-2126765","post","type-post","status-publish","format-standard","has-post-thumbnail","hentry","category-uncategorized","category-boxeo","category-deportebajacalifornia","category-deportes"],"_links":{"self":[{"href":"https:\/\/agpnoticias.com\/news\/index.php?rest_route=\/wp\/v2\/posts\/2126765","targetHints":{"allow":["GET"]}}],"collection":[{"href":"https:\/\/agpnoticias.com\/news\/index.php?rest_route=\/wp\/v2\/posts"}],"about":[{"href":"https:\/\/agpnoticias.com\/news\/index.php?rest_route=\/wp\/v2\/types\/post"}],"author":[{"embeddable":true,"href":"https:\/\/agpnoticias.com\/news\/index.php?rest_route=\/wp\/v2\/users\/1"}],"replies":[{"embeddable":true,"href":"https:\/\/agpnoticias.com\/news\/index.php?rest_route=%2Fwp%2Fv2%2Fcomments&post=2126765"}],"version-history":[{"count":3,"href":"https:\/\/agpnoticias.com\/news\/index.php?rest_route=\/wp\/v2\/posts\/2126765\/revisions"}],"predecessor-version":[{"id":2134027,"href":"https:\/\/agpnoticias.com\/news\/index.php?rest_route=\/wp\/v2\/posts\/2126765\/revisions\/2134027"}],"wp:featuredmedia":[{"embeddable":true,"href":"https:\/\/agpnoticias.com\/news\/index.php?rest_route=\/wp\/v2\/media\/2126796"}],"wp:attachment":[{"href":"https:\/\/agpnoticias.com\/news\/index.php?rest_route=%2Fwp%2Fv2%2Fmedia&parent=2126765"}],"wp:term":[{"taxonomy":"category","embeddable":true,"href":"https:\/\/agpnoticias.com\/news\/index.php?rest_route=%2Fwp%2Fv2%2Fcategories&post=2126765"},{"taxonomy":"post_tag","embeddable":true,"href":"https:\/\/agpnoticias.com\/news\/index.php?rest_route=%2Fwp%2Fv2%2Ftags&post=2126765"}],"curies":[{"name":"wp","href":"https:\/\/api.w.org\/{rel}","templated":true}]}}