{"id":21274,"date":"2012-12-13T23:13:31","date_gmt":"2012-12-14T06:13:31","guid":{"rendered":"http:\/\/agpnoticias.com\/news\/?p=21274"},"modified":"2012-12-13T23:13:54","modified_gmt":"2012-12-14T06:13:54","slug":"exigen-los-vildosola-restitucion-de-su-triunfo-en-la-baja-1000","status":"publish","type":"post","link":"https:\/\/agpnoticias.com\/news\/?p=21274","title":{"rendered":"Exigen los Vild\u00f3sola restituci\u00f3n de su triunfo en la Baja 1000"},"content":{"rendered":"<p>Mexicali, Baja California.- Despu\u00e9s de la revocaci\u00f3n del triunfo de Gustavo y Tavo Vild\u00f3sola durante la pasada Baja Mil, los titulares del equipo mexicalense manifestaron su inconformidad y exigieron que Score International les restituya el t\u00edtulo.<\/p>\n<p>Padre e hijo, titulares de Vild\u00f3sola Racing, califican el escrito como \u201cun claro y en\u00e9rgico mensaje\u201d en desacuerdo por la sanci\u00f3n de 90 minutos que finalmente dej\u00f3 la victoria en la categor\u00eda Trophy Trucks en poder de B.J. Baldwin y los rezag\u00f3 hasta la octava posici\u00f3n.<\/p>\n<figure id=\"attachment_21276\" aria-describedby=\"caption-attachment-21276\" style=\"width: 450px\" class=\"wp-caption alignleft\"><a href=\"http:\/\/agpnoticias.com\/news\/wp-content\/uploads\/2012\/12\/Los-Vild\u00f3sola-respondieron-a-la-sanci\u00f3n-de-Score-International.jpg\"><img fetchpriority=\"high\" decoding=\"async\" class=\"size-large wp-image-21276\" title=\"Los Vild\u00f3sola respondieron a la sanci\u00f3n de Score International\" src=\"http:\/\/agpnoticias.com\/news\/wp-content\/uploads\/2012\/12\/Los-Vild\u00f3sola-respondieron-a-la-sanci\u00f3n-de-Score-International-450x300.jpg\" alt=\"\" width=\"450\" height=\"300\" srcset=\"https:\/\/agpnoticias.com\/news\/wp-content\/uploads\/2012\/12\/Los-Vild\u00f3sola-respondieron-a-la-sanci\u00f3n-de-Score-International-450x300.jpg 450w, https:\/\/agpnoticias.com\/news\/wp-content\/uploads\/2012\/12\/Los-Vild\u00f3sola-respondieron-a-la-sanci\u00f3n-de-Score-International-300x200.jpg 300w, https:\/\/agpnoticias.com\/news\/wp-content\/uploads\/2012\/12\/Los-Vild\u00f3sola-respondieron-a-la-sanci\u00f3n-de-Score-International.jpg 634w\" sizes=\"(max-width: 450px) 100vw, 450px\" \/><\/a><figcaption id=\"caption-attachment-21276\" class=\"wp-caption-text\">Los Vild\u00f3sola respondieron a la sanci\u00f3n de Score International<\/figcaption><\/figure>\n<p>El castigo, argumentado por un video en el que se aprecia la asistencia que los Vild\u00f3sola recibieron sobre la carretera n\u00famero cinco entre Mexicali y San Felipe, dej\u00f3 el tiempo de la escuder\u00eda bajacaliforniana en 21 horas 15 minutos, por las 20 horas 59 minutos de Baldwin.<\/p>\n<p>Ante esto, los afectados expresaron su malestar por \u201cla manera como se manej\u00f3 la situaci\u00f3n por parte de Score, Sal Fish y Paul Fish\u201d.<\/p>\n<p>Adem\u00e1s de considerar injusta la sanci\u00f3n, los Vild\u00f3sola se\u00f1alan que la decisi\u00f3n afecta la reputaci\u00f3n y el nombre, que \u201cvenimos cuidando por varias generaciones\u201d.<\/p>\n<p>Por \u00faltimo, tras calificar a Score International como una organizaci\u00f3n que ha dejado de ser seria e imparcial, exigen que el fallo sea rectificado, aun cuando en el escrito no exponen explicaci\u00f3n alguna sobre el hecho que gener\u00f3 el castigo.<\/p>\n<p><strong>Comunicado enviado por Vild\u00f3sola Racing.<\/strong><\/p>\n<p>Hace algunos d\u00edas SCORE decidi\u00f3 castigarnos con 90 minutos y as\u00ed despojarnos del primer lugar absoluto de la Baja 1000 edici\u00f3n 2012. Queremos que sirva este comunicado como un claro y en\u00e9rgico mensaje de que NO ESTAMOS DE ACUERDO con la sanci\u00f3n ni con la manera como se manej\u00f3 la situaci\u00f3n por parte de SCORE, Sal Fish y Paul Fish. Consideramos que el castigo es injusto y no solamente eso, si no que trasciende el esquema deportivo, afecta nuestra reputaci\u00f3n y nuestro nombre, el cual venimos cuidando orgullosamente por varias generaciones.<\/p>\n<p>Sobra decir que estamos profundamente decepcionados de esta situaci\u00f3n. No corremos por trofeos, dinero, premios, no es nuestro trabajo. Se corre por prestigio, se corre por la familia, por nuestros aficionados y por M\u00e9xico.<\/p>\n<p>Para la familia Vild\u00f3sola Racing correr en Baja California es un orgullo. Es correr en casa. Agradecemos a todas las personas que nos han apoyado a lo largo de estos a\u00f1os y sobretodo a los que nos siguen apoyando. Orgullosamente decimos que si hemos llegado a ser un buen equipo es gracias a ustedes.<\/p>\n<p>Hemos sido un promotor incansable de SCORE y de las carreras de off road en M\u00e9xico, en especial en nuestro estado, Baja California y nuestro estado hermano, Baja California Sur. SCORE ha dejado de ser para nosotros esa organizaci\u00f3n seria e imparcial. Exigimos que en base a que SCORE acept\u00f3 la protesta fuera del tiempo reglamentario y de acuerdo a sus propios estatutos, SCORE se retracte y rectifique su fallo.<\/p>\n<p>&nbsp;<\/p>\n<p>Escrito: cortes\u00eda del portal <a href=\"http:\/\/www.expresodeportivo.com\">www.expresodeportivo.com<\/a><\/p>\n<p>Fotos: Cortes\u00eda de Ernesto Araiza\/www.araiza11.com<\/p>\n<div><\/div>\n","protected":false},"excerpt":{"rendered":"<p>Mexicali, Baja California.- Despu\u00e9s de la revocaci\u00f3n del triunfo de Gustavo y Tavo Vild\u00f3sola durante&#8230;<\/p>\n","protected":false},"author":1,"featured_media":21275,"comment_status":"closed","ping_status":"closed","sticky":false,"template":"","format":"standard","meta":{"footnotes":""},"categories":[1,37,7],"tags":[],"class_list":["post-21274","post","type-post","status-publish","format-standard","has-post-thumbnail","hentry","category-uncategorized","category-off-road","category-deportes"],"_links":{"self":[{"href":"https:\/\/agpnoticias.com\/news\/index.php?rest_route=\/wp\/v2\/posts\/21274","targetHints":{"allow":["GET"]}}],"collection":[{"href":"https:\/\/agpnoticias.com\/news\/index.php?rest_route=\/wp\/v2\/posts"}],"about":[{"href":"https:\/\/agpnoticias.com\/news\/index.php?rest_route=\/wp\/v2\/types\/post"}],"author":[{"embeddable":true,"href":"https:\/\/agpnoticias.com\/news\/index.php?rest_route=\/wp\/v2\/users\/1"}],"replies":[{"embeddable":true,"href":"https:\/\/agpnoticias.com\/news\/index.php?rest_route=%2Fwp%2Fv2%2Fcomments&post=21274"}],"version-history":[{"count":2,"href":"https:\/\/agpnoticias.com\/news\/index.php?rest_route=\/wp\/v2\/posts\/21274\/revisions"}],"predecessor-version":[{"id":21278,"href":"https:\/\/agpnoticias.com\/news\/index.php?rest_route=\/wp\/v2\/posts\/21274\/revisions\/21278"}],"wp:featuredmedia":[{"embeddable":true,"href":"https:\/\/agpnoticias.com\/news\/index.php?rest_route=\/wp\/v2\/media\/21275"}],"wp:attachment":[{"href":"https:\/\/agpnoticias.com\/news\/index.php?rest_route=%2Fwp%2Fv2%2Fmedia&parent=21274"}],"wp:term":[{"taxonomy":"category","embeddable":true,"href":"https:\/\/agpnoticias.com\/news\/index.php?rest_route=%2Fwp%2Fv2%2Fcategories&post=21274"},{"taxonomy":"post_tag","embeddable":true,"href":"https:\/\/agpnoticias.com\/news\/index.php?rest_route=%2Fwp%2Fv2%2Ftags&post=21274"}],"curies":[{"name":"wp","href":"https:\/\/api.w.org\/{rel}","templated":true}]}}