{"id":2132283,"date":"2014-12-11T12:41:24","date_gmt":"2014-12-11T20:41:24","guid":{"rendered":"http:\/\/agpnoticias.com\/news\/?p=2132283"},"modified":"2014-12-11T13:02:08","modified_gmt":"2014-12-11T21:02:08","slug":"volveria-a-la-presentacion-en-el-caliente-pero-de-amarillo","status":"publish","type":"post","link":"https:\/\/agpnoticias.com\/news\/?p=2132283","title":{"rendered":"Volver\u00eda a la presentaci\u00f3n en el Caliente&#8230; pero de amarillo"},"content":{"rendered":"<figure id=\"attachment_2132348\" aria-describedby=\"caption-attachment-2132348\" style=\"width: 800px\" class=\"wp-caption aligncenter\"><a href=\"http:\/\/agpnoticias.com\/news\/volveria-a-la-presentacion-en-el-caliente-pero-de-amarillo\/dario-benedetto-de-acuerdo-a-fox-sports-ya-es-jugador-de-america\/\" rel=\"attachment wp-att-2132348\"><img fetchpriority=\"high\" decoding=\"async\" class=\"size-full wp-image-2132348\" src=\"http:\/\/agpnoticias.com\/news\/wp-content\/uploads\/2014\/12\/Dar\u00edo-Benedetto-de-acuerdo-a-Fox-Sports-ya-es-jugador-de-Am\u00e9rica.jpg\" alt=\"Dar\u00edo Benedetto, de acuerdo a Fox Sports, ya es jugador de Am\u00e9rica\" width=\"800\" height=\"556\" srcset=\"https:\/\/agpnoticias.com\/news\/wp-content\/uploads\/2014\/12\/Dar\u00edo-Benedetto-de-acuerdo-a-Fox-Sports-ya-es-jugador-de-Am\u00e9rica.jpg 800w, https:\/\/agpnoticias.com\/news\/wp-content\/uploads\/2014\/12\/Dar\u00edo-Benedetto-de-acuerdo-a-Fox-Sports-ya-es-jugador-de-Am\u00e9rica-200x139.jpg 200w, https:\/\/agpnoticias.com\/news\/wp-content\/uploads\/2014\/12\/Dar\u00edo-Benedetto-de-acuerdo-a-Fox-Sports-ya-es-jugador-de-Am\u00e9rica-600x417.jpg 600w, https:\/\/agpnoticias.com\/news\/wp-content\/uploads\/2014\/12\/Dar\u00edo-Benedetto-de-acuerdo-a-Fox-Sports-ya-es-jugador-de-Am\u00e9rica-300x208.jpg 300w, https:\/\/agpnoticias.com\/news\/wp-content\/uploads\/2014\/12\/Dar\u00edo-Benedetto-de-acuerdo-a-Fox-Sports-ya-es-jugador-de-Am\u00e9rica-128x88.jpg 128w, https:\/\/agpnoticias.com\/news\/wp-content\/uploads\/2014\/12\/Dar\u00edo-Benedetto-de-acuerdo-a-Fox-Sports-ya-es-jugador-de-Am\u00e9rica-32x22.jpg 32w\" sizes=\"(max-width: 800px) 100vw, 800px\" \/><\/a><figcaption id=\"caption-attachment-2132348\" class=\"wp-caption-text\">Dar\u00edo Benedetto, de acuerdo a Fox Sports, ya es jugador de Am\u00e9rica<\/figcaption><\/figure>\n<p>Tijuana, Baja California.- Dar\u00edo Benedetto jugar\u00e1 el primer encuentro del Torneo Clausura 2015 en el Estadio Caliente, pero lo har\u00e1 con otra camisteta, la de Am\u00e9rica.<\/p>\n<p>Lo anterior si se confirma la noticia revelada por la cadena Fox Sports sobre la salida del delantero argentino de Xoloitzcuintles de Tijuana para sumarse a las filas de uno de los finalistas del futbol mexicano.<\/p>\n<p>El acuerdo entre Am\u00e9rica y el tambi\u00e9n ex delantero de Arsenal de Sarand\u00ed, seg\u00fan la informaci\u00f3n, ser\u00eda por cuatro a\u00f1os y ocho millones de d\u00f3lares.<\/p>\n<p>Con la llegada de Dar\u00edo Benedetto y el arribo inminente de Darwin Quintero, Am\u00e9rica reforzar\u00eda su ataque, mientras que el lateral paraguayo Miguel Samudio llegar\u00e1 a cubrir la posible partida a Europa de Miguel Lay\u00fan.<\/p>\n<p>Fox Sports tambi\u00e9n dio por hecho la contrataci\u00f3n de Gustavo Matosas como reemplazo de Antonio Mohamed a partir del domingo, en cuanto termine la final del futbol mexicano que Am\u00e9rica disputa ante Tigres.<\/p>\n","protected":false},"excerpt":{"rendered":"<p>Tijuana, Baja California.- Dar\u00edo Benedetto jugar\u00e1 el primer encuentro del Torneo Clausura 2015 en el&#8230;<\/p>\n","protected":false},"author":1,"featured_media":2132348,"comment_status":"closed","ping_status":"closed","sticky":false,"template":"","format":"standard","meta":{"footnotes":""},"categories":[1,7,32,17],"tags":[],"class_list":["post-2132283","post","type-post","status-publish","format-standard","has-post-thumbnail","hentry","category-uncategorized","category-deportes","category-soccer","category-xolos-de-tijuana"],"_links":{"self":[{"href":"https:\/\/agpnoticias.com\/news\/index.php?rest_route=\/wp\/v2\/posts\/2132283","targetHints":{"allow":["GET"]}}],"collection":[{"href":"https:\/\/agpnoticias.com\/news\/index.php?rest_route=\/wp\/v2\/posts"}],"about":[{"href":"https:\/\/agpnoticias.com\/news\/index.php?rest_route=\/wp\/v2\/types\/post"}],"author":[{"embeddable":true,"href":"https:\/\/agpnoticias.com\/news\/index.php?rest_route=\/wp\/v2\/users\/1"}],"replies":[{"embeddable":true,"href":"https:\/\/agpnoticias.com\/news\/index.php?rest_route=%2Fwp%2Fv2%2Fcomments&post=2132283"}],"version-history":[{"count":3,"href":"https:\/\/agpnoticias.com\/news\/index.php?rest_route=\/wp\/v2\/posts\/2132283\/revisions"}],"predecessor-version":[{"id":2132385,"href":"https:\/\/agpnoticias.com\/news\/index.php?rest_route=\/wp\/v2\/posts\/2132283\/revisions\/2132385"}],"wp:featuredmedia":[{"embeddable":true,"href":"https:\/\/agpnoticias.com\/news\/index.php?rest_route=\/wp\/v2\/media\/2132348"}],"wp:attachment":[{"href":"https:\/\/agpnoticias.com\/news\/index.php?rest_route=%2Fwp%2Fv2%2Fmedia&parent=2132283"}],"wp:term":[{"taxonomy":"category","embeddable":true,"href":"https:\/\/agpnoticias.com\/news\/index.php?rest_route=%2Fwp%2Fv2%2Fcategories&post=2132283"},{"taxonomy":"post_tag","embeddable":true,"href":"https:\/\/agpnoticias.com\/news\/index.php?rest_route=%2Fwp%2Fv2%2Ftags&post=2132283"}],"curies":[{"name":"wp","href":"https:\/\/api.w.org\/{rel}","templated":true}]}}