{"id":2132800,"date":"2014-12-11T13:25:06","date_gmt":"2014-12-11T21:25:06","guid":{"rendered":"http:\/\/agpnoticias.com\/news\/?p=2132800"},"modified":"2014-12-11T13:28:33","modified_gmt":"2014-12-11T21:28:33","slug":"que-el-caliente-vuelva-a-rugir-en-el-clausura-2015-palou","status":"publish","type":"post","link":"https:\/\/agpnoticias.com\/news\/?p=2132800","title":{"rendered":"Que el Caliente vuelva a rugir en el Clausura 2015: Palou"},"content":{"rendered":"<figure id=\"attachment_2132830\" aria-describedby=\"caption-attachment-2132830\" style=\"width: 800px\" class=\"wp-caption aligncenter\"><a href=\"http:\/\/agpnoticias.com\/news\/que-el-caliente-vuelva-a-rugir-en-el-clausura-2015-palou\/ignacio-palou-prometio-protagonismo-en-el-clausura-2015\/\" rel=\"attachment wp-att-2132830\"><img fetchpriority=\"high\" decoding=\"async\" class=\"size-full wp-image-2132830\" src=\"http:\/\/agpnoticias.com\/news\/wp-content\/uploads\/2014\/12\/Ignacio-Palou-prometi\u00f3-protagonismo-en-el-Clausura-2015.jpg\" alt=\"Ignacio Palou prometi\u00f3 protagonismo en el Clausura 2015\" width=\"800\" height=\"534\" srcset=\"https:\/\/agpnoticias.com\/news\/wp-content\/uploads\/2014\/12\/Ignacio-Palou-prometi\u00f3-protagonismo-en-el-Clausura-2015.jpg 800w, https:\/\/agpnoticias.com\/news\/wp-content\/uploads\/2014\/12\/Ignacio-Palou-prometi\u00f3-protagonismo-en-el-Clausura-2015-200x133.jpg 200w, https:\/\/agpnoticias.com\/news\/wp-content\/uploads\/2014\/12\/Ignacio-Palou-prometi\u00f3-protagonismo-en-el-Clausura-2015-600x400.jpg 600w, https:\/\/agpnoticias.com\/news\/wp-content\/uploads\/2014\/12\/Ignacio-Palou-prometi\u00f3-protagonismo-en-el-Clausura-2015-300x200.jpg 300w, https:\/\/agpnoticias.com\/news\/wp-content\/uploads\/2014\/12\/Ignacio-Palou-prometi\u00f3-protagonismo-en-el-Clausura-2015-128x85.jpg 128w, https:\/\/agpnoticias.com\/news\/wp-content\/uploads\/2014\/12\/Ignacio-Palou-prometi\u00f3-protagonismo-en-el-Clausura-2015-32x21.jpg 32w\" sizes=\"(max-width: 800px) 100vw, 800px\" \/><\/a><figcaption id=\"caption-attachment-2132830\" class=\"wp-caption-text\">Ignacio Palou prometi\u00f3 protagonismo en el Clausura 2015<\/figcaption><\/figure>\n<p>Tijuana, Baja California.- Para recuperar el nivel que el equipo alcanz\u00f3 dos a\u00f1os atr\u00e1s, Ignacio Palou sabe que Xoloitzcuintles de Tijuana tiene que volver a convertir el Estadio Caliente en una fortaleza.<\/p>\n<p>Sin embargo, s\u00f3lo en uno de los m\u00e1s recientes cuatro torneos, desde que el conjunto fue campe\u00f3n en el Apertura 2012, se ha logrado la calificaci\u00f3n. Por eso, el director deportivo del equipo, acept\u00f3 la deuda hacia la afici\u00f3n.<\/p>\n<p>\u00abSabemos que son ellos una fuerza muy importante dentro de nuestro equipo, que son\u00a0 el aliento que necesita y este empuje se convierte en un jugador m\u00e1s cuando es necesario\u00bb, dijo.<\/p>\n<p>El titular del proyecto deportivo que ha entregado un ascenso, un t\u00edtulo de primera divisi\u00f3n y la clasificaci\u00f3n a octavos de final en la Copa Libertadores 2012-2013, agreg\u00f3 que \u00abel estadio es un estadio que pesa, no solamente por la geograf\u00eda, por los viajes tan largos que tienen que hacer los rivales, sino que cuando ruge el Caliente, realmente le pesa al rival\u00bb.<\/p>\n<p>\u00abEntonces, debemos entregarles buenas cuentas a ellos como aficionados\u00a0 para seguir haciendo valer la condici\u00f3n de local, para seguir construyendo de la mano y juntos un equipo competitivo y que nos represente de una manera muy digna\u00bb, apunt\u00f3.<\/p>\n<p>En lo deportivo, con la permanencia de Daniel Guzm\u00e1n en la direcci\u00f3n t\u00e9cnica, el objetivo ser\u00e1 \u00abmantener ese est\u00e1ndar de calidad\u00bb.<\/p>\n<p>\u00abCreo que debemos estar en conexi\u00f3n total, porque en estos rubros de los que se mencionan, para poder lograr un ascenso, un campeonato, participar de manera muy honrada en la Copa Libertadores, se necesita estar en conexi\u00f3n total, cuerpo t\u00e9cnico, jugadores, directiva, afici\u00f3n\u00bb, refiri\u00f3.<\/p>\n<p>Para el torneo que inicia la segunda semana de enero, el directivo adelant\u00f3 que el plantel ser\u00e1 integrado por \u00abjugadores comprometidos, que sientan la playera y la defiendan a muerte\u00bb.<\/p>\n<p><em>Informaci\u00f3n y fotograf\u00eda: Club Tijuana Xoloitzcuintles de Caliente.<\/em><\/p>\n<p>&nbsp;<\/p>\n","protected":false},"excerpt":{"rendered":"<p>Tijuana, Baja California.- Para recuperar el nivel que el equipo alcanz\u00f3 dos a\u00f1os atr\u00e1s, Ignacio&#8230;<\/p>\n","protected":false},"author":1,"featured_media":2132830,"comment_status":"closed","ping_status":"closed","sticky":false,"template":"","format":"standard","meta":{"footnotes":""},"categories":[1,7,32,17],"tags":[],"class_list":["post-2132800","post","type-post","status-publish","format-standard","has-post-thumbnail","hentry","category-uncategorized","category-deportes","category-soccer","category-xolos-de-tijuana"],"_links":{"self":[{"href":"https:\/\/agpnoticias.com\/news\/index.php?rest_route=\/wp\/v2\/posts\/2132800","targetHints":{"allow":["GET"]}}],"collection":[{"href":"https:\/\/agpnoticias.com\/news\/index.php?rest_route=\/wp\/v2\/posts"}],"about":[{"href":"https:\/\/agpnoticias.com\/news\/index.php?rest_route=\/wp\/v2\/types\/post"}],"author":[{"embeddable":true,"href":"https:\/\/agpnoticias.com\/news\/index.php?rest_route=\/wp\/v2\/users\/1"}],"replies":[{"embeddable":true,"href":"https:\/\/agpnoticias.com\/news\/index.php?rest_route=%2Fwp%2Fv2%2Fcomments&post=2132800"}],"version-history":[{"count":3,"href":"https:\/\/agpnoticias.com\/news\/index.php?rest_route=\/wp\/v2\/posts\/2132800\/revisions"}],"predecessor-version":[{"id":2132878,"href":"https:\/\/agpnoticias.com\/news\/index.php?rest_route=\/wp\/v2\/posts\/2132800\/revisions\/2132878"}],"wp:featuredmedia":[{"embeddable":true,"href":"https:\/\/agpnoticias.com\/news\/index.php?rest_route=\/wp\/v2\/media\/2132830"}],"wp:attachment":[{"href":"https:\/\/agpnoticias.com\/news\/index.php?rest_route=%2Fwp%2Fv2%2Fmedia&parent=2132800"}],"wp:term":[{"taxonomy":"category","embeddable":true,"href":"https:\/\/agpnoticias.com\/news\/index.php?rest_route=%2Fwp%2Fv2%2Fcategories&post=2132800"},{"taxonomy":"post_tag","embeddable":true,"href":"https:\/\/agpnoticias.com\/news\/index.php?rest_route=%2Fwp%2Fv2%2Ftags&post=2132800"}],"curies":[{"name":"wp","href":"https:\/\/api.w.org\/{rel}","templated":true}]}}