{"id":21899,"date":"2012-12-25T18:53:57","date_gmt":"2012-12-26T01:53:57","guid":{"rendered":"http:\/\/agpnoticias.com\/news\/?p=21899"},"modified":"2017-01-18T14:49:15","modified_gmt":"2017-01-18T22:49:15","slug":"historias-2012-perez-vertti-el-olimpico-invitado","status":"publish","type":"post","link":"https:\/\/agpnoticias.com\/news\/?p=21899","title":{"rendered":"Historias 2012: P\u00e9rez Vertti, el ol\u00edmpico invitado"},"content":{"rendered":"<p>Ensenada, Baja California.- No alcanz\u00f3 a dar la llamada marca A. Para consumar esa meta en su prueba m\u00e1s fuerte, los mil 500 metros, necesitaba bajar el cronometro de los 15 minutos y 11 segundos. Al final del proceso, mejor\u00f3 el 15:30 que lo convirti\u00f3 en cuarto lugar de los Juegos Panamericanos 2011 que tuvieron a Guadalajara como sede (15:24.58), a\u00fan lejos de la marca clasificatoria de manera directa.<\/p>\n<figure id=\"attachment_21901\" aria-describedby=\"caption-attachment-21901\" style=\"width: 450px\" class=\"wp-caption alignright\"><a href=\"http:\/\/agpnoticias.com\/news\/wp-content\/uploads\/2012\/12\/El-ensenadense-P\u00e9rez-Vertti-dej\u00f3-atr\u00e1s-Londres-y-ya-voltea-a-R\u00edo-de-Janeiro.jpg\"><img fetchpriority=\"high\" decoding=\"async\" class=\"size-large wp-image-21901\" alt=\"El ensenadense P\u00e9rez Vertti dej\u00f3 atr\u00e1s Londres y ya voltea a R\u00edo de Janeiro\" src=\"http:\/\/agpnoticias.com\/news\/wp-content\/uploads\/2012\/12\/El-ensenadense-P\u00e9rez-Vertti-dej\u00f3-atr\u00e1s-Londres-y-ya-voltea-a-R\u00edo-de-Janeiro-450x300.jpg\" width=\"450\" height=\"300\" srcset=\"https:\/\/agpnoticias.com\/news\/wp-content\/uploads\/2012\/12\/El-ensenadense-P\u00e9rez-Vertti-dej\u00f3-atr\u00e1s-Londres-y-ya-voltea-a-R\u00edo-de-Janeiro-450x300.jpg 450w, https:\/\/agpnoticias.com\/news\/wp-content\/uploads\/2012\/12\/El-ensenadense-P\u00e9rez-Vertti-dej\u00f3-atr\u00e1s-Londres-y-ya-voltea-a-R\u00edo-de-Janeiro-300x200.jpg 300w\" sizes=\"(max-width: 450px) 100vw, 450px\" \/><\/a><figcaption id=\"caption-attachment-21901\" class=\"wp-caption-text\">El ensenadense P\u00e9rez Vertti dej\u00f3 atr\u00e1s Londres y ya voltea a R\u00edo de Janeiro<\/figcaption><\/figure>\n<p>Sin embargo, sus resultados notables como referente de la disciplina en M\u00e9xico concluyeron con la invitaci\u00f3n girada por la Federaci\u00f3n Mexicana de Nataci\u00f3n.\u00a0De esa manera, Arturo P\u00e9rez Vertti marc\u00f3 su historia al convertirse en atleta ol\u00edmpico. Su participaci\u00f3n abri\u00f3 la prueba. Y al concluir las idas y vueltas dentro de la alberca del complejo acu\u00e1tico de Londres toc\u00f3 la meta antes que nadie. Primero de su heat. Luego llegar\u00edan tres grupos m\u00e1s, al t\u00e9rminos de los cuales, el seleccionado nacido en Ensenada vio descender su nombre al n\u00famero 22 durante su debut ol\u00edmpico. El 15:25.91 lo dej\u00f3 lejos de la meta. \u00c9l lo sab\u00eda antes de viajar a Londres. \u201cLos finalistas ser\u00e1n los que bajen de los 15 minutos\u201d. Ahora lo tiene igual de claro que entonces. Esa ser\u00e1 la meta de P\u00e9rez Vertti en R\u00edo de Janeiro, dentro de poco m\u00e1s de tres a\u00f1os.<\/p>\n","protected":false},"excerpt":{"rendered":"<p>Ensenada, Baja California.- No alcanz\u00f3 a dar la llamada marca A. Para consumar esa meta&#8230;<\/p>\n","protected":false},"author":1,"featured_media":21900,"comment_status":"closed","ping_status":"closed","sticky":false,"template":"","format":"standard","meta":{"footnotes":""},"categories":[1,7,705],"tags":[],"class_list":["post-21899","post","type-post","status-publish","format-standard","has-post-thumbnail","hentry","category-uncategorized","category-deportes","category-natacion"],"_links":{"self":[{"href":"https:\/\/agpnoticias.com\/news\/index.php?rest_route=\/wp\/v2\/posts\/21899","targetHints":{"allow":["GET"]}}],"collection":[{"href":"https:\/\/agpnoticias.com\/news\/index.php?rest_route=\/wp\/v2\/posts"}],"about":[{"href":"https:\/\/agpnoticias.com\/news\/index.php?rest_route=\/wp\/v2\/types\/post"}],"author":[{"embeddable":true,"href":"https:\/\/agpnoticias.com\/news\/index.php?rest_route=\/wp\/v2\/users\/1"}],"replies":[{"embeddable":true,"href":"https:\/\/agpnoticias.com\/news\/index.php?rest_route=%2Fwp%2Fv2%2Fcomments&post=21899"}],"version-history":[{"count":3,"href":"https:\/\/agpnoticias.com\/news\/index.php?rest_route=\/wp\/v2\/posts\/21899\/revisions"}],"predecessor-version":[{"id":21931,"href":"https:\/\/agpnoticias.com\/news\/index.php?rest_route=\/wp\/v2\/posts\/21899\/revisions\/21931"}],"wp:featuredmedia":[{"embeddable":true,"href":"https:\/\/agpnoticias.com\/news\/index.php?rest_route=\/wp\/v2\/media\/21900"}],"wp:attachment":[{"href":"https:\/\/agpnoticias.com\/news\/index.php?rest_route=%2Fwp%2Fv2%2Fmedia&parent=21899"}],"wp:term":[{"taxonomy":"category","embeddable":true,"href":"https:\/\/agpnoticias.com\/news\/index.php?rest_route=%2Fwp%2Fv2%2Fcategories&post=21899"},{"taxonomy":"post_tag","embeddable":true,"href":"https:\/\/agpnoticias.com\/news\/index.php?rest_route=%2Fwp%2Fv2%2Ftags&post=21899"}],"curies":[{"name":"wp","href":"https:\/\/api.w.org\/{rel}","templated":true}]}}