{"id":22034,"date":"2012-12-30T02:04:40","date_gmt":"2012-12-30T09:04:40","guid":{"rendered":"http:\/\/agpnoticias.com\/news\/?p=22034"},"modified":"2012-12-30T02:06:29","modified_gmt":"2012-12-30T09:06:29","slug":"pablo-aguilar-el-mejor-futbolista-paraguayo-de-2012","status":"publish","type":"post","link":"https:\/\/agpnoticias.com\/news\/?p=22034","title":{"rendered":"Pablo Aguilar, el mejor futbolista paraguayo de 2012"},"content":{"rendered":"<p>Tijuana, Baja California.- \u00a0Despu\u00e9s de una temporada redonda como jugador de Xoloitzcuintles de Tijuana, Pablo C\u00e9sar Aguilar fue elegido como el futbolista paraguayo del a\u00f1o por el diario ABC de Asunci\u00f3n.<\/p>\n<p>\u201cEs un orgullo muy grande que se siente en el alma porque (ese premio) lo han ganado jugadores muy importantes de mi pa\u00eds\u201d, coment\u00f3 el defensor del equipo campe\u00f3n del futbol mexicano.<\/p>\n<figure id=\"attachment_21980\" aria-describedby=\"caption-attachment-21980\" style=\"width: 450px\" class=\"wp-caption alignright\"><a href=\"http:\/\/agpnoticias.com\/news\/wp-content\/uploads\/2012\/12\/20121229_xolos-12.jpg\"><img fetchpriority=\"high\" decoding=\"async\" class=\"size-large wp-image-21980\" alt=\"El central de Xolos manifest\u00f3 su orgullo por la distinci\u00f3n\" src=\"http:\/\/agpnoticias.com\/news\/wp-content\/uploads\/2012\/12\/20121229_xolos-12-450x300.jpg\" width=\"450\" height=\"300\" srcset=\"https:\/\/agpnoticias.com\/news\/wp-content\/uploads\/2012\/12\/20121229_xolos-12-450x300.jpg 450w, https:\/\/agpnoticias.com\/news\/wp-content\/uploads\/2012\/12\/20121229_xolos-12-300x200.jpg 300w\" sizes=\"(max-width: 450px) 100vw, 450px\" \/><\/a><figcaption id=\"caption-attachment-21980\" class=\"wp-caption-text\">El central de Xolos manifest\u00f3 su orgullo por la distinci\u00f3n<\/figcaption><\/figure>\n<p>El seleccionado nacional guaran\u00ed se incorpor\u00f3 a Xolos seis meses atr\u00e1s para acompa\u00f1ar a Javier Gandolfi en la defensa central del equipo y tambi\u00e9n anot\u00f3 cinco tantos en el Torneo Apertura 2012.<\/p>\n<p>\u201cEs la primera vez que me toca (ganarlo) y por eso me siento m\u00e1s contento y con mayor responsabilidad para hacer las cosas lo mejor posible de aqu\u00ed en adelante\u201d, indic\u00f3.<\/p>\n<p>El ex jugador de Col\u00f3n de Santa Fe tambi\u00e9n ser\u00e1 parte del plantel con el que Tijuana disputar\u00e1 la Copa Libertadores de Am\u00e9rica en el grupo cinco frente a San Jos\u00e9 de Oruro de Bolivia, Millonarios de Colombia y el campe\u00f3n mundial de clubes, Corinthians de Brasil.<\/p>\n<p>\u201cEs un grupo fuerte como todos los grupos en Copa Libertadores; nosotros trataremos de hacernos fuertes como local y rescatar puntos afuera\u201d, apunt\u00f3.<\/p>\n","protected":false},"excerpt":{"rendered":"<p>Tijuana, Baja California.- \u00a0Despu\u00e9s de una temporada redonda como jugador de Xoloitzcuintles de Tijuana, Pablo&#8230;<\/p>\n","protected":false},"author":1,"featured_media":21981,"comment_status":"closed","ping_status":"closed","sticky":false,"template":"","format":"standard","meta":{"footnotes":""},"categories":[1,7,32,17],"tags":[],"class_list":["post-22034","post","type-post","status-publish","format-standard","has-post-thumbnail","hentry","category-uncategorized","category-deportes","category-soccer","category-xolos-de-tijuana"],"_links":{"self":[{"href":"https:\/\/agpnoticias.com\/news\/index.php?rest_route=\/wp\/v2\/posts\/22034","targetHints":{"allow":["GET"]}}],"collection":[{"href":"https:\/\/agpnoticias.com\/news\/index.php?rest_route=\/wp\/v2\/posts"}],"about":[{"href":"https:\/\/agpnoticias.com\/news\/index.php?rest_route=\/wp\/v2\/types\/post"}],"author":[{"embeddable":true,"href":"https:\/\/agpnoticias.com\/news\/index.php?rest_route=\/wp\/v2\/users\/1"}],"replies":[{"embeddable":true,"href":"https:\/\/agpnoticias.com\/news\/index.php?rest_route=%2Fwp%2Fv2%2Fcomments&post=22034"}],"version-history":[{"count":3,"href":"https:\/\/agpnoticias.com\/news\/index.php?rest_route=\/wp\/v2\/posts\/22034\/revisions"}],"predecessor-version":[{"id":22037,"href":"https:\/\/agpnoticias.com\/news\/index.php?rest_route=\/wp\/v2\/posts\/22034\/revisions\/22037"}],"wp:featuredmedia":[{"embeddable":true,"href":"https:\/\/agpnoticias.com\/news\/index.php?rest_route=\/wp\/v2\/media\/21981"}],"wp:attachment":[{"href":"https:\/\/agpnoticias.com\/news\/index.php?rest_route=%2Fwp%2Fv2%2Fmedia&parent=22034"}],"wp:term":[{"taxonomy":"category","embeddable":true,"href":"https:\/\/agpnoticias.com\/news\/index.php?rest_route=%2Fwp%2Fv2%2Fcategories&post=22034"},{"taxonomy":"post_tag","embeddable":true,"href":"https:\/\/agpnoticias.com\/news\/index.php?rest_route=%2Fwp%2Fv2%2Ftags&post=22034"}],"curies":[{"name":"wp","href":"https:\/\/api.w.org\/{rel}","templated":true}]}}