{"id":2311362,"date":"2014-12-29T14:52:09","date_gmt":"2014-12-29T22:52:09","guid":{"rendered":"http:\/\/agpnoticias.com\/news\/?p=2311362"},"modified":"2014-12-29T15:14:45","modified_gmt":"2014-12-29T23:14:45","slug":"historia-2014-la-olimpiada-nacional-de-tonito","status":"publish","type":"post","link":"https:\/\/agpnoticias.com\/news\/?p=2311362","title":{"rendered":"HISTORIAS 2014: La Olimpiada Nacional de \u00abTo\u00f1ito\u00bb"},"content":{"rendered":"<figure id=\"attachment_2311418\" aria-describedby=\"caption-attachment-2311418\" style=\"width: 800px\" class=\"wp-caption aligncenter\"><a href=\"http:\/\/agpnoticias.com\/news\/historia-2014-la-olimpiada-nacional-de-tonito\/tonito-durante-la-prueba-de-salto-en-veracruz\/\" rel=\"attachment wp-att-2311418\"><img fetchpriority=\"high\" decoding=\"async\" class=\"size-full wp-image-2311418\" src=\"http:\/\/agpnoticias.com\/news\/wp-content\/uploads\/2014\/12\/To\u00f1ito-durante-la-prueba-de-salto-en-Veracruz.jpg\" alt=\"To\u00f1ito durante la prueba de salto, en Veracruz\" width=\"800\" height=\"538\" srcset=\"https:\/\/agpnoticias.com\/news\/wp-content\/uploads\/2014\/12\/To\u00f1ito-durante-la-prueba-de-salto-en-Veracruz.jpg 800w, https:\/\/agpnoticias.com\/news\/wp-content\/uploads\/2014\/12\/To\u00f1ito-durante-la-prueba-de-salto-en-Veracruz-200x135.jpg 200w, https:\/\/agpnoticias.com\/news\/wp-content\/uploads\/2014\/12\/To\u00f1ito-durante-la-prueba-de-salto-en-Veracruz-600x404.jpg 600w, https:\/\/agpnoticias.com\/news\/wp-content\/uploads\/2014\/12\/To\u00f1ito-durante-la-prueba-de-salto-en-Veracruz-300x202.jpg 300w, https:\/\/agpnoticias.com\/news\/wp-content\/uploads\/2014\/12\/To\u00f1ito-durante-la-prueba-de-salto-en-Veracruz-128x86.jpg 128w, https:\/\/agpnoticias.com\/news\/wp-content\/uploads\/2014\/12\/To\u00f1ito-durante-la-prueba-de-salto-en-Veracruz-32x22.jpg 32w\" sizes=\"(max-width: 800px) 100vw, 800px\" \/><\/a><figcaption id=\"caption-attachment-2311418\" class=\"wp-caption-text\">To\u00f1ito durante la prueba de salto, en Veracruz<\/figcaption><\/figure>\n<p>Ensenada, Baja California.- En 2014 se consolid\u00f3 un gimnasta\u00a0m\u00e1s de la cantera promovida por Pavel Oceguera en Baja Dynamo.<\/p>\n<p>Durante la Olimpiada Nacional disputada en el puerto de Veracruz durante mayo de 2014, Antonio Hern\u00e1ndez Rodr\u00edguez alcanz\u00f3 cuatro de las cinco medallas de oro ganadas por Baja California durante la competencia de la categor\u00eda Nivel 6.<\/p>\n<figure id=\"attachment_2311428\" aria-describedby=\"caption-attachment-2311428\" style=\"width: 299px\" class=\"wp-caption alignright\"><a href=\"http:\/\/agpnoticias.com\/news\/historia-2014-la-olimpiada-nacional-de-tonito\/antonio-hernandez-con-uno-de-los-oros-ganados-en-la-olimpiada-nacional\/\" rel=\"attachment wp-att-2311428\"><img decoding=\"async\" class=\"size-full wp-image-2311428\" src=\"http:\/\/agpnoticias.com\/news\/wp-content\/uploads\/2014\/12\/Antonio-Hern\u00e1ndez-con-uno-de-los-oros-ganados-en-la-Olimpiada-Nacional.jpg\" alt=\"Antonio Hern\u00e1ndez con uno de los oros ganados en la Olimpiada Nacional\" width=\"299\" height=\"448\" srcset=\"https:\/\/agpnoticias.com\/news\/wp-content\/uploads\/2014\/12\/Antonio-Hern\u00e1ndez-con-uno-de-los-oros-ganados-en-la-Olimpiada-Nacional.jpg 299w, https:\/\/agpnoticias.com\/news\/wp-content\/uploads\/2014\/12\/Antonio-Hern\u00e1ndez-con-uno-de-los-oros-ganados-en-la-Olimpiada-Nacional-133x200.jpg 133w, https:\/\/agpnoticias.com\/news\/wp-content\/uploads\/2014\/12\/Antonio-Hern\u00e1ndez-con-uno-de-los-oros-ganados-en-la-Olimpiada-Nacional-200x300.jpg 200w, https:\/\/agpnoticias.com\/news\/wp-content\/uploads\/2014\/12\/Antonio-Hern\u00e1ndez-con-uno-de-los-oros-ganados-en-la-Olimpiada-Nacional-85x128.jpg 85w, https:\/\/agpnoticias.com\/news\/wp-content\/uploads\/2014\/12\/Antonio-Hern\u00e1ndez-con-uno-de-los-oros-ganados-en-la-Olimpiada-Nacional-21x32.jpg 21w\" sizes=\"(max-width: 299px) 100vw, 299px\" \/><\/a><figcaption id=\"caption-attachment-2311428\" class=\"wp-caption-text\">Antonio Hern\u00e1ndez con uno de los oros ganados en la Olimpiada Nacional<\/figcaption><\/figure>\n<p>Los primeros lugares en piso, arzones y anillos tambi\u00e9n le entregaron a \u00abTo\u00f1ito\u00bb el oro en el concurso all around, adem\u00e1s de dos platas, una en barra fija y otra por equipo.<\/p>\n<p>\u00abLlevo siete a\u00f1os en la gimnasia. Entreno en el gimnasio Baja Dynamo y me siento feliz de haber sacado este resultado en mi segunda Olimpiada Nacional, porque en la primera, en Ensenada, no me fue tan bien\u00bb, coment\u00f3.<\/p>\n<p>A ra\u00edz de que en casa no pudo liderar su categor\u00eda, \u201cdediqu\u00e9 m\u00e1s horas, m\u00e1s tiempo al entrenamiento y todo el avance fue gracias a mi profesor Miguel Valle, que me ha ense\u00f1ado todo lo que pude hacer en esta Olimpiada\u00bb.<\/p>\n<p>En torno a los aparados donde se siente m\u00e1s c\u00f3modo, indic\u00f3: \u00abMe siento mejor en piso, en arzones y barra fija, aunque tambi\u00e9n en barras paralelas donde pude haber ganado el oro, pero por una distracci\u00f3n lo perd\u00ed\u00bb.<\/p>\n<p>En contraste, record\u00f3 que cuando ejecut\u00f3 una notable rutina en piso \u201cempec\u00e9 a sentir que pod\u00eda ganar el all around\u201d.<\/p>\n<p>El gimnasta de 11 a\u00f1os mencion\u00f3 el intenso programa al que se ha visto sujeto para destacar en el alto rendimiento.<\/p>\n<p>\u00abEntreno de ocho a once y media de la ma\u00f1ana, y en la tarde voy de cinco y media a siete y media\u00bb, apunt\u00f3.<\/p>\n<p>Para la Olimpiada Nacional 2015, programada en el estado de Nuevo Le\u00f3n, \u00abTo\u00f1ito\u00bb es una de las apuestas m\u00e1s firmes de la gimnasia varonil de Baja California.<\/p>\n<figure id=\"attachment_2311432\" aria-describedby=\"caption-attachment-2311432\" style=\"width: 800px\" class=\"wp-caption aligncenter\"><a href=\"http:\/\/agpnoticias.com\/news\/historia-2014-la-olimpiada-nacional-de-tonito\/el-gimnasta-junto-a-sus-entrenadores-pavel-oceguera-y-miguel-valle\/\" rel=\"attachment wp-att-2311432\"><img decoding=\"async\" class=\"size-full wp-image-2311432\" src=\"http:\/\/agpnoticias.com\/news\/wp-content\/uploads\/2014\/12\/El-gimnasta-junto-a-sus-entrenadores-Pavel-Oceguera-y-Miguel-Valle.jpg\" alt=\"El gimnasta junto a sus entrenadores Pavel Oceguera y Miguel Valle\" width=\"800\" height=\"533\" srcset=\"https:\/\/agpnoticias.com\/news\/wp-content\/uploads\/2014\/12\/El-gimnasta-junto-a-sus-entrenadores-Pavel-Oceguera-y-Miguel-Valle.jpg 800w, https:\/\/agpnoticias.com\/news\/wp-content\/uploads\/2014\/12\/El-gimnasta-junto-a-sus-entrenadores-Pavel-Oceguera-y-Miguel-Valle-200x133.jpg 200w, https:\/\/agpnoticias.com\/news\/wp-content\/uploads\/2014\/12\/El-gimnasta-junto-a-sus-entrenadores-Pavel-Oceguera-y-Miguel-Valle-600x400.jpg 600w, https:\/\/agpnoticias.com\/news\/wp-content\/uploads\/2014\/12\/El-gimnasta-junto-a-sus-entrenadores-Pavel-Oceguera-y-Miguel-Valle-300x200.jpg 300w, https:\/\/agpnoticias.com\/news\/wp-content\/uploads\/2014\/12\/El-gimnasta-junto-a-sus-entrenadores-Pavel-Oceguera-y-Miguel-Valle-128x85.jpg 128w, https:\/\/agpnoticias.com\/news\/wp-content\/uploads\/2014\/12\/El-gimnasta-junto-a-sus-entrenadores-Pavel-Oceguera-y-Miguel-Valle-32x21.jpg 32w\" sizes=\"(max-width: 800px) 100vw, 800px\" \/><\/a><figcaption id=\"caption-attachment-2311432\" class=\"wp-caption-text\">El gimnasta junto a sus entrenadores Pavel Oceguera y Miguel Valle<\/figcaption><\/figure>\n<p><strong>Puntaciones de Antonio Hern\u00e1ndez en la Olimpiada Nacional<\/strong><\/p>\n<p>All Around: 66.05<\/p>\n<p>Piso: 11.60<\/p>\n<p>Arzones: 10.95<\/p>\n<p>Anillo: 11.00<\/p>\n<p>Salto: 9.65<\/p>\n<p>Barra Paralelas: 11.35<\/p>\n<p>Barra Fija: 11.50<\/p>\n","protected":false},"excerpt":{"rendered":"<p>Ensenada, Baja California.- En 2014 se consolid\u00f3 un gimnasta\u00a0m\u00e1s de la cantera promovida por Pavel&#8230;<\/p>\n","protected":false},"author":1,"featured_media":2311418,"comment_status":"closed","ping_status":"closed","sticky":false,"template":"","format":"standard","meta":{"footnotes":""},"categories":[1,7,46],"tags":[],"class_list":["post-2311362","post","type-post","status-publish","format-standard","has-post-thumbnail","hentry","category-uncategorized","category-deportes","category-gimnasia"],"_links":{"self":[{"href":"https:\/\/agpnoticias.com\/news\/index.php?rest_route=\/wp\/v2\/posts\/2311362","targetHints":{"allow":["GET"]}}],"collection":[{"href":"https:\/\/agpnoticias.com\/news\/index.php?rest_route=\/wp\/v2\/posts"}],"about":[{"href":"https:\/\/agpnoticias.com\/news\/index.php?rest_route=\/wp\/v2\/types\/post"}],"author":[{"embeddable":true,"href":"https:\/\/agpnoticias.com\/news\/index.php?rest_route=\/wp\/v2\/users\/1"}],"replies":[{"embeddable":true,"href":"https:\/\/agpnoticias.com\/news\/index.php?rest_route=%2Fwp%2Fv2%2Fcomments&post=2311362"}],"version-history":[{"count":3,"href":"https:\/\/agpnoticias.com\/news\/index.php?rest_route=\/wp\/v2\/posts\/2311362\/revisions"}],"predecessor-version":[{"id":2311472,"href":"https:\/\/agpnoticias.com\/news\/index.php?rest_route=\/wp\/v2\/posts\/2311362\/revisions\/2311472"}],"wp:featuredmedia":[{"embeddable":true,"href":"https:\/\/agpnoticias.com\/news\/index.php?rest_route=\/wp\/v2\/media\/2311418"}],"wp:attachment":[{"href":"https:\/\/agpnoticias.com\/news\/index.php?rest_route=%2Fwp%2Fv2%2Fmedia&parent=2311362"}],"wp:term":[{"taxonomy":"category","embeddable":true,"href":"https:\/\/agpnoticias.com\/news\/index.php?rest_route=%2Fwp%2Fv2%2Fcategories&post=2311362"},{"taxonomy":"post_tag","embeddable":true,"href":"https:\/\/agpnoticias.com\/news\/index.php?rest_route=%2Fwp%2Fv2%2Ftags&post=2311362"}],"curies":[{"name":"wp","href":"https:\/\/api.w.org\/{rel}","templated":true}]}}