{"id":23115,"date":"2013-01-25T19:43:55","date_gmt":"2013-01-26T02:43:55","guid":{"rendered":"http:\/\/agpnoticias.com\/news\/?p=23115"},"modified":"2013-01-26T04:13:22","modified_gmt":"2013-01-26T11:13:22","slug":"gimnastas-de-baja-dynamo-a-cuba","status":"publish","type":"post","link":"https:\/\/agpnoticias.com\/news\/?p=23115","title":{"rendered":"Gimnastas de Baja Dynamo a Cuba"},"content":{"rendered":"<p>Ensenada, Baja California.- Los seleccionados estatales del Centro Gimn\u00e1stico Baja Dynamo sostendr\u00e1n una concentraci\u00f3n en La Habana, Cuba, del 23 de marzo al 6 de abril.<\/p>\n<figure id=\"attachment_23117\" aria-describedby=\"caption-attachment-23117\" style=\"width: 172px\" class=\"wp-caption alignright\"><img decoding=\"async\" class=\"size-thumbnail wp-image-23117\" alt=\"Natalia Escalera entrenar\u00e1 en Cuba\" src=\"http:\/\/agpnoticias.com\/news\/wp-content\/uploads\/2013\/01\/Natalia-Escalera-entrenar\u00e1-en-Cuba-172x200.jpg\" width=\"172\" height=\"200\" srcset=\"https:\/\/agpnoticias.com\/news\/wp-content\/uploads\/2013\/01\/Natalia-Escalera-entrenar\u00e1-en-Cuba-172x200.jpg 172w, https:\/\/agpnoticias.com\/news\/wp-content\/uploads\/2013\/01\/Natalia-Escalera-entrenar\u00e1-en-Cuba.jpg 634w\" sizes=\"(max-width: 172px) 100vw, 172px\" \/><figcaption id=\"caption-attachment-23117\" class=\"wp-caption-text\">Natalia Escalera entrenar\u00e1 en Cuba<\/figcaption><\/figure>\n<p>La sede de los trabajos que sostendr\u00e1n los integrantes de la organizaci\u00f3n ensenadense dirigida por Pavel Oceguera Ornelas ser\u00e1 la Escuela Nacional de Gimnasia de Cuba.<\/p>\n<p>Natalia Escalera, Jorge Alberto P\u00e9rez, Rodrigo y Rodolfo G\u00f3mez, Normando y Sergio El\u00edas, Santos Mart\u00ednez, Javier L\u00f3pez, Agust\u00edn Garc\u00eda y Mauro Dodier Guzm\u00e1n son los gimnastas convocados para viajar a la isla.<\/p>\n<p>La intenci\u00f3n del viaje es poner a punto a la selecci\u00f3n de Baja California que recibir\u00e1 la Olimpiada Nacional 2013 en el gimnasio de la UABC Valle Dorado, del 15 al 21 de mayo.<\/p>\n<p>Todos los seleccionados ensenadenses tienen experiencia en la Olimpiada Nacional y otras competencias incluso fuera de M\u00e9xico.<\/p>\n<p>Pavel Oceguera destac\u00f3 las posibilidades de que sus atletas, incluida Natalia Escalera, ganadora de cinco oros en la Olimpiada Nacional 2012, le den lideratos a la gimnasia de Baja California durante la edici\u00f3n 2013.<\/p>\n<p>Ernesto Yzaguirre, legendario entrenador cubano que trabaja para Baja Dynamo desde hace algunos a\u00f1os, acompa\u00f1ar\u00e1 al grupo junto a Miguel Valle, Rosa Amelia Garc\u00eda y Ubaldo Quesada.<\/p>\n","protected":false},"excerpt":{"rendered":"<p>Ensenada, Baja California.- Los seleccionados estatales del Centro Gimn\u00e1stico Baja Dynamo sostendr\u00e1n una concentraci\u00f3n en&#8230;<\/p>\n","protected":false},"author":1,"featured_media":23116,"comment_status":"closed","ping_status":"closed","sticky":false,"template":"","format":"standard","meta":{"footnotes":""},"categories":[1,7,46],"tags":[],"class_list":["post-23115","post","type-post","status-publish","format-standard","has-post-thumbnail","hentry","category-uncategorized","category-deportes","category-gimnasia"],"_links":{"self":[{"href":"https:\/\/agpnoticias.com\/news\/index.php?rest_route=\/wp\/v2\/posts\/23115","targetHints":{"allow":["GET"]}}],"collection":[{"href":"https:\/\/agpnoticias.com\/news\/index.php?rest_route=\/wp\/v2\/posts"}],"about":[{"href":"https:\/\/agpnoticias.com\/news\/index.php?rest_route=\/wp\/v2\/types\/post"}],"author":[{"embeddable":true,"href":"https:\/\/agpnoticias.com\/news\/index.php?rest_route=\/wp\/v2\/users\/1"}],"replies":[{"embeddable":true,"href":"https:\/\/agpnoticias.com\/news\/index.php?rest_route=%2Fwp%2Fv2%2Fcomments&post=23115"}],"version-history":[{"count":5,"href":"https:\/\/agpnoticias.com\/news\/index.php?rest_route=\/wp\/v2\/posts\/23115\/revisions"}],"predecessor-version":[{"id":23144,"href":"https:\/\/agpnoticias.com\/news\/index.php?rest_route=\/wp\/v2\/posts\/23115\/revisions\/23144"}],"wp:featuredmedia":[{"embeddable":true,"href":"https:\/\/agpnoticias.com\/news\/index.php?rest_route=\/wp\/v2\/media\/23116"}],"wp:attachment":[{"href":"https:\/\/agpnoticias.com\/news\/index.php?rest_route=%2Fwp%2Fv2%2Fmedia&parent=23115"}],"wp:term":[{"taxonomy":"category","embeddable":true,"href":"https:\/\/agpnoticias.com\/news\/index.php?rest_route=%2Fwp%2Fv2%2Fcategories&post=23115"},{"taxonomy":"post_tag","embeddable":true,"href":"https:\/\/agpnoticias.com\/news\/index.php?rest_route=%2Fwp%2Fv2%2Ftags&post=23115"}],"curies":[{"name":"wp","href":"https:\/\/api.w.org\/{rel}","templated":true}]}}