{"id":23125,"date":"2013-01-25T21:04:46","date_gmt":"2013-01-26T04:04:46","guid":{"rendered":"http:\/\/agpnoticias.com\/news\/?p=23125"},"modified":"2013-01-25T21:04:46","modified_gmt":"2013-01-26T04:04:46","slug":"el-negro-guzman-en-la-final-contra-viento-y-marea","status":"publish","type":"post","link":"https:\/\/agpnoticias.com\/news\/?p=23125","title":{"rendered":"El \u00abNegro\u00bb Guzm\u00e1n en la final, contra viento y marea"},"content":{"rendered":"<p>Ciudad Obreg\u00f3n, Sonora.- El objetivo de todo jugador, independientemente de la disciplina que practique, es llegar a una final.<\/p>\n<p>Por ello, una faringitis no result\u00f3 impedimento para que Jorge \u201cNegro Guzm\u00e1n apareciera en la alineaci\u00f3n de \u00c1guilas de Mexicali durante los dos primeros juegos de la final ante los campeones Yaquis de Ciudad Obreg\u00f3n.<\/p>\n<p>El orgullo de San Antonio de las Minas admiti\u00f3 un baj\u00f3n en sus n\u00fameros ofensivos durante la temporada de la Liga Mexicana del Pac\u00edfico, en relaci\u00f3n a lo que hizo durante el verano con los campeones Rojos del \u00c1guila de Veracruz.,<\/p>\n<p>\u201cHice buenos contactos pero no se dieron los jonrones a los que la gente est\u00e1 acostumbrada\u201d, consider\u00f3 en torno a su desempe\u00f1o con los \u00c1guilas en el invierno.<\/p>\n<p>El pelotero campe\u00f3n con Rojos del \u00c1guila de Veracruz en la Liga Mexicana de Beisbol, confi\u00f3 en las posibilidades de Mexicali cuando manden a la loma a Walter Silva y Marco Duarte, para revertir la desventaja de dos juegos por cero frente a los bi campeones Yaquis.<\/p>\n<p>\u201cEs nuestro mejor pitcheo, esperamos que el bateo funcione para regresar la serie a Mexicali\u201d.<\/p>\n<p>El nombre de Guzm\u00e1n apareci\u00f3 en la lista preliminar revelada por la Federaci\u00f3n Mexicana de Beisbol, con miras al Cl\u00e1sico Mundial, pero un conflicto del dirigente con la Liga de Verano, evit\u00f3 la participaci\u00f3n del ensenadense.<\/p>\n<p>\u201cEl gerente de Veracruz me hizo saber que no se iba a permitir ning\u00fan jugador de la Liga en la Selecci\u00f3n, pero me siento orgulloso que me tomen en cuenta para representar a mi pa\u00eds\u201d, concluy\u00f3.<\/p>\n<p>En dos juegos de la final, el ensenadense ha descargado dos hits y remolcado dos carreras en siete oportunidades oficiales.<\/p>\n","protected":false},"excerpt":{"rendered":"<p>Ciudad Obreg\u00f3n, Sonora.- El objetivo de todo jugador, independientemente de la disciplina que practique, es&#8230;<\/p>\n","protected":false},"author":1,"featured_media":23126,"comment_status":"closed","ping_status":"closed","sticky":false,"template":"","format":"standard","meta":{"footnotes":""},"categories":[1,30,7],"tags":[],"class_list":["post-23125","post","type-post","status-publish","format-standard","has-post-thumbnail","hentry","category-uncategorized","category-beisbol","category-deportes"],"_links":{"self":[{"href":"https:\/\/agpnoticias.com\/news\/index.php?rest_route=\/wp\/v2\/posts\/23125","targetHints":{"allow":["GET"]}}],"collection":[{"href":"https:\/\/agpnoticias.com\/news\/index.php?rest_route=\/wp\/v2\/posts"}],"about":[{"href":"https:\/\/agpnoticias.com\/news\/index.php?rest_route=\/wp\/v2\/types\/post"}],"author":[{"embeddable":true,"href":"https:\/\/agpnoticias.com\/news\/index.php?rest_route=\/wp\/v2\/users\/1"}],"replies":[{"embeddable":true,"href":"https:\/\/agpnoticias.com\/news\/index.php?rest_route=%2Fwp%2Fv2%2Fcomments&post=23125"}],"version-history":[{"count":1,"href":"https:\/\/agpnoticias.com\/news\/index.php?rest_route=\/wp\/v2\/posts\/23125\/revisions"}],"predecessor-version":[{"id":23127,"href":"https:\/\/agpnoticias.com\/news\/index.php?rest_route=\/wp\/v2\/posts\/23125\/revisions\/23127"}],"wp:featuredmedia":[{"embeddable":true,"href":"https:\/\/agpnoticias.com\/news\/index.php?rest_route=\/wp\/v2\/media\/23126"}],"wp:attachment":[{"href":"https:\/\/agpnoticias.com\/news\/index.php?rest_route=%2Fwp%2Fv2%2Fmedia&parent=23125"}],"wp:term":[{"taxonomy":"category","embeddable":true,"href":"https:\/\/agpnoticias.com\/news\/index.php?rest_route=%2Fwp%2Fv2%2Fcategories&post=23125"},{"taxonomy":"post_tag","embeddable":true,"href":"https:\/\/agpnoticias.com\/news\/index.php?rest_route=%2Fwp%2Fv2%2Ftags&post=23125"}],"curies":[{"name":"wp","href":"https:\/\/api.w.org\/{rel}","templated":true}]}}