{"id":23246,"date":"2013-01-27T17:01:33","date_gmt":"2013-01-28T00:01:33","guid":{"rendered":"http:\/\/agpnoticias.com\/news\/?p=23246"},"modified":"2013-01-27T17:01:43","modified_gmt":"2013-01-28T00:01:43","slug":"agradecido-por-llamado-al-tri","status":"publish","type":"post","link":"https:\/\/agpnoticias.com\/news\/?p=23246","title":{"rendered":"Cirilo agradecido por llamado al Tri"},"content":{"rendered":"<p>Tijuana, Baja California.- Cirilo Saucedo cumpli\u00f3 uno de los principales objetivos que se traz\u00f3 desde el inicio de su carrera profesional con su primera convocatoria a la selecci\u00f3n nacional de M\u00e9xico.<\/p>\n<p>\u201cEs algo que siempre busqu\u00e9\u201d y \u201cso\u00f1\u00e9\u201d, dijo el portero de los Xoloitzcuintles de Tijuana al hablar sobre el llamado a la selecci\u00f3n que enfrentar\u00e1 a Dinamarca este mi\u00e9rcoles en Phoenix, Arizona.<\/p>\n<figure id=\"attachment_23248\" aria-describedby=\"caption-attachment-23248\" style=\"width: 320px\" class=\"wp-caption alignleft\"><a href=\"http:\/\/agpnoticias.com\/news\/?attachment_id=23248\" rel=\"attachment wp-att-23248\"><img fetchpriority=\"high\" decoding=\"async\" class=\"size-medium wp-image-23248\" alt=\"El portero de Tijuana agradeci\u00f3 el respaldo de sus compa\u00f1eros\" src=\"http:\/\/agpnoticias.com\/news\/wp-content\/uploads\/2013\/01\/El-portero-de-Tijuana-agradeci\u00f3-el-respaldo-de-sus-compa\u00f1eros-320x240.jpg\" width=\"320\" height=\"240\" \/><\/a><figcaption id=\"caption-attachment-23248\" class=\"wp-caption-text\">El portero de Tijuana agradeci\u00f3 el respaldo de sus compa\u00f1eros<\/figcaption><\/figure>\n<p>Despu\u00e9s de ser considerado por el entrenador nacional Jos\u00e9 Manuel de la Torre, Cirilo agradeci\u00f3 tanto el apoyo de sus compa\u00f1eros como de su familia para lograr \u00abalgo que siempre busqu\u00e9, un objetivo con lo que so\u00f1\u00e9 y hoy eso ya est\u00e1 ah\u00ed\u201d, expres\u00f3.<\/p>\n<p>Las convocatorias de \u00e9l y de Fernando Arce, estim\u00f3, empiezan a colocar a los campeones Xoloitzcuintles en el escaparate del futbol mexicano.<\/p>\n<p>\u201cEste equipo es nuevo y tenemos que ir luchando contra todo eso, hoy estamos en los primeros lugares otra vez y hablamos dentro del campo, vamos a seguir tratando de tener la mayor humildad posible y ojal\u00e1 que sigan llegando cosas buenas\u201d, explic\u00f3.<\/p>\n<p>Xoloitzcuintles, en lo que va del Torneo Clausura 2013, \u201cha funcionado bastante bien y estamos muy contentos de llevar esta cantidad de puntos antes de que arranque la copa (Libertadores)\u201d.<\/p>\n<p>\u201cEste es un gran equipo y estamos muy comprometidos con los objetivos que nos planteamos en las dos competencias\u201d, apunt\u00f3.<\/p>\n","protected":false},"excerpt":{"rendered":"<p>Tijuana, Baja California.- Cirilo Saucedo cumpli\u00f3 uno de los principales objetivos que se traz\u00f3 desde&#8230;<\/p>\n","protected":false},"author":1,"featured_media":23247,"comment_status":"closed","ping_status":"closed","sticky":false,"template":"","format":"standard","meta":{"footnotes":""},"categories":[1,7,32,17],"tags":[],"class_list":["post-23246","post","type-post","status-publish","format-standard","has-post-thumbnail","hentry","category-uncategorized","category-deportes","category-soccer","category-xolos-de-tijuana"],"_links":{"self":[{"href":"https:\/\/agpnoticias.com\/news\/index.php?rest_route=\/wp\/v2\/posts\/23246","targetHints":{"allow":["GET"]}}],"collection":[{"href":"https:\/\/agpnoticias.com\/news\/index.php?rest_route=\/wp\/v2\/posts"}],"about":[{"href":"https:\/\/agpnoticias.com\/news\/index.php?rest_route=\/wp\/v2\/types\/post"}],"author":[{"embeddable":true,"href":"https:\/\/agpnoticias.com\/news\/index.php?rest_route=\/wp\/v2\/users\/1"}],"replies":[{"embeddable":true,"href":"https:\/\/agpnoticias.com\/news\/index.php?rest_route=%2Fwp%2Fv2%2Fcomments&post=23246"}],"version-history":[{"count":3,"href":"https:\/\/agpnoticias.com\/news\/index.php?rest_route=\/wp\/v2\/posts\/23246\/revisions"}],"predecessor-version":[{"id":23251,"href":"https:\/\/agpnoticias.com\/news\/index.php?rest_route=\/wp\/v2\/posts\/23246\/revisions\/23251"}],"wp:featuredmedia":[{"embeddable":true,"href":"https:\/\/agpnoticias.com\/news\/index.php?rest_route=\/wp\/v2\/media\/23247"}],"wp:attachment":[{"href":"https:\/\/agpnoticias.com\/news\/index.php?rest_route=%2Fwp%2Fv2%2Fmedia&parent=23246"}],"wp:term":[{"taxonomy":"category","embeddable":true,"href":"https:\/\/agpnoticias.com\/news\/index.php?rest_route=%2Fwp%2Fv2%2Fcategories&post=23246"},{"taxonomy":"post_tag","embeddable":true,"href":"https:\/\/agpnoticias.com\/news\/index.php?rest_route=%2Fwp%2Fv2%2Ftags&post=23246"}],"curies":[{"name":"wp","href":"https:\/\/api.w.org\/{rel}","templated":true}]}}