{"id":2353858,"date":"2015-01-14T11:32:07","date_gmt":"2015-01-14T19:32:07","guid":{"rendered":"http:\/\/agpnoticias.com\/news\/?p=2353858"},"modified":"2015-01-14T11:32:08","modified_gmt":"2015-01-14T19:32:08","slug":"hulk-diaz-el-menor-de-los-ensenadenses-en-camino-a-grandes-ligas","status":"publish","type":"post","link":"https:\/\/agpnoticias.com\/news\/?p=2353858","title":{"rendered":"\u00abHulk\u00bb D\u00edaz, el menor de los ensenadenses en camino a Grandes Ligas"},"content":{"rendered":"<figure id=\"attachment_2353859\" aria-describedby=\"caption-attachment-2353859\" style=\"width: 800px\" class=\"wp-caption aligncenter\"><a href=\"http:\/\/agpnoticias.com\/news\/hulk-diaz-el-menor-de-los-ensenadenses-en-camino-a-grandes-ligas\/andres-diaz-fue-firmado-por-orioles-en-enero-de-2014\/\" rel=\"attachment wp-att-2353859\"><img fetchpriority=\"high\" decoding=\"async\" class=\"size-full wp-image-2353859\" src=\"http:\/\/agpnoticias.com\/news\/wp-content\/uploads\/2015\/01\/Andr\u00e9s-D\u00edaz-fue-firmado-por-Orioles-en-enero-de-2014.jpg\" alt=\"Andr\u00e9s D\u00edaz fue firmado por Orioles en enero de 2014\" width=\"800\" height=\"533\" srcset=\"https:\/\/agpnoticias.com\/news\/wp-content\/uploads\/2015\/01\/Andr\u00e9s-D\u00edaz-fue-firmado-por-Orioles-en-enero-de-2014.jpg 800w, https:\/\/agpnoticias.com\/news\/wp-content\/uploads\/2015\/01\/Andr\u00e9s-D\u00edaz-fue-firmado-por-Orioles-en-enero-de-2014-200x133.jpg 200w, https:\/\/agpnoticias.com\/news\/wp-content\/uploads\/2015\/01\/Andr\u00e9s-D\u00edaz-fue-firmado-por-Orioles-en-enero-de-2014-600x400.jpg 600w, https:\/\/agpnoticias.com\/news\/wp-content\/uploads\/2015\/01\/Andr\u00e9s-D\u00edaz-fue-firmado-por-Orioles-en-enero-de-2014-300x200.jpg 300w, https:\/\/agpnoticias.com\/news\/wp-content\/uploads\/2015\/01\/Andr\u00e9s-D\u00edaz-fue-firmado-por-Orioles-en-enero-de-2014-128x85.jpg 128w, https:\/\/agpnoticias.com\/news\/wp-content\/uploads\/2015\/01\/Andr\u00e9s-D\u00edaz-fue-firmado-por-Orioles-en-enero-de-2014-32x21.jpg 32w\" sizes=\"(max-width: 800px) 100vw, 800px\" \/><\/a><figcaption id=\"caption-attachment-2353859\" class=\"wp-caption-text\">Andr\u00e9s D\u00edaz fue firmado por Orioles en enero de 2014<\/figcaption><\/figure>\n<p>Ensenada, Baja California.- Desde los tres a\u00f1os, cuando empez\u00f3 a practicar el beisbol, su complexi\u00f3n f\u00edsica y su poder al bat facilitaron la tarea de compa\u00f1eros y managers al momento de decidir el sobrenombre de Andr\u00e9s D\u00edaz.<\/p>\n<p>\u00abEl Hulk\u00bb, a partir de aquellos primeros d\u00edas sobre los diamantes, fue material de selecci\u00f3n por su desarrollo en los equipos del finado Miguel Siqueiros, Alejandro \u00abPollo\u00bb Arenas y Eduardo Mel\u00e9ndrez.<\/p>\n<p>Los Diablos Rojos del M\u00e9xico pusieron su atenci\u00f3n en el bateador que rebasa el 1.90 de estatura y lo unieron a sus filas para 2013.<\/p>\n<p>Pero su gran oportunidad lleg\u00f3 hace un a\u00f1o, cuando la organizaci\u00f3n Orioles de Baltimore lo firm\u00f3 por siete a\u00f1os.<\/p>\n<p>\u00abEste 2014 fue mi primer a\u00f1o con Baltimore. El 23 de enero de hace ya casi un a\u00f1o me mandaron hablar para formar el contrato y todo march\u00f3 bien, s\u00f3lo que con algunas lesiones como un pelotazo en la boca, en la Liga Roockie de Florida\u00bb, explic\u00f3.<\/p>\n<figure id=\"attachment_2353860\" aria-describedby=\"caption-attachment-2353860\" style=\"width: 427px\" class=\"wp-caption alignright\"><a href=\"http:\/\/agpnoticias.com\/news\/hulk-diaz-el-menor-de-los-ensenadenses-en-camino-a-grandes-ligas\/el-hulk-reportara-para-su-segunda-temporada-el-15-de-febrero\/\" rel=\"attachment wp-att-2353860\"><img decoding=\"async\" class=\"size-full wp-image-2353860\" src=\"http:\/\/agpnoticias.com\/news\/wp-content\/uploads\/2015\/01\/El-Hulk-reportar\u00e1-para-su-segunda-temporada-el-15-de-febrero.jpg\" alt=\"&quot;El Hulk&quot; reportar\u00e1 para su segunda temporada el 15 de febrero\" width=\"427\" height=\"640\" srcset=\"https:\/\/agpnoticias.com\/news\/wp-content\/uploads\/2015\/01\/El-Hulk-reportar\u00e1-para-su-segunda-temporada-el-15-de-febrero.jpg 427w, https:\/\/agpnoticias.com\/news\/wp-content\/uploads\/2015\/01\/El-Hulk-reportar\u00e1-para-su-segunda-temporada-el-15-de-febrero-133x200.jpg 133w, https:\/\/agpnoticias.com\/news\/wp-content\/uploads\/2015\/01\/El-Hulk-reportar\u00e1-para-su-segunda-temporada-el-15-de-febrero-200x300.jpg 200w, https:\/\/agpnoticias.com\/news\/wp-content\/uploads\/2015\/01\/El-Hulk-reportar\u00e1-para-su-segunda-temporada-el-15-de-febrero-85x128.jpg 85w, https:\/\/agpnoticias.com\/news\/wp-content\/uploads\/2015\/01\/El-Hulk-reportar\u00e1-para-su-segunda-temporada-el-15-de-febrero-21x32.jpg 21w\" sizes=\"(max-width: 427px) 100vw, 427px\" \/><\/a><figcaption id=\"caption-attachment-2353860\" class=\"wp-caption-text\">\u00abEl Hulk\u00bb reportar\u00e1 para su segunda temporada el 15 de febrero<\/figcaption><\/figure>\n<p>El prospecto ensenadense relat\u00f3 que primero viaj\u00f3 a Rep\u00fablica Dominicana, pero de inmediato, apenas dos semanas m\u00e1s tarde, fue ascendido a la sucursal de Orioles en Florida, \u00abdonde tuve la mala fortuna de recibir ese pelotazo\u00bb.<\/p>\n<p>\u00abCuando eso pas\u00f3 regres\u00e9 a recuperarme a Ensenada en junio, y en septiembre volv\u00ed a un campamento instruccional ya recuperado y me fue muy bien\u00bb, agreg\u00f3.<\/p>\n<p>Entonces se le present\u00f3 la oportunidad de trabajar junto al tercera base Manny Machado y el fielder Henry Urrutia, elementos de Orioles, \u00ablo que fue de mucho aprendizaje para llegar fuerte al spring training el 15 de febrero\u00bb.<\/p>\n<p>\u00abAhora hay que esperar para saber a d\u00f3nde nos mandan. Es posible que vaya a jugar una Clase A Corta para dar lo mejor y empezar a subir poco a poco\u00bb, refiri\u00f3.<\/p>\n<p>Durante el primer a\u00f1o en Orioles \u00abs\u00ed hubo presi\u00f3n porque hasta los due\u00f1os y los gerentes est\u00e1n pendientes de los novatos, pero ahora me siento listo y con muchas ganas de ya estar entrenando\u00bb.<\/p>\n<p>\u00abEl a\u00f1o pasado jugu\u00e9 primera base y este a\u00f1o me quieren poner en tercera. Yo me siento m\u00e1s c\u00f3modo en primera, que es mi posici\u00f3n de siempre, pero si la organizaci\u00f3n me quiere en tercera es por algo y hay que trabajar duro para responder a la confianza\u00bb, afirm\u00f3.<\/p>\n<p>Para \u00abEl Hulk\u00bb su firma con Diablos Rojos \u00ababri\u00f3 las puertas a otras oportunidades de conocer gente en Rep\u00fablica Dominicana\u00bb, situaci\u00f3n que finalmente lo proyect\u00f3 hacia Orioles.<\/p>\n<p>Como ejemplos a seguir, el bateador zurdo mencion\u00f3 a su compa\u00f1ero de entrenamientos cuando coinciden en Ensenada, Jorge Flores, \u00abporque a \u00e9l lo firmaron dos a\u00f1os antes y ya est\u00e1 a un paso de Grandes Ligas con Toronto\u00bb.<\/p>\n<p>Adem\u00e1s de Fernando P\u00e9rez, prospecto firmado por Padres en 2012,\u00a0 a quien \u00abconozco muy bien y le est\u00e1 yendo excelente con un camino r\u00e1pido a Grandes Ligas\u00bb.<\/p>\n<p>Mientras llega el momento de reportar, Andr\u00e9s D\u00edaz, nacido el 16 de diciembre de 1996, trabaja en Ciudad Deportiva de Ensenada junto al grupo de prospectos a cargo de los instructores Jos\u00e9 Rivas y Juli\u00e1n Laure\u00e1n.<\/p>\n<figure id=\"attachment_2353861\" aria-describedby=\"caption-attachment-2353861\" style=\"width: 800px\" class=\"wp-caption aligncenter\"><a href=\"http:\/\/agpnoticias.com\/news\/hulk-diaz-el-menor-de-los-ensenadenses-en-camino-a-grandes-ligas\/andres-diaz-reconocio-el-desarrollo-de-ensenadenses-en-sucursales-como-jorge-flores\/\" rel=\"attachment wp-att-2353861\"><img decoding=\"async\" class=\"size-full wp-image-2353861\" src=\"http:\/\/agpnoticias.com\/news\/wp-content\/uploads\/2015\/01\/Andr\u00e9s-D\u00edaz-reconoci\u00f3-el-desarrollo-de-ensenadenses-en-sucursales-como-Jorge-Flores.jpg\" alt=\"Andr\u00e9s D\u00edaz reconoci\u00f3 el desarrollo de ensenadenses en sucursales, como Jorge Flores\" width=\"800\" height=\"533\" srcset=\"https:\/\/agpnoticias.com\/news\/wp-content\/uploads\/2015\/01\/Andr\u00e9s-D\u00edaz-reconoci\u00f3-el-desarrollo-de-ensenadenses-en-sucursales-como-Jorge-Flores.jpg 800w, https:\/\/agpnoticias.com\/news\/wp-content\/uploads\/2015\/01\/Andr\u00e9s-D\u00edaz-reconoci\u00f3-el-desarrollo-de-ensenadenses-en-sucursales-como-Jorge-Flores-200x133.jpg 200w, https:\/\/agpnoticias.com\/news\/wp-content\/uploads\/2015\/01\/Andr\u00e9s-D\u00edaz-reconoci\u00f3-el-desarrollo-de-ensenadenses-en-sucursales-como-Jorge-Flores-600x400.jpg 600w, https:\/\/agpnoticias.com\/news\/wp-content\/uploads\/2015\/01\/Andr\u00e9s-D\u00edaz-reconoci\u00f3-el-desarrollo-de-ensenadenses-en-sucursales-como-Jorge-Flores-300x200.jpg 300w, https:\/\/agpnoticias.com\/news\/wp-content\/uploads\/2015\/01\/Andr\u00e9s-D\u00edaz-reconoci\u00f3-el-desarrollo-de-ensenadenses-en-sucursales-como-Jorge-Flores-128x85.jpg 128w, https:\/\/agpnoticias.com\/news\/wp-content\/uploads\/2015\/01\/Andr\u00e9s-D\u00edaz-reconoci\u00f3-el-desarrollo-de-ensenadenses-en-sucursales-como-Jorge-Flores-32x21.jpg 32w\" sizes=\"(max-width: 800px) 100vw, 800px\" \/><\/a><figcaption id=\"caption-attachment-2353861\" class=\"wp-caption-text\">Andr\u00e9s D\u00edaz reconoci\u00f3 el desarrollo de ensenadenses en sucursales, como Jorge Flores<\/figcaption><\/figure>\n","protected":false},"excerpt":{"rendered":"<p>Ensenada, Baja California.- Desde los tres a\u00f1os, cuando empez\u00f3 a practicar el beisbol, su complexi\u00f3n&#8230;<\/p>\n","protected":false},"author":1,"featured_media":2353859,"comment_status":"closed","ping_status":"closed","sticky":false,"template":"","format":"standard","meta":{"footnotes":""},"categories":[1,30,7],"tags":[],"class_list":["post-2353858","post","type-post","status-publish","format-standard","has-post-thumbnail","hentry","category-uncategorized","category-beisbol","category-deportes"],"_links":{"self":[{"href":"https:\/\/agpnoticias.com\/news\/index.php?rest_route=\/wp\/v2\/posts\/2353858","targetHints":{"allow":["GET"]}}],"collection":[{"href":"https:\/\/agpnoticias.com\/news\/index.php?rest_route=\/wp\/v2\/posts"}],"about":[{"href":"https:\/\/agpnoticias.com\/news\/index.php?rest_route=\/wp\/v2\/types\/post"}],"author":[{"embeddable":true,"href":"https:\/\/agpnoticias.com\/news\/index.php?rest_route=\/wp\/v2\/users\/1"}],"replies":[{"embeddable":true,"href":"https:\/\/agpnoticias.com\/news\/index.php?rest_route=%2Fwp%2Fv2%2Fcomments&post=2353858"}],"version-history":[{"count":2,"href":"https:\/\/agpnoticias.com\/news\/index.php?rest_route=\/wp\/v2\/posts\/2353858\/revisions"}],"predecessor-version":[{"id":2353863,"href":"https:\/\/agpnoticias.com\/news\/index.php?rest_route=\/wp\/v2\/posts\/2353858\/revisions\/2353863"}],"wp:featuredmedia":[{"embeddable":true,"href":"https:\/\/agpnoticias.com\/news\/index.php?rest_route=\/wp\/v2\/media\/2353859"}],"wp:attachment":[{"href":"https:\/\/agpnoticias.com\/news\/index.php?rest_route=%2Fwp%2Fv2%2Fmedia&parent=2353858"}],"wp:term":[{"taxonomy":"category","embeddable":true,"href":"https:\/\/agpnoticias.com\/news\/index.php?rest_route=%2Fwp%2Fv2%2Fcategories&post=2353858"},{"taxonomy":"post_tag","embeddable":true,"href":"https:\/\/agpnoticias.com\/news\/index.php?rest_route=%2Fwp%2Fv2%2Ftags&post=2353858"}],"curies":[{"name":"wp","href":"https:\/\/api.w.org\/{rel}","templated":true}]}}