{"id":2353920,"date":"2015-01-15T18:18:19","date_gmt":"2015-01-16T02:18:19","guid":{"rendered":"http:\/\/agpnoticias.com\/news\/?p=2353920"},"modified":"2015-01-15T18:18:19","modified_gmt":"2015-01-16T02:18:19","slug":"los-marquez-a-orlando-contra-los-mejores-en-representacion-de-mexico","status":"publish","type":"post","link":"https:\/\/agpnoticias.com\/news\/?p=2353920","title":{"rendered":"Los M\u00e1rquez a Orlando, contra los mejores, en representaci\u00f3n de M\u00e9xico"},"content":{"rendered":"<figure id=\"attachment_2353921\" aria-describedby=\"caption-attachment-2353921\" style=\"width: 800px\" class=\"wp-caption aligncenter\"><a href=\"http:\/\/agpnoticias.com\/news\/los-marquez-a-orlando-contra-los-mejores-en-representacion-de-mexico\/adalberto-arenas-oscar-marquez-y-fernando-perez\/\" rel=\"attachment wp-att-2353921\"><img fetchpriority=\"high\" decoding=\"async\" class=\"size-full wp-image-2353921\" src=\"http:\/\/agpnoticias.com\/news\/wp-content\/uploads\/2015\/01\/Adalberto-Arenas-\u00d3scar-M\u00e1rquez-y-Fernando-P\u00e9rez.jpg\" alt=\"Adalberto Arenas, \u00d3scar M\u00e1rquez y Fernando P\u00e9rez\" width=\"800\" height=\"533\" srcset=\"https:\/\/agpnoticias.com\/news\/wp-content\/uploads\/2015\/01\/Adalberto-Arenas-\u00d3scar-M\u00e1rquez-y-Fernando-P\u00e9rez.jpg 800w, https:\/\/agpnoticias.com\/news\/wp-content\/uploads\/2015\/01\/Adalberto-Arenas-\u00d3scar-M\u00e1rquez-y-Fernando-P\u00e9rez-200x133.jpg 200w, https:\/\/agpnoticias.com\/news\/wp-content\/uploads\/2015\/01\/Adalberto-Arenas-\u00d3scar-M\u00e1rquez-y-Fernando-P\u00e9rez-600x400.jpg 600w, https:\/\/agpnoticias.com\/news\/wp-content\/uploads\/2015\/01\/Adalberto-Arenas-\u00d3scar-M\u00e1rquez-y-Fernando-P\u00e9rez-300x200.jpg 300w, https:\/\/agpnoticias.com\/news\/wp-content\/uploads\/2015\/01\/Adalberto-Arenas-\u00d3scar-M\u00e1rquez-y-Fernando-P\u00e9rez-128x85.jpg 128w, https:\/\/agpnoticias.com\/news\/wp-content\/uploads\/2015\/01\/Adalberto-Arenas-\u00d3scar-M\u00e1rquez-y-Fernando-P\u00e9rez-32x21.jpg 32w\" sizes=\"(max-width: 800px) 100vw, 800px\" \/><\/a><figcaption id=\"caption-attachment-2353921\" class=\"wp-caption-text\">Adalberto Arenas, \u00d3scar M\u00e1rquez y Fernando P\u00e9rez<\/figcaption><\/figure>\n<p>Ensenada, Baja California.- Team M\u00e1rquez ser\u00e1 el nombre de batalla del \u00fanico equipo mexicano en el torneo internacional de Softbol AAU International Fastpitch Championship programado del 22 al 25 de enero en Orlando, Florida.<\/p>\n<p>Y para empezar, como integrante del Grupo D, el plantel conformado con \u00abun 80 por ciento de la selecci\u00f3n mexicana\u00bb, enfrentar\u00e1 al mejor lanzador del mundo, Adam Folkard, un australiano que juega con el equipo Hill United Chiefs.<\/p>\n<p>\u00abNuestro equipo no cuesta ni el 10 por ciento de lo que invierten esos equipo de Canad\u00e1 y Estados Unidos, pero ya nos ven con respeto despu\u00e9s de un primero, un segundo y un tercer lugar en los torneos internacionales que hemos jugado en Estados Unidos\u00bb, dijo \u00d3scar M\u00e1rquez Amador.<\/p>\n<p>El jugador del equipo mexicano, Adalberto \u00abPico\u00bb Arenas precis\u00f3 que ser\u00e1n 25 equipos los que participen en la justa, cuya primera fase ser\u00e1 entre el 22 y el 23 de enero, para definir las instancias decisivas s\u00e1bado y domingo.<\/p>\n<p>\u00abLlevamos un muy buen equipo con el pitcher n\u00famero uno de los Estados Unidos, Antonio Mancha\u00bb, quien se unir\u00e1 al duranguense Sergio Almeida en ese departamento.<\/p>\n<figure id=\"attachment_2353922\" aria-describedby=\"caption-attachment-2353922\" style=\"width: 800px\" class=\"wp-caption aligncenter\"><a href=\"http:\/\/agpnoticias.com\/news\/los-marquez-a-orlando-contra-los-mejores-en-representacion-de-mexico\/sony-dsc-1063\/\" rel=\"attachment wp-att-2353922\"><img decoding=\"async\" class=\"size-full wp-image-2353922\" src=\"http:\/\/agpnoticias.com\/news\/wp-content\/uploads\/2015\/01\/Mario-P\u00e9rez-jugar\u00e1-con-Team-M\u00e1rquez.jpg\" alt=\"Mario P\u00e9rez jugar\u00e1 con Team M\u00e1rquez\" width=\"800\" height=\"483\" srcset=\"https:\/\/agpnoticias.com\/news\/wp-content\/uploads\/2015\/01\/Mario-P\u00e9rez-jugar\u00e1-con-Team-M\u00e1rquez.jpg 800w, https:\/\/agpnoticias.com\/news\/wp-content\/uploads\/2015\/01\/Mario-P\u00e9rez-jugar\u00e1-con-Team-M\u00e1rquez-200x121.jpg 200w, https:\/\/agpnoticias.com\/news\/wp-content\/uploads\/2015\/01\/Mario-P\u00e9rez-jugar\u00e1-con-Team-M\u00e1rquez-600x362.jpg 600w, https:\/\/agpnoticias.com\/news\/wp-content\/uploads\/2015\/01\/Mario-P\u00e9rez-jugar\u00e1-con-Team-M\u00e1rquez-300x181.jpg 300w, https:\/\/agpnoticias.com\/news\/wp-content\/uploads\/2015\/01\/Mario-P\u00e9rez-jugar\u00e1-con-Team-M\u00e1rquez-128x77.jpg 128w, https:\/\/agpnoticias.com\/news\/wp-content\/uploads\/2015\/01\/Mario-P\u00e9rez-jugar\u00e1-con-Team-M\u00e1rquez-32x19.jpg 32w\" sizes=\"(max-width: 800px) 100vw, 800px\" \/><\/a><figcaption id=\"caption-attachment-2353922\" class=\"wp-caption-text\">Mario P\u00e9rez jugar\u00e1 con Team M\u00e1rquez<\/figcaption><\/figure>\n<p>El grupo es completado por Ismael Pe\u00f1a, Alan Salgado, C\u00e9sar Rodr\u00edguez, Erick Ochoa, Edgar L\u00f3pez, Mario P\u00e9rez, Julio Rodr\u00edguez, Carlos M\u00e1rquez, el tamaulipeco Gustavo Prishker, Jos\u00e9 \u00c1guila, Antonio Gonz\u00e1lez, el sinaloense Jes\u00fas Cardona y Adalberto Arenas.<\/p>\n<p>En el grupo D tambi\u00e9n se encuentran los equipos Nacionales (Venezuela), Big Apple Express (Estados Unidos) y Hill United Chiefs.<\/p>\n<p>El torneo contar\u00e1 con cinco equipos de Venezuela, uno de M\u00e9xico, Bahamas, Puerto Rico y Argentina, nueve de Estados Unidos y siete de Canad\u00e1.<\/p>\n<p>\u00d3scar M\u00e1rquez encabezar\u00e1 el cuerpo t\u00e9cnico encabezado por Fernando P\u00e9rez, quien lo asistir\u00e1 como coach.<\/p>\n<p>El manager agradeci\u00f3 el apoyo de los patrocinadores del viaje: Restaurant Mahi Mahi, Felipe Navarro, Bernardo Ramos, Servicio Denisse, Familia Ch\u00e1vez de la Parra, Luis Ag\u00fandez, Favitelas, Carlos Flores, Vinos Tierra Santa, Carlos Garc\u00eda y Despacho M\u00e1rquez Vergara.<\/p>\n<figure id=\"attachment_2353923\" aria-describedby=\"caption-attachment-2353923\" style=\"width: 800px\" class=\"wp-caption aligncenter\"><a href=\"http:\/\/agpnoticias.com\/news\/los-marquez-a-orlando-contra-los-mejores-en-representacion-de-mexico\/jose-aguila-forma-parte-de-la-lista-que-competira-en-orlando\/\" rel=\"attachment wp-att-2353923\"><img decoding=\"async\" class=\"size-full wp-image-2353923\" src=\"http:\/\/agpnoticias.com\/news\/wp-content\/uploads\/2015\/01\/Jos\u00e9-\u00c1guila-forma-parte-de-la-lista-que-competir\u00e1-en-Orlando.jpg\" alt=\"Jos\u00e9 \u00c1guila forma parte de la lista que competir\u00e1 en Orlando\" width=\"800\" height=\"554\" srcset=\"https:\/\/agpnoticias.com\/news\/wp-content\/uploads\/2015\/01\/Jos\u00e9-\u00c1guila-forma-parte-de-la-lista-que-competir\u00e1-en-Orlando.jpg 800w, https:\/\/agpnoticias.com\/news\/wp-content\/uploads\/2015\/01\/Jos\u00e9-\u00c1guila-forma-parte-de-la-lista-que-competir\u00e1-en-Orlando-200x139.jpg 200w, https:\/\/agpnoticias.com\/news\/wp-content\/uploads\/2015\/01\/Jos\u00e9-\u00c1guila-forma-parte-de-la-lista-que-competir\u00e1-en-Orlando-600x416.jpg 600w, https:\/\/agpnoticias.com\/news\/wp-content\/uploads\/2015\/01\/Jos\u00e9-\u00c1guila-forma-parte-de-la-lista-que-competir\u00e1-en-Orlando-300x208.jpg 300w, https:\/\/agpnoticias.com\/news\/wp-content\/uploads\/2015\/01\/Jos\u00e9-\u00c1guila-forma-parte-de-la-lista-que-competir\u00e1-en-Orlando-128x89.jpg 128w, https:\/\/agpnoticias.com\/news\/wp-content\/uploads\/2015\/01\/Jos\u00e9-\u00c1guila-forma-parte-de-la-lista-que-competir\u00e1-en-Orlando-32x22.jpg 32w\" sizes=\"(max-width: 800px) 100vw, 800px\" \/><\/a><figcaption id=\"caption-attachment-2353923\" class=\"wp-caption-text\">Jos\u00e9 \u00c1guila forma parte de la lista que competir\u00e1 en Orlando<\/figcaption><\/figure>\n","protected":false},"excerpt":{"rendered":"<p>Ensenada, Baja California.- Team M\u00e1rquez ser\u00e1 el nombre de batalla del \u00fanico equipo mexicano en&#8230;<\/p>\n","protected":false},"author":1,"featured_media":2353921,"comment_status":"closed","ping_status":"closed","sticky":false,"template":"","format":"standard","meta":{"footnotes":""},"categories":[1,7,23,66],"tags":[],"class_list":["post-2353920","post","type-post","status-publish","format-standard","has-post-thumbnail","hentry","category-uncategorized","category-deportes","category-publicidad-marquez","category-softbol"],"_links":{"self":[{"href":"https:\/\/agpnoticias.com\/news\/index.php?rest_route=\/wp\/v2\/posts\/2353920","targetHints":{"allow":["GET"]}}],"collection":[{"href":"https:\/\/agpnoticias.com\/news\/index.php?rest_route=\/wp\/v2\/posts"}],"about":[{"href":"https:\/\/agpnoticias.com\/news\/index.php?rest_route=\/wp\/v2\/types\/post"}],"author":[{"embeddable":true,"href":"https:\/\/agpnoticias.com\/news\/index.php?rest_route=\/wp\/v2\/users\/1"}],"replies":[{"embeddable":true,"href":"https:\/\/agpnoticias.com\/news\/index.php?rest_route=%2Fwp%2Fv2%2Fcomments&post=2353920"}],"version-history":[{"count":2,"href":"https:\/\/agpnoticias.com\/news\/index.php?rest_route=\/wp\/v2\/posts\/2353920\/revisions"}],"predecessor-version":[{"id":2353925,"href":"https:\/\/agpnoticias.com\/news\/index.php?rest_route=\/wp\/v2\/posts\/2353920\/revisions\/2353925"}],"wp:featuredmedia":[{"embeddable":true,"href":"https:\/\/agpnoticias.com\/news\/index.php?rest_route=\/wp\/v2\/media\/2353921"}],"wp:attachment":[{"href":"https:\/\/agpnoticias.com\/news\/index.php?rest_route=%2Fwp%2Fv2%2Fmedia&parent=2353920"}],"wp:term":[{"taxonomy":"category","embeddable":true,"href":"https:\/\/agpnoticias.com\/news\/index.php?rest_route=%2Fwp%2Fv2%2Fcategories&post=2353920"},{"taxonomy":"post_tag","embeddable":true,"href":"https:\/\/agpnoticias.com\/news\/index.php?rest_route=%2Fwp%2Fv2%2Ftags&post=2353920"}],"curies":[{"name":"wp","href":"https:\/\/api.w.org\/{rel}","templated":true}]}}