{"id":2353939,"date":"2015-01-15T22:38:46","date_gmt":"2015-01-16T06:38:46","guid":{"rendered":"http:\/\/agpnoticias.com\/news\/?p=2353939"},"modified":"2015-01-16T13:44:09","modified_gmt":"2015-01-16T21:44:09","slug":"arribo-del-campeon-en-silencio","status":"publish","type":"post","link":"https:\/\/agpnoticias.com\/news\/?p=2353939","title":{"rendered":"Arribo del campe\u00f3n, en silencio"},"content":{"rendered":"<figure id=\"attachment_2353940\" aria-describedby=\"caption-attachment-2353940\" style=\"width: 320px\" class=\"wp-caption alignright\"><a href=\"http:\/\/agpnoticias.com\/news\/arribo-del-campeon-en-silencio\/america\/\" rel=\"attachment wp-att-2353940\"><img fetchpriority=\"high\" decoding=\"async\" class=\"size-medium wp-image-2353940\" src=\"http:\/\/agpnoticias.com\/news\/wp-content\/uploads\/2015\/01\/Am\u00e9rica-320x240.jpg\" alt=\"Am\u00e9rica lleg\u00f3 el jueves por la tarde a Tijuana\" width=\"320\" height=\"240\" \/><\/a><figcaption id=\"caption-attachment-2353940\" class=\"wp-caption-text\">Am\u00e9rica lleg\u00f3 el jueves por la tarde a Tijuana<\/figcaption><\/figure>\n<p>Tijuana, Baja California.- El jueves por la tarde, las \u00c1guilas del Am\u00e9rica llegaron a Tijuana entre cientos de aficionados que s\u00f3lo vieron pasar a los integrantes del plantel campe\u00f3n del futbol mexicano directo al cami\u00f3n que los traslad\u00f3 a su hotel de concentraci\u00f3n.<\/p>\n<p>Ni jugadores ni directiva ni el t\u00e9cnico Gustavo Matosas dieron declaraciones antes del juego que sostendr\u00e1n este viernes frente a los locales Xoloitzcuintles por la fecha dos del Torneo Clausura 2015 sobre la cancha del Estadio Caliente a las 19:30 horas.<\/p>\n<p>Am\u00e9rica venci\u00f3 en la primera fecha a Le\u00f3n 3-2, mientras que Tijuana perdi\u00f3 con Puebla 2-1.<\/p>\n<p>Informaci\u00f3n y fotograf\u00eda: ACA Deportes.<\/p>\n","protected":false},"excerpt":{"rendered":"<p>Tijuana, Baja California.- El jueves por la tarde, las \u00c1guilas del Am\u00e9rica llegaron a Tijuana&#8230;<\/p>\n","protected":false},"author":1,"featured_media":2353940,"comment_status":"closed","ping_status":"closed","sticky":false,"template":"","format":"standard","meta":{"footnotes":""},"categories":[1,7,32,17],"tags":[],"class_list":["post-2353939","post","type-post","status-publish","format-standard","has-post-thumbnail","hentry","category-uncategorized","category-deportes","category-soccer","category-xolos-de-tijuana"],"_links":{"self":[{"href":"https:\/\/agpnoticias.com\/news\/index.php?rest_route=\/wp\/v2\/posts\/2353939","targetHints":{"allow":["GET"]}}],"collection":[{"href":"https:\/\/agpnoticias.com\/news\/index.php?rest_route=\/wp\/v2\/posts"}],"about":[{"href":"https:\/\/agpnoticias.com\/news\/index.php?rest_route=\/wp\/v2\/types\/post"}],"author":[{"embeddable":true,"href":"https:\/\/agpnoticias.com\/news\/index.php?rest_route=\/wp\/v2\/users\/1"}],"replies":[{"embeddable":true,"href":"https:\/\/agpnoticias.com\/news\/index.php?rest_route=%2Fwp%2Fv2%2Fcomments&post=2353939"}],"version-history":[{"count":3,"href":"https:\/\/agpnoticias.com\/news\/index.php?rest_route=\/wp\/v2\/posts\/2353939\/revisions"}],"predecessor-version":[{"id":2353943,"href":"https:\/\/agpnoticias.com\/news\/index.php?rest_route=\/wp\/v2\/posts\/2353939\/revisions\/2353943"}],"wp:featuredmedia":[{"embeddable":true,"href":"https:\/\/agpnoticias.com\/news\/index.php?rest_route=\/wp\/v2\/media\/2353940"}],"wp:attachment":[{"href":"https:\/\/agpnoticias.com\/news\/index.php?rest_route=%2Fwp%2Fv2%2Fmedia&parent=2353939"}],"wp:term":[{"taxonomy":"category","embeddable":true,"href":"https:\/\/agpnoticias.com\/news\/index.php?rest_route=%2Fwp%2Fv2%2Fcategories&post=2353939"},{"taxonomy":"post_tag","embeddable":true,"href":"https:\/\/agpnoticias.com\/news\/index.php?rest_route=%2Fwp%2Fv2%2Ftags&post=2353939"}],"curies":[{"name":"wp","href":"https:\/\/api.w.org\/{rel}","templated":true}]}}