{"id":23811,"date":"2013-02-10T21:46:23","date_gmt":"2013-02-11T04:46:23","guid":{"rendered":"http:\/\/agpnoticias.com\/news\/?p=23811"},"modified":"2013-02-11T02:40:18","modified_gmt":"2013-02-11T09:40:18","slug":"daniel-corral-mariscal-en-el-desfile-de-carnaval","status":"publish","type":"post","link":"https:\/\/agpnoticias.com\/news\/?p=23811","title":{"rendered":"Daniel Corral, mariscal del desfile de carnaval"},"content":{"rendered":"<p>Ensenada, Baja California.- Daniel Corral fue el mariscal del desfile de carnaval de Ensenada este domingo.<\/p>\n<p>El recorrido que tuvo el bulevar costero como escenario de la mayor parte del trayecto present\u00f3 como mariscal al gimnasta ol\u00edmpico nacido en esta ciudad.<\/p>\n<figure id=\"attachment_23814\" aria-describedby=\"caption-attachment-23814\" style=\"width: 320px\" class=\"wp-caption alignright\"><a href=\"http:\/\/agpnoticias.com\/news\/?attachment_id=23814\" rel=\"attachment wp-att-23814\"><img fetchpriority=\"high\" decoding=\"async\" class=\"size-medium wp-image-23814\" alt=\"Los Marineros tambi\u00e9n participaron en el desfile\" src=\"http:\/\/agpnoticias.com\/news\/wp-content\/uploads\/2013\/02\/Los-Marineros-tambi\u00e9n-participaron-en-el-desfile-320x240.jpg\" width=\"320\" height=\"240\" srcset=\"https:\/\/agpnoticias.com\/news\/wp-content\/uploads\/2013\/02\/Los-Marineros-tambi\u00e9n-participaron-en-el-desfile-320x240.jpg 320w, https:\/\/agpnoticias.com\/news\/wp-content\/uploads\/2013\/02\/Los-Marineros-tambi\u00e9n-participaron-en-el-desfile-640x480.jpg 640w\" sizes=\"(max-width: 320px) 100vw, 320px\" \/><\/a><figcaption id=\"caption-attachment-23814\" class=\"wp-caption-text\">Los Marineros tambi\u00e9n participaron en el desfile<\/figcaption><\/figure>\n<p>El comit\u00e9 de carnaval y el ayuntamiento de Ensenada reconocieron de esta manera al finalista en la prueba de barras paralelas durante los Juegos Ol\u00edmpicos Londres 2012.<\/p>\n<p>Actualmente, Daniel Corral se prepara rumbo al Campeonato del Mundo de Gimnasia en B\u00e9lgica, donde participar\u00e1 en el concurso all around (todos los aparatos) el pr\u00f3ximo mes de octubre.<\/p>\n<p>Dentro del contingente tambi\u00e9n hubo representaci\u00f3n del equipo de la Liga de Beisbol Norte de M\u00e9xico, Marineros de Ensenada, campe\u00f3n vigente que defender\u00e1 su t\u00edtulo a partir del 3 de abril.<\/p>\n","protected":false},"excerpt":{"rendered":"<p>Ensenada, Baja California.- Daniel Corral fue el mariscal del desfile de carnaval de Ensenada este&#8230;<\/p>\n","protected":false},"author":1,"featured_media":23813,"comment_status":"closed","ping_status":"closed","sticky":false,"template":"","format":"standard","meta":{"footnotes":""},"categories":[1,7,46],"tags":[],"class_list":["post-23811","post","type-post","status-publish","format-standard","has-post-thumbnail","hentry","category-uncategorized","category-deportes","category-gimnasia"],"_links":{"self":[{"href":"https:\/\/agpnoticias.com\/news\/index.php?rest_route=\/wp\/v2\/posts\/23811","targetHints":{"allow":["GET"]}}],"collection":[{"href":"https:\/\/agpnoticias.com\/news\/index.php?rest_route=\/wp\/v2\/posts"}],"about":[{"href":"https:\/\/agpnoticias.com\/news\/index.php?rest_route=\/wp\/v2\/types\/post"}],"author":[{"embeddable":true,"href":"https:\/\/agpnoticias.com\/news\/index.php?rest_route=\/wp\/v2\/users\/1"}],"replies":[{"embeddable":true,"href":"https:\/\/agpnoticias.com\/news\/index.php?rest_route=%2Fwp%2Fv2%2Fcomments&post=23811"}],"version-history":[{"count":4,"href":"https:\/\/agpnoticias.com\/news\/index.php?rest_route=\/wp\/v2\/posts\/23811\/revisions"}],"predecessor-version":[{"id":23834,"href":"https:\/\/agpnoticias.com\/news\/index.php?rest_route=\/wp\/v2\/posts\/23811\/revisions\/23834"}],"wp:featuredmedia":[{"embeddable":true,"href":"https:\/\/agpnoticias.com\/news\/index.php?rest_route=\/wp\/v2\/media\/23813"}],"wp:attachment":[{"href":"https:\/\/agpnoticias.com\/news\/index.php?rest_route=%2Fwp%2Fv2%2Fmedia&parent=23811"}],"wp:term":[{"taxonomy":"category","embeddable":true,"href":"https:\/\/agpnoticias.com\/news\/index.php?rest_route=%2Fwp%2Fv2%2Fcategories&post=23811"},{"taxonomy":"post_tag","embeddable":true,"href":"https:\/\/agpnoticias.com\/news\/index.php?rest_route=%2Fwp%2Fv2%2Ftags&post=23811"}],"curies":[{"name":"wp","href":"https:\/\/api.w.org\/{rel}","templated":true}]}}