{"id":23999,"date":"2013-02-15T18:43:49","date_gmt":"2013-02-16T01:43:49","guid":{"rendered":"http:\/\/agpnoticias.com\/news\/?p=23999"},"modified":"2013-02-15T19:02:39","modified_gmt":"2013-02-16T02:02:39","slug":"corral-entrenara-con-seleccion-alemana-se-reencontrara-con-marcel-nguyen","status":"publish","type":"post","link":"https:\/\/agpnoticias.com\/news\/?p=23999","title":{"rendered":"Corral entrenar\u00e1 con la selecci\u00f3n alemana; se reencontrar\u00e1 con Marcel Nguyen"},"content":{"rendered":"<p>Ensenada, Baja California.- Daniel Corral entrenar\u00e1 por unos d\u00edas con la selecci\u00f3n alemana de Gimnasia encabezada por Marcel Nguyen, medallista de plata all around (puntuaci\u00f3n general) y en barras paralelas durante los Juegos Ol\u00edmpicos de Londres.<\/p>\n<p>\u201cEl domingo viajamos a Canc\u00fan, donde la selecci\u00f3n A de Alemania estar\u00e1 haciendo su campamento de invierno; la sorpresa fue que nos invitaron y no pod\u00edamos desaprovechar esa oportunidad\u201d, coment\u00f3 el entrenador \u00d3scar Aguirre.<\/p>\n<figure id=\"attachment_24001\" aria-describedby=\"caption-attachment-24001\" style=\"width: 320px\" class=\"wp-caption alignright\"><a href=\"http:\/\/agpnoticias.com\/news\/?attachment_id=24001\" rel=\"attachment wp-att-24001\"><img fetchpriority=\"high\" decoding=\"async\" class=\"size-medium wp-image-24001\" alt=\"Marcel Nguyen estar\u00e1 en Canc\u00fan con la selecci\u00f3n alemana\" src=\"http:\/\/agpnoticias.com\/news\/wp-content\/uploads\/2013\/02\/Marcel-Nguyen-estar\u00e1-en-Canc\u00fan-con-la-selecci\u00f3n-alemana-320x240.jpg\" width=\"320\" height=\"240\" \/><\/a><figcaption id=\"caption-attachment-24001\" class=\"wp-caption-text\">Marcel Nguyen estar\u00e1 en Canc\u00fan con la selecci\u00f3n alemana<\/figcaption><\/figure>\n<p>Corral y Nguyen se enfrentaron en la final de barras paralelas con el quinto lugar para el mexicano, mientras que el germano alcanz\u00f3 la plata, mismo metal que obtuvo tras el concurso all around.<\/p>\n<p>\u201cEsta concentraci\u00f3n nos queda perfecto previo a la Copa del Mundo de Francia, en marzo, ya que ese ser\u00e1 un evento de rankeo contra todos los medallistas ol\u00edmpicos\u201d, refiri\u00f3 el t\u00e9cnico encargado de la preparaci\u00f3n del gimnasta ensenadense.<\/p>\n<p>Daniel Corral tiene como meta en 2013 el Campeonato del Mundo de B\u00e9lgica en septiembre.<\/p>\n<p>\u201cEl plan est\u00e1 muy claro, en el campeonato del mundo vamos por el p\u00f3dium, por medallas\u201d, afirm\u00f3.<\/p>\n<p>Despu\u00e9s de que \u201cpor estrategia a Londres s\u00f3lo fuimos en dos aparatos (barras paralelas y caballo con arzones), ahora, para R\u00edo de Janeiro, queremos llegar al p\u00f3dium en all around, as\u00ed que tendremos que reforzar los aparatos menos fuertes para Daniel\u201d.<\/p>\n<p>Por el momento, \u201cla preparaci\u00f3n va bien, aunque Daniel ha tenido problemas porque su organismo tiene a bajar mucho de peso, pero nada que no pueda ser controlado\u201d.<\/p>\n<p>\u00d3scar Aguirre resalt\u00f3 el apoyo del Instituto del Deporte de Baja California y la Comisi\u00f3n Nacional del Deporte en el inicio del trayecto a R\u00edo de Janeiro 2016.<\/p>\n<p>&nbsp;<\/p>\n","protected":false},"excerpt":{"rendered":"<p>Ensenada, Baja California.- Daniel Corral entrenar\u00e1 por unos d\u00edas con la selecci\u00f3n alemana de Gimnasia&#8230;<\/p>\n","protected":false},"author":1,"featured_media":24000,"comment_status":"closed","ping_status":"closed","sticky":false,"template":"","format":"standard","meta":{"footnotes":""},"categories":[1,7,46],"tags":[],"class_list":["post-23999","post","type-post","status-publish","format-standard","has-post-thumbnail","hentry","category-uncategorized","category-deportes","category-gimnasia"],"_links":{"self":[{"href":"https:\/\/agpnoticias.com\/news\/index.php?rest_route=\/wp\/v2\/posts\/23999","targetHints":{"allow":["GET"]}}],"collection":[{"href":"https:\/\/agpnoticias.com\/news\/index.php?rest_route=\/wp\/v2\/posts"}],"about":[{"href":"https:\/\/agpnoticias.com\/news\/index.php?rest_route=\/wp\/v2\/types\/post"}],"author":[{"embeddable":true,"href":"https:\/\/agpnoticias.com\/news\/index.php?rest_route=\/wp\/v2\/users\/1"}],"replies":[{"embeddable":true,"href":"https:\/\/agpnoticias.com\/news\/index.php?rest_route=%2Fwp%2Fv2%2Fcomments&post=23999"}],"version-history":[{"count":5,"href":"https:\/\/agpnoticias.com\/news\/index.php?rest_route=\/wp\/v2\/posts\/23999\/revisions"}],"predecessor-version":[{"id":24006,"href":"https:\/\/agpnoticias.com\/news\/index.php?rest_route=\/wp\/v2\/posts\/23999\/revisions\/24006"}],"wp:featuredmedia":[{"embeddable":true,"href":"https:\/\/agpnoticias.com\/news\/index.php?rest_route=\/wp\/v2\/media\/24000"}],"wp:attachment":[{"href":"https:\/\/agpnoticias.com\/news\/index.php?rest_route=%2Fwp%2Fv2%2Fmedia&parent=23999"}],"wp:term":[{"taxonomy":"category","embeddable":true,"href":"https:\/\/agpnoticias.com\/news\/index.php?rest_route=%2Fwp%2Fv2%2Fcategories&post=23999"},{"taxonomy":"post_tag","embeddable":true,"href":"https:\/\/agpnoticias.com\/news\/index.php?rest_route=%2Fwp%2Fv2%2Ftags&post=23999"}],"curies":[{"name":"wp","href":"https:\/\/api.w.org\/{rel}","templated":true}]}}