{"id":24007,"date":"2013-02-15T20:16:20","date_gmt":"2013-02-16T03:16:20","guid":{"rendered":"http:\/\/agpnoticias.com\/news\/?p=24007"},"modified":"2013-02-16T10:35:19","modified_gmt":"2013-02-16T17:35:19","slug":"destaca-federativo-aportacion-de-corral","status":"publish","type":"post","link":"https:\/\/agpnoticias.com\/news\/?p=24007","title":{"rendered":"Destaca federativo aportaci\u00f3n de Corral"},"content":{"rendered":"<p>Ensenada, Baja California.- Lo logrado por Daniel Corral debe ser capitalizado como \u201cun ancla\u201d que atraiga consigo a una nueva generaci\u00f3n de gimnastas cuyo objetivo sea alcanzar \u201csus niveles\u201d.<\/p>\n<p>\u201cDaniel Corral ha sido un ancla muy fuerte para que los ni\u00f1os que hacen gimnasia tengan la motivaci\u00f3n de llegar a las alturas que \u00e9l lo ha hecho\u201d, dijo Gustavo Salazar.<\/p>\n<figure id=\"attachment_24009\" aria-describedby=\"caption-attachment-24009\" style=\"width: 320px\" class=\"wp-caption alignright\"><a href=\"http:\/\/agpnoticias.com\/news\/?attachment_id=24009\" rel=\"attachment wp-att-24009\"><img fetchpriority=\"high\" decoding=\"async\" class=\"size-medium wp-image-24009\" alt=\"Daniel Corral ha motivado a las nuevas generaciones, consider\u00f3 Gustavo Salazar\" src=\"http:\/\/agpnoticias.com\/news\/wp-content\/uploads\/2013\/02\/Daniel-Corral-ha-motivado-a-las-nuevas-generaciones-consider\u00f3-Gustavo-Salazar-320x240.jpg\" width=\"320\" height=\"240\" \/><\/a><figcaption id=\"caption-attachment-24009\" class=\"wp-caption-text\">Daniel Corral ha motivado a las nuevas generaciones, consider\u00f3 Gustavo Salazar<\/figcaption><\/figure>\n<p>El presidente de la Federaci\u00f3n Mexicana de Gimnasia consider\u00f3 que, adem\u00e1s de los logros del gimnasta ol\u00edmpico ensenadense, el estado de Baja California \u201csiempre ha sido un semillero para las selecciones nacionales de gimnasia tanto varoniles como femeniles\u201d.<\/p>\n<p>\u201cSi en la rama varonil tenemos a Daniel Corral y a la gente que ha surgido de Ensenada, tambi\u00e9n hay que recordar a las gimnastas femeniles de Mexicali y Tijuana, y obviamente que tenemos que mencionar a Denisse L\u00f3pez\u201d, coment\u00f3.<\/p>\n<p>En la actualidad \u201chay gimnastas como Alexa Moreno (de Mexicali) que es finalista mundial y sin duda estar\u00e1 en la selecci\u00f3n durante este proceso\u201d.<\/p>\n<p>As\u00ed como en Baja California existe potencial, \u201cotros estados como Jalisco, Nuevo Le\u00f3n, Yucat\u00e1n y San Luis Potos\u00ed est\u00e1n trabajando muy bien en ambas ramas\u201d.<\/p>\n<p>\u201cTenemos un plan que est\u00e1 por concretarse, para poder llegar como equipo en ambas ramas a los pr\u00f3ximos Juegos Ol\u00edmpicos, y vamos muy adelantados gracias a la colaboraci\u00f3n de los institutos estatales del deporte y los clubes\u201d, apunt\u00f3.<\/p>\n<p>Para completar el proceso de los talentos de la gimnasia nacional, Gustavo Salazar destac\u00f3 el trabajo de entrenadores hechos en Baja California, como Pavel Oceguera, formador de una nueva generaci\u00f3n de gimnastas, adem\u00e1s de \u00d3scar Aguirre, responsable de dirigir a Daniel Corral.<\/p>\n<p>Junto a los entrenadores nacionales \u201chay elementos muy valiosos que viene de fuera como Alfredo Hueto, Ernesto Yzaguirre, Miguel Valle y Emilio Zagr\u00e9, que hacen un trabajo importante para capacitar a nuestra gente\u201d.<\/p>\n","protected":false},"excerpt":{"rendered":"<p>Ensenada, Baja California.- Lo logrado por Daniel Corral debe ser capitalizado como \u201cun ancla\u201d que&#8230;<\/p>\n","protected":false},"author":1,"featured_media":24008,"comment_status":"closed","ping_status":"closed","sticky":false,"template":"","format":"standard","meta":{"footnotes":""},"categories":[1,7,46],"tags":[],"class_list":["post-24007","post","type-post","status-publish","format-standard","has-post-thumbnail","hentry","category-uncategorized","category-deportes","category-gimnasia"],"_links":{"self":[{"href":"https:\/\/agpnoticias.com\/news\/index.php?rest_route=\/wp\/v2\/posts\/24007","targetHints":{"allow":["GET"]}}],"collection":[{"href":"https:\/\/agpnoticias.com\/news\/index.php?rest_route=\/wp\/v2\/posts"}],"about":[{"href":"https:\/\/agpnoticias.com\/news\/index.php?rest_route=\/wp\/v2\/types\/post"}],"author":[{"embeddable":true,"href":"https:\/\/agpnoticias.com\/news\/index.php?rest_route=\/wp\/v2\/users\/1"}],"replies":[{"embeddable":true,"href":"https:\/\/agpnoticias.com\/news\/index.php?rest_route=%2Fwp%2Fv2%2Fcomments&post=24007"}],"version-history":[{"count":2,"href":"https:\/\/agpnoticias.com\/news\/index.php?rest_route=\/wp\/v2\/posts\/24007\/revisions"}],"predecessor-version":[{"id":24028,"href":"https:\/\/agpnoticias.com\/news\/index.php?rest_route=\/wp\/v2\/posts\/24007\/revisions\/24028"}],"wp:featuredmedia":[{"embeddable":true,"href":"https:\/\/agpnoticias.com\/news\/index.php?rest_route=\/wp\/v2\/media\/24008"}],"wp:attachment":[{"href":"https:\/\/agpnoticias.com\/news\/index.php?rest_route=%2Fwp%2Fv2%2Fmedia&parent=24007"}],"wp:term":[{"taxonomy":"category","embeddable":true,"href":"https:\/\/agpnoticias.com\/news\/index.php?rest_route=%2Fwp%2Fv2%2Fcategories&post=24007"},{"taxonomy":"post_tag","embeddable":true,"href":"https:\/\/agpnoticias.com\/news\/index.php?rest_route=%2Fwp%2Fv2%2Ftags&post=24007"}],"curies":[{"name":"wp","href":"https:\/\/api.w.org\/{rel}","templated":true}]}}