{"id":24017,"date":"2013-02-15T22:25:49","date_gmt":"2013-02-16T05:25:49","guid":{"rendered":"http:\/\/agpnoticias.com\/news\/?p=24017"},"modified":"2013-02-15T22:25:49","modified_gmt":"2013-02-16T05:25:49","slug":"buena-jornada-para-atletas-de-b-c-en-regional","status":"publish","type":"post","link":"https:\/\/agpnoticias.com\/news\/?p=24017","title":{"rendered":"Buena jornada para atletas de B.C. en regional"},"content":{"rendered":"<p>Mazatl\u00e1n, Sinaloa.- La delegaci\u00f3n de Baja California gan\u00f3 21 medallas durante la segunda jornada de la eliminatoria regional de Atletismo clasificatoria a Olimpiada Nacional.<\/p>\n<p>El seleccionado estatal concluy\u00f3 la actividad este viernes con nueve oros, ocho platas y cuatro bronces en el Centro Deportivo y Recreativo Benito Ju\u00e1rez.<\/p>\n<figure id=\"attachment_24020\" aria-describedby=\"caption-attachment-24020\" style=\"width: 320px\" class=\"wp-caption alignright\"><a href=\"http:\/\/agpnoticias.com\/news\/?attachment_id=24020\" rel=\"attachment wp-att-24020\"><img fetchpriority=\"high\" decoding=\"async\" class=\"size-medium wp-image-24020\" alt=\"El regional de Atletismo se disputa en Mazatl\u00e1n\" src=\"http:\/\/agpnoticias.com\/news\/wp-content\/uploads\/2013\/02\/El-regional-de-Atletismo-se-disputa-en-Mazatl\u00e1n-320x240.jpg\" width=\"320\" height=\"240\" srcset=\"https:\/\/agpnoticias.com\/news\/wp-content\/uploads\/2013\/02\/El-regional-de-Atletismo-se-disputa-en-Mazatl\u00e1n-320x240.jpg 320w, https:\/\/agpnoticias.com\/news\/wp-content\/uploads\/2013\/02\/El-regional-de-Atletismo-se-disputa-en-Mazatl\u00e1n-640x480.jpg 640w\" sizes=\"(max-width: 320px) 100vw, 320px\" \/><\/a><figcaption id=\"caption-attachment-24020\" class=\"wp-caption-text\">El regional de Atletismo se disputa en Mazatl\u00e1n<\/figcaption><\/figure>\n<p>Entre los principales logros bajacalifornianos destac\u00f3 el 1-2 hecho por Alma Pollorena y Ver\u00f3nica G\u00f3mez en la categor\u00eda 3 kilogramos impulso de bala con tiempos de 12.58 y 11\u00ad.77, de la misma forma en que lo hicieron Pedro David y Yahir Daniel \u00c1lvarez en lanzamiento de martillo.<\/p>\n<p>En la prueba de caminata, la categor\u00eda Sub 16, en la distancia de dos mil metros, Baja California tambi\u00e9n se apoder\u00f3 de los dos primeros puestos con Monteserrat Mir\u00f3 y Anal\u00ed Galindo, cuyos registros fueron de 16:25.51 y 16:34.01.<\/p>\n<p>Otra medalla de oro fue ganada por Danna Corral en lanzamiento de jabalina, 500 gramos, con 34.48 en la categor\u00eda Sub 18.<\/p>\n<p>Vianey Agraz se impuso en los dos mil metros, categor\u00eda Sub 16, con 6:57.19, mientras que Paula Sing gan\u00f3 los 80 metros con vallas (14.78) y la seleccionada Sub 20, Renee V\u00e1zquez, lider\u00f3 en impulso de bala al dejar la marca en 9.77 metros.<\/p>\n<p>Norma Ruiz, por \u00faltimo, punte\u00f3 en los 1500 metros, Sub 18, con 5:21.40.<\/p>\n<p>Adem\u00e1s, llegaron dos medallas de plata por equipos en ambas ramas durante la prueba de relevos 2&#215;100.<\/p>\n<p>&nbsp;<\/p>\n<p>Informaci\u00f3n y fotograf\u00edas: Instituto del Deporte de Baja California (INDE).<\/p>\n","protected":false},"excerpt":{"rendered":"<p>Mazatl\u00e1n, Sinaloa.- La delegaci\u00f3n de Baja California gan\u00f3 21 medallas durante la segunda jornada de&#8230;<\/p>\n","protected":false},"author":1,"featured_media":24019,"comment_status":"closed","ping_status":"closed","sticky":false,"template":"","format":"standard","meta":{"footnotes":""},"categories":[1,31,7],"tags":[],"class_list":["post-24017","post","type-post","status-publish","format-standard","has-post-thumbnail","hentry","category-uncategorized","category-atletismo","category-deportes"],"_links":{"self":[{"href":"https:\/\/agpnoticias.com\/news\/index.php?rest_route=\/wp\/v2\/posts\/24017","targetHints":{"allow":["GET"]}}],"collection":[{"href":"https:\/\/agpnoticias.com\/news\/index.php?rest_route=\/wp\/v2\/posts"}],"about":[{"href":"https:\/\/agpnoticias.com\/news\/index.php?rest_route=\/wp\/v2\/types\/post"}],"author":[{"embeddable":true,"href":"https:\/\/agpnoticias.com\/news\/index.php?rest_route=\/wp\/v2\/users\/1"}],"replies":[{"embeddable":true,"href":"https:\/\/agpnoticias.com\/news\/index.php?rest_route=%2Fwp%2Fv2%2Fcomments&post=24017"}],"version-history":[{"count":1,"href":"https:\/\/agpnoticias.com\/news\/index.php?rest_route=\/wp\/v2\/posts\/24017\/revisions"}],"predecessor-version":[{"id":24021,"href":"https:\/\/agpnoticias.com\/news\/index.php?rest_route=\/wp\/v2\/posts\/24017\/revisions\/24021"}],"wp:featuredmedia":[{"embeddable":true,"href":"https:\/\/agpnoticias.com\/news\/index.php?rest_route=\/wp\/v2\/media\/24019"}],"wp:attachment":[{"href":"https:\/\/agpnoticias.com\/news\/index.php?rest_route=%2Fwp%2Fv2%2Fmedia&parent=24017"}],"wp:term":[{"taxonomy":"category","embeddable":true,"href":"https:\/\/agpnoticias.com\/news\/index.php?rest_route=%2Fwp%2Fv2%2Fcategories&post=24017"},{"taxonomy":"post_tag","embeddable":true,"href":"https:\/\/agpnoticias.com\/news\/index.php?rest_route=%2Fwp%2Fv2%2Ftags&post=24017"}],"curies":[{"name":"wp","href":"https:\/\/api.w.org\/{rel}","templated":true}]}}