{"id":24326,"date":"2013-02-21T20:14:15","date_gmt":"2013-02-22T03:14:15","guid":{"rendered":"http:\/\/agpnoticias.com\/news\/?p=24326"},"modified":"2013-02-22T13:41:08","modified_gmt":"2013-02-22T20:41:08","slug":"tenis-de-mesa-de-b-c-a-recuperar-el-terreno-perdido","status":"publish","type":"post","link":"https:\/\/agpnoticias.com\/news\/?p=24326","title":{"rendered":"Tenis de Mesa de B.C. a recuperar el terreno perdido"},"content":{"rendered":"<figure id=\"attachment_24327\" aria-describedby=\"caption-attachment-24327\" style=\"width: 640px\" class=\"wp-caption aligncenter\"><a href=\"http:\/\/agpnoticias.com\/news\/?attachment_id=24327\" rel=\"attachment wp-att-24327\"><img fetchpriority=\"high\" decoding=\"async\" class=\"size-large wp-image-24327\" alt=\"Eduardo Rivera y Sof\u00eda Barrera son base de la selecci\u00f3n de Tenis de Mesa\" src=\"http:\/\/agpnoticias.com\/news\/wp-content\/uploads\/2013\/02\/Eduardo-Rivera-y-Sof\u00eda-Barrera-son-base-de-la-selecci\u00f3n-de-Tenis-de-Mesa-640x480.jpg\" width=\"640\" height=\"480\" srcset=\"https:\/\/agpnoticias.com\/news\/wp-content\/uploads\/2013\/02\/Eduardo-Rivera-y-Sof\u00eda-Barrera-son-base-de-la-selecci\u00f3n-de-Tenis-de-Mesa-640x480.jpg 640w, https:\/\/agpnoticias.com\/news\/wp-content\/uploads\/2013\/02\/Eduardo-Rivera-y-Sof\u00eda-Barrera-son-base-de-la-selecci\u00f3n-de-Tenis-de-Mesa-320x240.jpg 320w\" sizes=\"(max-width: 640px) 100vw, 640px\" \/><\/a><figcaption id=\"caption-attachment-24327\" class=\"wp-caption-text\">Eduardo Rivera y Sof\u00eda Barrera son base de la selecci\u00f3n de Tenis de Mesa<\/figcaption><\/figure>\n<p>Ensenada, Baja California.- \u201cEn casa, con el apoyo de la gente\u201d, el Tenis de Mesa de Baja California recuperar\u00e1 \u00abel terreno perdido durante 2012\u00bb cuando sea local en la edici\u00f3n 2013 de Olimpiada Nacional.<\/p>\n<p>\u201cEn Puebla, el a\u00f1o pasado, no nos adecuamos a la altura, empezaron a fallar los chicos y eso les cre\u00f3 un desgaste e inseguridad, lo que ocasion\u00f3 un decremento notable aunque llegamos a semifinales y finales\u201d, dijo el t\u00e9cnico Roberto Cardoso.<\/p>\n<figure id=\"attachment_24328\" aria-describedby=\"caption-attachment-24328\" style=\"width: 320px\" class=\"wp-caption alignright\"><a href=\"http:\/\/agpnoticias.com\/news\/?attachment_id=24328\" rel=\"attachment wp-att-24328\"><img decoding=\"async\" class=\"size-medium wp-image-24328\" alt=\"Melissa Rivera y Jessica Cu\u00e9llar junto al entrenador Roberto Cardoso\" src=\"http:\/\/agpnoticias.com\/news\/wp-content\/uploads\/2013\/02\/Melissa-Rivera-y-Jessica-Cu\u00e9llar-junto-al-entrenador-Roberto-Cardoso-320x240.jpg\" width=\"320\" height=\"240\" srcset=\"https:\/\/agpnoticias.com\/news\/wp-content\/uploads\/2013\/02\/Melissa-Rivera-y-Jessica-Cu\u00e9llar-junto-al-entrenador-Roberto-Cardoso-320x240.jpg 320w, https:\/\/agpnoticias.com\/news\/wp-content\/uploads\/2013\/02\/Melissa-Rivera-y-Jessica-Cu\u00e9llar-junto-al-entrenador-Roberto-Cardoso-640x480.jpg 640w\" sizes=\"(max-width: 320px) 100vw, 320px\" \/><\/a><figcaption id=\"caption-attachment-24328\" class=\"wp-caption-text\">Melissa Rivera y Jessica Cu\u00e9llar junto al entrenador Roberto Cardoso<\/figcaption><\/figure>\n<p>Despu\u00e9s de ganar ocho medallas de oro en Tijuana y Yucat\u00e1n durante 2009 y 2011, el Tenis de Mesa estatal no pudo lograr un solo primer lugar en 2012.<\/p>\n<p>\u201cVa a ser positivo jugar en Ensenada, ya que en 2009 fuimos sede pero en Tijuana, as\u00ed que la gente podr\u00e1 apoyarnos y ese factor psicol\u00f3gico nos beneficiar\u00e1\u201d, confi\u00f3.<\/p>\n<p>La mayor de las ventajas para la selecci\u00f3n local ser\u00e1 su conocimiento de la altura, pues \u201cen este deporte hay que adaptar la t\u00e9cnica, pues a nivel del mar, como entrenamos, la pelota es m\u00e1s lenta, no como nos pas\u00f3 en Puebla el a\u00f1o pasado\u201d.<\/p>\n<p>El entrenamiento de la selecci\u00f3n de Baja California ha consistido en torneos de fogueo, los m\u00e1s recientes en el estado de California, Monte y San Jos\u00e9, para \u201cprobar a los chicos en competiciones\u201d.<\/p>\n<p>Sobre la madurez del grupo indic\u00f3 que \u201cla selecci\u00f3n ha ido creciendo, los ni\u00f1os que ven\u00edan ganando medallas tiene m\u00e1s experiencia y esperamos excelentes resultados\u201d.<\/p>\n<p>&nbsp;<\/p>\n<p><strong>Selecci\u00f3n de Tenis de Mesa de Baja California<\/strong><\/p>\n<p><strong><span style=\"text-decoration: underline;\">Sub 13 Femenil<\/span><\/strong><\/p>\n<p>Jessica Cu\u00e9llar<\/p>\n<p>Melisa Rivera<\/p>\n<p>Ana Carolina Lira<\/p>\n<p>&nbsp;<\/p>\n<p><b><span style=\"text-decoration: underline;\">Sub 13 Varonil<\/span><\/b><\/p>\n<p>Pablo Gast\u00e9lum<\/p>\n<p>Fernando Gasca<\/p>\n<p>V\u00edctor Cadena<\/p>\n<p>&nbsp;<\/p>\n<p><b><span style=\"text-decoration: underline;\">Sub 15 Femenil<\/span><\/b><\/p>\n<p>Nahomy Barrera<\/p>\n<p>Fernanda Herrera<\/p>\n<p>Andrea Vega<\/p>\n<p>&nbsp;<\/p>\n<p><b><span style=\"text-decoration: underline;\">Sub 15 Varonil<\/span><\/b><\/p>\n<p>Brian Le\u00f3n<\/p>\n<p>Santiago Arellano<\/p>\n<p>Luis Acosta<\/p>\n<p>&nbsp;<\/p>\n<p><b><span style=\"text-decoration: underline;\">Sub 18 Varonil<\/span><\/b><\/p>\n<p>Eduardo Rivera<\/p>\n<p>Germ\u00e1n Torres<\/p>\n<p>Iv\u00e1n Gil<\/p>\n<p>&nbsp;<\/p>\n<p><b><span style=\"text-decoration: underline;\">Sub 18 Femenil<\/span><\/b><\/p>\n<p>Sof\u00eda Barrera<\/p>\n<p>Nancy Ontiveros<\/p>\n<p>Mariana Ortiz<\/p>\n","protected":false},"excerpt":{"rendered":"<p>Ensenada, Baja California.- \u201cEn casa, con el apoyo de la gente\u201d, el Tenis de Mesa&#8230;<\/p>\n","protected":false},"author":1,"featured_media":24327,"comment_status":"closed","ping_status":"closed","sticky":false,"template":"","format":"standard","meta":{"footnotes":""},"categories":[1,7],"tags":[],"class_list":["post-24326","post","type-post","status-publish","format-standard","has-post-thumbnail","hentry","category-uncategorized","category-deportes"],"_links":{"self":[{"href":"https:\/\/agpnoticias.com\/news\/index.php?rest_route=\/wp\/v2\/posts\/24326","targetHints":{"allow":["GET"]}}],"collection":[{"href":"https:\/\/agpnoticias.com\/news\/index.php?rest_route=\/wp\/v2\/posts"}],"about":[{"href":"https:\/\/agpnoticias.com\/news\/index.php?rest_route=\/wp\/v2\/types\/post"}],"author":[{"embeddable":true,"href":"https:\/\/agpnoticias.com\/news\/index.php?rest_route=\/wp\/v2\/users\/1"}],"replies":[{"embeddable":true,"href":"https:\/\/agpnoticias.com\/news\/index.php?rest_route=%2Fwp%2Fv2%2Fcomments&post=24326"}],"version-history":[{"count":8,"href":"https:\/\/agpnoticias.com\/news\/index.php?rest_route=\/wp\/v2\/posts\/24326\/revisions"}],"predecessor-version":[{"id":24352,"href":"https:\/\/agpnoticias.com\/news\/index.php?rest_route=\/wp\/v2\/posts\/24326\/revisions\/24352"}],"wp:featuredmedia":[{"embeddable":true,"href":"https:\/\/agpnoticias.com\/news\/index.php?rest_route=\/wp\/v2\/media\/24327"}],"wp:attachment":[{"href":"https:\/\/agpnoticias.com\/news\/index.php?rest_route=%2Fwp%2Fv2%2Fmedia&parent=24326"}],"wp:term":[{"taxonomy":"category","embeddable":true,"href":"https:\/\/agpnoticias.com\/news\/index.php?rest_route=%2Fwp%2Fv2%2Fcategories&post=24326"},{"taxonomy":"post_tag","embeddable":true,"href":"https:\/\/agpnoticias.com\/news\/index.php?rest_route=%2Fwp%2Fv2%2Ftags&post=24326"}],"curies":[{"name":"wp","href":"https:\/\/api.w.org\/{rel}","templated":true}]}}