{"id":24353,"date":"2013-02-22T13:59:49","date_gmt":"2013-02-22T20:59:49","guid":{"rendered":"http:\/\/agpnoticias.com\/news\/?p=24353"},"modified":"2013-02-22T14:04:47","modified_gmt":"2013-02-22T21:04:47","slug":"abre-score-pista-de-la-250-para-recorrer","status":"publish","type":"post","link":"https:\/\/agpnoticias.com\/news\/?p=24353","title":{"rendered":"Abre Score pista de la 250 para tantear el terreno"},"content":{"rendered":"<figure id=\"attachment_24354\" aria-describedby=\"caption-attachment-24354\" style=\"width: 640px\" class=\"wp-caption aligncenter\"><a href=\"http:\/\/agpnoticias.com\/news\/?attachment_id=24354\" rel=\"attachment wp-att-24354\"><img fetchpriority=\"high\" decoding=\"async\" class=\"size-large wp-image-24354\" alt=\"Los competidores de la San Felipe 250 ya pueden tantear el trayecto a partir de este viernes\" src=\"http:\/\/agpnoticias.com\/news\/wp-content\/uploads\/2013\/02\/Los-competidores-de-la-San-Felipe-250-ya-pueden-tantear-el-trayecto-a-partir-de-este-viernes-640x480.jpg\" width=\"640\" height=\"480\" srcset=\"https:\/\/agpnoticias.com\/news\/wp-content\/uploads\/2013\/02\/Los-competidores-de-la-San-Felipe-250-ya-pueden-tantear-el-trayecto-a-partir-de-este-viernes-640x480.jpg 640w, https:\/\/agpnoticias.com\/news\/wp-content\/uploads\/2013\/02\/Los-competidores-de-la-San-Felipe-250-ya-pueden-tantear-el-trayecto-a-partir-de-este-viernes-320x240.jpg 320w\" sizes=\"(max-width: 640px) 100vw, 640px\" \/><\/a><figcaption id=\"caption-attachment-24354\" class=\"wp-caption-text\">Los competidores de la San Felipe 250 ya pueden tantear el trayecto a partir de este viernes<\/figcaption><\/figure>\n<p>San Felipe, Baja California.- Este d\u00eda Score International abri\u00f3 el periodo de recorridos para la edici\u00f3n 27 de la San Felipe 250, as\u00ed que se espera un fin de semana lleno de polvo en ese puerto de Baja California.<\/p>\n<p>Son un total de 254 millas para todas las categor\u00edas Pros de motocicletas y carros. Para las clases Sportsman o de novatos solamente recorrer\u00e1n 199 para evitar que los veh\u00edculos r\u00e1pidos puedan alcanzar a las motos que son m\u00e1s lentas.<\/p>\n<figure id=\"attachment_24355\" aria-describedby=\"caption-attachment-24355\" style=\"width: 320px\" class=\"wp-caption alignright\"><a href=\"http:\/\/agpnoticias.com\/news\/?attachment_id=24355\" rel=\"attachment wp-att-24355\"><img decoding=\"async\" class=\"size-medium wp-image-24355\" alt=\"Las categor\u00edas Sportsman de motos y carros solamente recorrer\u00e1n 199 de las 254 millas en la San Felipe 250\" src=\"http:\/\/agpnoticias.com\/news\/wp-content\/uploads\/2013\/02\/Las-categor\u00edas-Sportsman-de-motos-y-carros-solamente-recorrer\u00e1n-199-de-las-254-millas-en-la-San-Felipe-250-320x240.jpg\" width=\"320\" height=\"240\" srcset=\"https:\/\/agpnoticias.com\/news\/wp-content\/uploads\/2013\/02\/Las-categor\u00edas-Sportsman-de-motos-y-carros-solamente-recorrer\u00e1n-199-de-las-254-millas-en-la-San-Felipe-250-320x240.jpg 320w, https:\/\/agpnoticias.com\/news\/wp-content\/uploads\/2013\/02\/Las-categor\u00edas-Sportsman-de-motos-y-carros-solamente-recorrer\u00e1n-199-de-las-254-millas-en-la-San-Felipe-250-640x480.jpg 640w\" sizes=\"(max-width: 320px) 100vw, 320px\" \/><\/a><figcaption id=\"caption-attachment-24355\" class=\"wp-caption-text\">Las categor\u00edas Sportsman de motos y carros solamente recorrer\u00e1n 199 de las 254 millas en la San Felipe 250<\/figcaption><\/figure>\n<p>A diferencia de anteriores a\u00f1os con Sal Fish, el nuevo titular Roger Norman decidi\u00f3 que no permitir\u00eda recorrer por la ruta a gente que tuviera acceso al mapa, sino hasta la fecha indicada, por eso es que se public\u00f3 el trayecto oficial el mismo d\u00eda que abren los recorridos.<\/p>\n<p>En esta ocasi\u00f3n la traves\u00eda ser\u00e1 m\u00e1s hacia el lado del ejido Salda\u00f1a, lo que le dar\u00e1 modificar\u00e1 las aventuras de a\u00f1os pasados y sin pasar por el ca\u00f1\u00f3n del Matomi.<\/p>\n<p>La totalidad de la ruta fue marcada esta semana por oficiales de Score International, encabezados por Abelardo Grijalva, presidente del organismo estadounidense.<\/p>\n<p>Son esperados m\u00e1s de 200 participantes durante el evento que se celebrar\u00e1 del 8 al 10 de marzo y que marca el comienzo oficial de la nueva era de Score con Roger Norman al mando.<\/p>\n<p>&nbsp;<\/p>\n<p>Fotos: Cortes\u00eda de Ernesto Araiza\/www.araiza11.com<\/p>\n","protected":false},"excerpt":{"rendered":"<p>San Felipe, Baja California.- Este d\u00eda Score International abri\u00f3 el periodo de recorridos para la&#8230;<\/p>\n","protected":false},"author":1,"featured_media":24354,"comment_status":"closed","ping_status":"closed","sticky":false,"template":"","format":"standard","meta":{"footnotes":""},"categories":[1,37,7],"tags":[],"class_list":["post-24353","post","type-post","status-publish","format-standard","has-post-thumbnail","hentry","category-uncategorized","category-off-road","category-deportes"],"_links":{"self":[{"href":"https:\/\/agpnoticias.com\/news\/index.php?rest_route=\/wp\/v2\/posts\/24353","targetHints":{"allow":["GET"]}}],"collection":[{"href":"https:\/\/agpnoticias.com\/news\/index.php?rest_route=\/wp\/v2\/posts"}],"about":[{"href":"https:\/\/agpnoticias.com\/news\/index.php?rest_route=\/wp\/v2\/types\/post"}],"author":[{"embeddable":true,"href":"https:\/\/agpnoticias.com\/news\/index.php?rest_route=\/wp\/v2\/users\/1"}],"replies":[{"embeddable":true,"href":"https:\/\/agpnoticias.com\/news\/index.php?rest_route=%2Fwp%2Fv2%2Fcomments&post=24353"}],"version-history":[{"count":5,"href":"https:\/\/agpnoticias.com\/news\/index.php?rest_route=\/wp\/v2\/posts\/24353\/revisions"}],"predecessor-version":[{"id":24360,"href":"https:\/\/agpnoticias.com\/news\/index.php?rest_route=\/wp\/v2\/posts\/24353\/revisions\/24360"}],"wp:featuredmedia":[{"embeddable":true,"href":"https:\/\/agpnoticias.com\/news\/index.php?rest_route=\/wp\/v2\/media\/24354"}],"wp:attachment":[{"href":"https:\/\/agpnoticias.com\/news\/index.php?rest_route=%2Fwp%2Fv2%2Fmedia&parent=24353"}],"wp:term":[{"taxonomy":"category","embeddable":true,"href":"https:\/\/agpnoticias.com\/news\/index.php?rest_route=%2Fwp%2Fv2%2Fcategories&post=24353"},{"taxonomy":"post_tag","embeddable":true,"href":"https:\/\/agpnoticias.com\/news\/index.php?rest_route=%2Fwp%2Fv2%2Ftags&post=24353"}],"curies":[{"name":"wp","href":"https:\/\/api.w.org\/{rel}","templated":true}]}}