{"id":24361,"date":"2013-02-22T14:15:30","date_gmt":"2013-02-22T21:15:30","guid":{"rendered":"http:\/\/agpnoticias.com\/news\/?p=24361"},"modified":"2013-02-22T14:15:30","modified_gmt":"2013-02-22T21:15:30","slug":"uniran-fuerzas-pirron-y-encinas","status":"publish","type":"post","link":"https:\/\/agpnoticias.com\/news\/?p=24361","title":{"rendered":"Unir\u00e1n fuerzas Pirr\u00f3n y Encinas"},"content":{"rendered":"<figure id=\"attachment_24362\" aria-describedby=\"caption-attachment-24362\" style=\"width: 640px\" class=\"wp-caption aligncenter\"><a href=\"http:\/\/agpnoticias.com\/news\/?attachment_id=24362\" rel=\"attachment wp-att-24362\"><img fetchpriority=\"high\" decoding=\"async\" class=\"size-large wp-image-24362\" alt=\"Gonzalo Pirr\u00f3n y Roberto Encinas unir\u00e1n esfuerzos en la San Felipe 250\" src=\"http:\/\/agpnoticias.com\/news\/wp-content\/uploads\/2013\/02\/Gonzalo-Pirr\u00f3n-y-Roberto-Encinas-unir\u00e1n-esfuerzos-en-la-San-Felipe-250-640x480.jpg\" width=\"640\" height=\"480\" srcset=\"https:\/\/agpnoticias.com\/news\/wp-content\/uploads\/2013\/02\/Gonzalo-Pirr\u00f3n-y-Roberto-Encinas-unir\u00e1n-esfuerzos-en-la-San-Felipe-250-640x480.jpg 640w, https:\/\/agpnoticias.com\/news\/wp-content\/uploads\/2013\/02\/Gonzalo-Pirr\u00f3n-y-Roberto-Encinas-unir\u00e1n-esfuerzos-en-la-San-Felipe-250-200x150.jpg 200w, https:\/\/agpnoticias.com\/news\/wp-content\/uploads\/2013\/02\/Gonzalo-Pirr\u00f3n-y-Roberto-Encinas-unir\u00e1n-esfuerzos-en-la-San-Felipe-250-320x240.jpg 320w, https:\/\/agpnoticias.com\/news\/wp-content\/uploads\/2013\/02\/Gonzalo-Pirr\u00f3n-y-Roberto-Encinas-unir\u00e1n-esfuerzos-en-la-San-Felipe-250.jpg 800w\" sizes=\"(max-width: 640px) 100vw, 640px\" \/><\/a><figcaption id=\"caption-attachment-24362\" class=\"wp-caption-text\">Gonzalo Pirr\u00f3n y Roberto Encinas unir\u00e1n esfuerzos en la San Felipe 250<\/figcaption><\/figure>\n<p>Ensenada, Baja California.- Gonzalo Pirr\u00f3n tendr\u00e1 un nuevo coequipero para la pr\u00f3xima carrera fuera de camino San Felipe 250 en la persona del tijuanense Roberto Encinas.<\/p>\n<p>Encinas fue invitado por Pirr\u00f3n al no tener listo su Trophy-Truck Jefferies, unidad que es id\u00e9ntica a la que manejar\u00e1 en las 250 millas el pr\u00f3ximo s\u00e1bado 9 de marzo.<\/p>\n<figure id=\"attachment_24363\" aria-describedby=\"caption-attachment-24363\" style=\"width: 320px\" class=\"wp-caption alignright\"><a href=\"http:\/\/agpnoticias.com\/news\/?attachment_id=24363\" rel=\"attachment wp-att-24363\"><img decoding=\"async\" class=\"size-medium wp-image-24363\" alt=\"Ser\u00e1 hasta la Baja 500 que Roberto Encinas vuelva a manejar su Trophy-Truck\" src=\"http:\/\/agpnoticias.com\/news\/wp-content\/uploads\/2013\/02\/Ser\u00e1-hasta-la-Baja-500-que-Roberto-Encinas-vuelva-a-manejar-su-Trophy-Truck-320x240.jpg\" width=\"320\" height=\"240\" srcset=\"https:\/\/agpnoticias.com\/news\/wp-content\/uploads\/2013\/02\/Ser\u00e1-hasta-la-Baja-500-que-Roberto-Encinas-vuelva-a-manejar-su-Trophy-Truck-320x240.jpg 320w, https:\/\/agpnoticias.com\/news\/wp-content\/uploads\/2013\/02\/Ser\u00e1-hasta-la-Baja-500-que-Roberto-Encinas-vuelva-a-manejar-su-Trophy-Truck-200x150.jpg 200w, https:\/\/agpnoticias.com\/news\/wp-content\/uploads\/2013\/02\/Ser\u00e1-hasta-la-Baja-500-que-Roberto-Encinas-vuelva-a-manejar-su-Trophy-Truck-640x480.jpg 640w, https:\/\/agpnoticias.com\/news\/wp-content\/uploads\/2013\/02\/Ser\u00e1-hasta-la-Baja-500-que-Roberto-Encinas-vuelva-a-manejar-su-Trophy-Truck.jpg 800w\" sizes=\"(max-width: 320px) 100vw, 320px\" \/><\/a><figcaption id=\"caption-attachment-24363\" class=\"wp-caption-text\">Ser\u00e1 hasta la Baja 500 que Roberto Encinas vuelva a manejar su Trophy-Truck<\/figcaption><\/figure>\n<p>Actualmente la escuder\u00eda mexicana est\u00e1 trabajando en la log\u00edstica de la ruta de 254 millas, poni\u00e9ndose como objetivo el finalizar la primera fecha de la temporada 2013 de Score International.<\/p>\n<p>Esta ser\u00e1 la primera ocasi\u00f3n desde la \u00faltima 250 que se vea en acci\u00f3n el Chevrolet Silverado n\u00famero 52, esto ante el percance sufrido por Lobsam Yee en el testing del Truck previo a la Baja 500 de junio pasado.<\/p>\n<p>Carlos Nu\u00f1ez ser\u00e1 el copiloto de Pirr\u00f3n y Encinas a lo largo de la traves\u00eda, misma que pasar\u00e1 por puntos como Ejido Salda\u00f1a, arroyo El Arrajal, Laguna del Diablo, Morelia, arroyo Huatamote y el monumento de Los Arcos en San Felipe.<\/p>\n<p>La posici\u00f3n de arranque para la dupla mexicana ser\u00e1 la \u00faltima de 37 en los \u201cMonstruos del desierto\u201d, al pedir ellos un arranque tard\u00edo o Rear start, con lo que dejaron en claro que su meta es finalizar la contienda.<\/p>\n<figure id=\"attachment_24364\" aria-describedby=\"caption-attachment-24364\" style=\"width: 640px\" class=\"wp-caption aligncenter\"><a href=\"http:\/\/agpnoticias.com\/news\/?attachment_id=24364\" rel=\"attachment wp-att-24364\"><img decoding=\"async\" class=\"size-large wp-image-24364\" alt=\"El equipo Pirr\u00f3n Motorsports se enfoca en terminar la San Felipe 250\" src=\"http:\/\/agpnoticias.com\/news\/wp-content\/uploads\/2013\/02\/El-equipo-Pirr\u00f3n-Motorsports-se-enfoca-en-terminar-la-San-Felipe-250-640x480.jpg\" width=\"640\" height=\"480\" srcset=\"https:\/\/agpnoticias.com\/news\/wp-content\/uploads\/2013\/02\/El-equipo-Pirr\u00f3n-Motorsports-se-enfoca-en-terminar-la-San-Felipe-250-640x480.jpg 640w, https:\/\/agpnoticias.com\/news\/wp-content\/uploads\/2013\/02\/El-equipo-Pirr\u00f3n-Motorsports-se-enfoca-en-terminar-la-San-Felipe-250-200x150.jpg 200w, https:\/\/agpnoticias.com\/news\/wp-content\/uploads\/2013\/02\/El-equipo-Pirr\u00f3n-Motorsports-se-enfoca-en-terminar-la-San-Felipe-250-320x240.jpg 320w, https:\/\/agpnoticias.com\/news\/wp-content\/uploads\/2013\/02\/El-equipo-Pirr\u00f3n-Motorsports-se-enfoca-en-terminar-la-San-Felipe-250.jpg 720w\" sizes=\"(max-width: 640px) 100vw, 640px\" \/><\/a><figcaption id=\"caption-attachment-24364\" class=\"wp-caption-text\">El equipo Pirr\u00f3n Motorsports se enfoca en terminar la San Felipe 250<\/figcaption><\/figure>\n<p>&nbsp;<\/p>\n<p>Fotos: Cortes\u00eda de Pirr\u00f3n Motorsports<\/p>\n","protected":false},"excerpt":{"rendered":"<p>Ensenada, Baja California.- Gonzalo Pirr\u00f3n tendr\u00e1 un nuevo coequipero para la pr\u00f3xima carrera fuera de&#8230;<\/p>\n","protected":false},"author":1,"featured_media":24362,"comment_status":"closed","ping_status":"closed","sticky":false,"template":"","format":"standard","meta":{"footnotes":""},"categories":[1,37,7],"tags":[],"class_list":["post-24361","post","type-post","status-publish","format-standard","has-post-thumbnail","hentry","category-uncategorized","category-off-road","category-deportes"],"_links":{"self":[{"href":"https:\/\/agpnoticias.com\/news\/index.php?rest_route=\/wp\/v2\/posts\/24361","targetHints":{"allow":["GET"]}}],"collection":[{"href":"https:\/\/agpnoticias.com\/news\/index.php?rest_route=\/wp\/v2\/posts"}],"about":[{"href":"https:\/\/agpnoticias.com\/news\/index.php?rest_route=\/wp\/v2\/types\/post"}],"author":[{"embeddable":true,"href":"https:\/\/agpnoticias.com\/news\/index.php?rest_route=\/wp\/v2\/users\/1"}],"replies":[{"embeddable":true,"href":"https:\/\/agpnoticias.com\/news\/index.php?rest_route=%2Fwp%2Fv2%2Fcomments&post=24361"}],"version-history":[{"count":1,"href":"https:\/\/agpnoticias.com\/news\/index.php?rest_route=\/wp\/v2\/posts\/24361\/revisions"}],"predecessor-version":[{"id":24365,"href":"https:\/\/agpnoticias.com\/news\/index.php?rest_route=\/wp\/v2\/posts\/24361\/revisions\/24365"}],"wp:featuredmedia":[{"embeddable":true,"href":"https:\/\/agpnoticias.com\/news\/index.php?rest_route=\/wp\/v2\/media\/24362"}],"wp:attachment":[{"href":"https:\/\/agpnoticias.com\/news\/index.php?rest_route=%2Fwp%2Fv2%2Fmedia&parent=24361"}],"wp:term":[{"taxonomy":"category","embeddable":true,"href":"https:\/\/agpnoticias.com\/news\/index.php?rest_route=%2Fwp%2Fv2%2Fcategories&post=24361"},{"taxonomy":"post_tag","embeddable":true,"href":"https:\/\/agpnoticias.com\/news\/index.php?rest_route=%2Fwp%2Fv2%2Ftags&post=24361"}],"curies":[{"name":"wp","href":"https:\/\/api.w.org\/{rel}","templated":true}]}}