{"id":24366,"date":"2013-02-22T14:51:55","date_gmt":"2013-02-22T21:51:55","guid":{"rendered":"http:\/\/agpnoticias.com\/news\/?p=24366"},"modified":"2013-02-22T14:51:55","modified_gmt":"2013-02-22T21:51:55","slug":"incluyen-a-rafa-guzman-en-cartelera-del-30-de-marzo","status":"publish","type":"post","link":"https:\/\/agpnoticias.com\/news\/?p=24366","title":{"rendered":"Incluyen a Rafa Guzm\u00e1n en cartelera del 30 de marzo"},"content":{"rendered":"<figure id=\"attachment_24367\" aria-describedby=\"caption-attachment-24367\" style=\"width: 320px\" class=\"wp-caption alignleft\"><a href=\"http:\/\/agpnoticias.com\/news\/?attachment_id=24367\" rel=\"attachment wp-att-24367\"><img fetchpriority=\"high\" decoding=\"async\" class=\"size-medium wp-image-24367\" alt=\"Rafa Guzm\u00e1n pelear\u00e1 el 30 de marzo en Ensenada\" src=\"http:\/\/agpnoticias.com\/news\/wp-content\/uploads\/2013\/02\/Rafa-Guzm\u00e1n-pelear\u00e1-el-30-de-marzo-en-Ensenada-320x240.jpg\" width=\"320\" height=\"240\" srcset=\"https:\/\/agpnoticias.com\/news\/wp-content\/uploads\/2013\/02\/Rafa-Guzm\u00e1n-pelear\u00e1-el-30-de-marzo-en-Ensenada-320x240.jpg 320w, https:\/\/agpnoticias.com\/news\/wp-content\/uploads\/2013\/02\/Rafa-Guzm\u00e1n-pelear\u00e1-el-30-de-marzo-en-Ensenada-640x480.jpg 640w\" sizes=\"(max-width: 320px) 100vw, 320px\" \/><\/a><figcaption id=\"caption-attachment-24367\" class=\"wp-caption-text\">Rafa Guzm\u00e1n pelear\u00e1 el 30 de marzo en Ensenada<\/figcaption><\/figure>\n<p>Ensenada, Baja California.- El invicto Rafael Guzm\u00e1n Lugo se suma a la lista de talentos locales incluidos dentro de la funci\u00f3n de boxeo que encabezar\u00e1n el local Mario \u201cRocky\u201d Meraz y Francisco \u201cKik\u00edn\u201d R\u00edos el s\u00e1bado 30 de marzo en Ensenada.<\/p>\n<p>Las empresas promotoras Baja Boxing y Efziba Eduardo Promotions informaron la inclusi\u00f3n del peso super ligero que ha ganado sus nuevo combates, siete por nocaut.<\/p>\n<p>Como lo inform\u00f3 el promotor Antonio \u201cCa\u00f1as\u201d Lozada, ser\u00e1n tomados en cuenta la mayor\u00eda de los gimnasios de Ensenada como el de Rafael Guzm\u00e1n, quien tambi\u00e9n presentar\u00e1 a Max Flores, mini mosca cuyo r\u00e9cord es de 12-2, con diez nocauts.<\/p>\n<p>Los rivales de ambos p\u00fagiles a\u00fan no han sido revelados.<\/p>\n<p>En la pelea semifinal, Iv\u00e1n \u201cChoko\u201d Hern\u00e1ndez, ex campe\u00f3n mundial, enfrentar\u00e1 a Ren\u00e9 \u201cRana\u201d Ruiz en la divisi\u00f3n pluma, mientras que Sergio \u201cMicky\u201d L\u00f3pez (14-7) chocar\u00e1 contra Enrique \u201cTorito\u201d Tinoco (8-1-2).<\/p>\n<p>Otra pelea con tintes de revancha, igual que la de Mario \u201cRocky\u201d Meraz, es la que sostendr\u00e1 el ensenadense Carlos \u201cGallito\u201d Morgan ante quien lo venci\u00f3 previamente, Jos\u00e9 \u201cDiablito\u201d Esc\u00e1rrega.<\/p>\n<p>Para Francisco Gabriel Pi\u00f1a el compromiso ser\u00e1 complicado, pues se medir\u00e1 al invicto tijuanense Marco Antonio \u201cPoeta\u201d Ju\u00e1rez.<\/p>\n<p>La presencia local se completar\u00e1 con Gil Velasco Jr., Rom\u00e1n Villalejos, Carlos \u201cProfe\u201d Ram\u00edrez y los debutantes Jes\u00fas P\u00e9rez y Juan Toscano.<\/p>\n","protected":false},"excerpt":{"rendered":"<p>Ensenada, Baja California.- El invicto Rafael Guzm\u00e1n Lugo se suma a la lista de talentos&#8230;<\/p>\n","protected":false},"author":1,"featured_media":24367,"comment_status":"closed","ping_status":"closed","sticky":false,"template":"","format":"standard","meta":{"footnotes":""},"categories":[1,36,7],"tags":[],"class_list":["post-24366","post","type-post","status-publish","format-standard","has-post-thumbnail","hentry","category-uncategorized","category-boxeo","category-deportes"],"_links":{"self":[{"href":"https:\/\/agpnoticias.com\/news\/index.php?rest_route=\/wp\/v2\/posts\/24366","targetHints":{"allow":["GET"]}}],"collection":[{"href":"https:\/\/agpnoticias.com\/news\/index.php?rest_route=\/wp\/v2\/posts"}],"about":[{"href":"https:\/\/agpnoticias.com\/news\/index.php?rest_route=\/wp\/v2\/types\/post"}],"author":[{"embeddable":true,"href":"https:\/\/agpnoticias.com\/news\/index.php?rest_route=\/wp\/v2\/users\/1"}],"replies":[{"embeddable":true,"href":"https:\/\/agpnoticias.com\/news\/index.php?rest_route=%2Fwp%2Fv2%2Fcomments&post=24366"}],"version-history":[{"count":1,"href":"https:\/\/agpnoticias.com\/news\/index.php?rest_route=\/wp\/v2\/posts\/24366\/revisions"}],"predecessor-version":[{"id":24368,"href":"https:\/\/agpnoticias.com\/news\/index.php?rest_route=\/wp\/v2\/posts\/24366\/revisions\/24368"}],"wp:featuredmedia":[{"embeddable":true,"href":"https:\/\/agpnoticias.com\/news\/index.php?rest_route=\/wp\/v2\/media\/24367"}],"wp:attachment":[{"href":"https:\/\/agpnoticias.com\/news\/index.php?rest_route=%2Fwp%2Fv2%2Fmedia&parent=24366"}],"wp:term":[{"taxonomy":"category","embeddable":true,"href":"https:\/\/agpnoticias.com\/news\/index.php?rest_route=%2Fwp%2Fv2%2Fcategories&post=24366"},{"taxonomy":"post_tag","embeddable":true,"href":"https:\/\/agpnoticias.com\/news\/index.php?rest_route=%2Fwp%2Fv2%2Ftags&post=24366"}],"curies":[{"name":"wp","href":"https:\/\/api.w.org\/{rel}","templated":true}]}}