{"id":2468271,"date":"2015-03-01T18:26:33","date_gmt":"2015-03-02T02:26:33","guid":{"rendered":"http:\/\/agpnoticias.com\/news\/?p=2468271"},"modified":"2015-03-01T18:26:34","modified_gmt":"2015-03-02T02:26:34","slug":"corren-bajo-la-lluvia-en-el-cipres","status":"publish","type":"post","link":"https:\/\/agpnoticias.com\/news\/?p=2468271","title":{"rendered":"Corren bajo la lluvia en El Cipr\u00e9s"},"content":{"rendered":"<figure id=\"attachment_2468350\" aria-describedby=\"caption-attachment-2468350\" style=\"width: 800px\" class=\"wp-caption aligncenter\"><a href=\"http:\/\/agpnoticias.com\/news\/corren-bajo-la-lluvia-en-el-cipres\/la-ruta-se-acorto-de-siete-a-cinco-kilometros\/\" rel=\"attachment wp-att-2468350\"><img fetchpriority=\"high\" decoding=\"async\" class=\"size-full wp-image-2468350\" src=\"http:\/\/agpnoticias.com\/news\/wp-content\/uploads\/2015\/03\/La-ruta-se-acort\u00f3-de-siete-a-cinco-kil\u00f3metros.jpg\" alt=\"La ruta se acort\u00f3 de siete a cinco kil\u00f3metros\" width=\"800\" height=\"448\" srcset=\"https:\/\/agpnoticias.com\/news\/wp-content\/uploads\/2015\/03\/La-ruta-se-acort\u00f3-de-siete-a-cinco-kil\u00f3metros.jpg 800w, https:\/\/agpnoticias.com\/news\/wp-content\/uploads\/2015\/03\/La-ruta-se-acort\u00f3-de-siete-a-cinco-kil\u00f3metros-200x112.jpg 200w\" sizes=\"(max-width: 800px) 100vw, 800px\" \/><\/a><figcaption id=\"caption-attachment-2468350\" class=\"wp-caption-text\">La ruta se acort\u00f3 de siete a cinco kil\u00f3metros<\/figcaption><\/figure>\n<figure id=\"attachment_2468357\" aria-describedby=\"caption-attachment-2468357\" style=\"width: 182px\" class=\"wp-caption alignright\"><a href=\"http:\/\/agpnoticias.com\/news\/corren-bajo-la-lluvia-en-el-cipres\/ganadores-de-la-rama-varonil\/\" rel=\"attachment wp-att-2468357\"><img decoding=\"async\" class=\"size-thumbnail wp-image-2468357\" src=\"http:\/\/agpnoticias.com\/news\/wp-content\/uploads\/2015\/03\/Ganadores-de-la-rama-varonil-182x200.jpg\" alt=\"Ganadores de la rama varonil\" width=\"182\" height=\"200\" srcset=\"https:\/\/agpnoticias.com\/news\/wp-content\/uploads\/2015\/03\/Ganadores-de-la-rama-varonil-182x200.jpg 182w, https:\/\/agpnoticias.com\/news\/wp-content\/uploads\/2015\/03\/Ganadores-de-la-rama-varonil.jpg 336w\" sizes=\"(max-width: 182px) 100vw, 182px\" \/><\/a><figcaption id=\"caption-attachment-2468357\" class=\"wp-caption-text\">Ganadores de la rama varonil<\/figcaption><\/figure>\n<p>Ensenada, Baja California.- Por la lluvia dominical, el recorrido de la 2a. Carrera Atl\u00e9tica por la Salud tuvo que ser acortado de los cinco kil\u00f3metros proyectados originalmente a s\u00f3lo cinco, con salida y meta en el Hospital Militar del Cipr\u00e9s.<\/p>\n<p>El evento organizado por el Departamento de Psicolog\u00eda de ese espacio, a cargo de Xehomara Gonz\u00e1lez y Miguel \u00c1ngel Bautista, forma parte de una iniciativa por \u00abfomentar la comunicaci\u00f3n y convivencia entre la comunidad militar y la poblaci\u00f3n civil\u00bb.<\/p>\n<figure id=\"attachment_2468360\" aria-describedby=\"caption-attachment-2468360\" style=\"width: 193px\" class=\"wp-caption alignleft\"><a href=\"http:\/\/agpnoticias.com\/news\/corren-bajo-la-lluvia-en-el-cipres\/ganadoras-femeniles\/\" rel=\"attachment wp-att-2468360\"><img decoding=\"async\" class=\"size-thumbnail wp-image-2468360\" src=\"http:\/\/agpnoticias.com\/news\/wp-content\/uploads\/2015\/03\/Ganadoras-femeniles-193x200.jpg\" alt=\"Ganadoras femeniles\" width=\"193\" height=\"200\" srcset=\"https:\/\/agpnoticias.com\/news\/wp-content\/uploads\/2015\/03\/Ganadoras-femeniles-193x200.jpg 193w, https:\/\/agpnoticias.com\/news\/wp-content\/uploads\/2015\/03\/Ganadoras-femeniles.jpg 336w\" sizes=\"(max-width: 193px) 100vw, 193px\" \/><\/a><figcaption id=\"caption-attachment-2468360\" class=\"wp-caption-text\">Ganadoras femeniles<\/figcaption><\/figure>\n<p>Lo anterior fue informado por Jes\u00fas Armando Peralta, presidente del Club \u00abMuschachos\u00bb, quien se\u00f1al\u00f3 que la siguiente edici\u00f3n del evento est\u00e1 programada el s\u00e1bado 28 de marzo en el mismo lugar.<\/p>\n<p>En esta ocasi\u00f3n, dijo, participaron 56 competidores y destacaron Esteban Rangel, Er\u00e9ndira Brise\u00f1o y Neyli Fernando \u00c1vila, ganadores de las categor\u00edas varonil, femenil e infantil, respectivamente.<\/p>\n<p>Hubo diplomas para los tres primeros lugares generales de ambas ramas, as\u00ed como para los ganadores de las divisiones infantil, adulto y capacidad extraordinaria.<\/p>\n<p>El promotor, a nombre de la Coronel Dinora Olivares Alvarado, Directora del Campo Militar No. 2, agradeci\u00f3 el apoyo brindado por personal del Instituto Municipal del Deporte y Recreaci\u00f3n (Inmudere).<\/p>\n<p><strong>Ganadores<\/strong><\/p>\n<p><strong>Rama femenil<\/strong><\/p>\n<p>Erendira Brise\u00f1o Casta<\/p>\n<p>Gloria Rodr\u00edguez Rodr\u00edguez<\/p>\n<p>Leticia Velazco Mart\u00ednez<\/p>\n<p><strong>Rama Varonil<\/strong><\/p>\n<p>Esteban Rangel B.<\/p>\n<p>Jes\u00fas \u00abMuschacho\u00bb Peralta<\/p>\n<p>Ricardo Javier Conway Garc\u00eda<\/p>\n","protected":false},"excerpt":{"rendered":"<p>Ensenada, Baja California.- Por la lluvia dominical, el recorrido de la 2a. Carrera Atl\u00e9tica por&#8230;<\/p>\n","protected":false},"author":1,"featured_media":2468350,"comment_status":"closed","ping_status":"closed","sticky":false,"template":"","format":"standard","meta":{"footnotes":""},"categories":[1,31,7],"tags":[],"class_list":["post-2468271","post","type-post","status-publish","format-standard","has-post-thumbnail","hentry","category-uncategorized","category-atletismo","category-deportes"],"_links":{"self":[{"href":"https:\/\/agpnoticias.com\/news\/index.php?rest_route=\/wp\/v2\/posts\/2468271","targetHints":{"allow":["GET"]}}],"collection":[{"href":"https:\/\/agpnoticias.com\/news\/index.php?rest_route=\/wp\/v2\/posts"}],"about":[{"href":"https:\/\/agpnoticias.com\/news\/index.php?rest_route=\/wp\/v2\/types\/post"}],"author":[{"embeddable":true,"href":"https:\/\/agpnoticias.com\/news\/index.php?rest_route=\/wp\/v2\/users\/1"}],"replies":[{"embeddable":true,"href":"https:\/\/agpnoticias.com\/news\/index.php?rest_route=%2Fwp%2Fv2%2Fcomments&post=2468271"}],"version-history":[{"count":3,"href":"https:\/\/agpnoticias.com\/news\/index.php?rest_route=\/wp\/v2\/posts\/2468271\/revisions"}],"predecessor-version":[{"id":2468366,"href":"https:\/\/agpnoticias.com\/news\/index.php?rest_route=\/wp\/v2\/posts\/2468271\/revisions\/2468366"}],"wp:featuredmedia":[{"embeddable":true,"href":"https:\/\/agpnoticias.com\/news\/index.php?rest_route=\/wp\/v2\/media\/2468350"}],"wp:attachment":[{"href":"https:\/\/agpnoticias.com\/news\/index.php?rest_route=%2Fwp%2Fv2%2Fmedia&parent=2468271"}],"wp:term":[{"taxonomy":"category","embeddable":true,"href":"https:\/\/agpnoticias.com\/news\/index.php?rest_route=%2Fwp%2Fv2%2Fcategories&post=2468271"},{"taxonomy":"post_tag","embeddable":true,"href":"https:\/\/agpnoticias.com\/news\/index.php?rest_route=%2Fwp%2Fv2%2Ftags&post=2468271"}],"curies":[{"name":"wp","href":"https:\/\/api.w.org\/{rel}","templated":true}]}}