{"id":25484,"date":"2013-03-15T17:46:49","date_gmt":"2013-03-16T00:46:49","guid":{"rendered":"http:\/\/agpnoticias.com\/news\/?p=25484"},"modified":"2014-03-11T12:57:21","modified_gmt":"2014-03-11T19:57:21","slug":"pretende-segunda-division-trabajar-con-universidades","status":"publish","type":"post","link":"https:\/\/agpnoticias.com\/news\/?p=25484","title":{"rendered":"Pretende Segunda Divisi\u00f3n trabajar con universidades"},"content":{"rendered":"<figure id=\"attachment_25485\" aria-describedby=\"caption-attachment-25485\" style=\"width: 640px\" class=\"wp-caption aligncenter\"><a href=\"http:\/\/agpnoticias.com\/news\/?attachment_id=25485\" rel=\"attachment wp-att-25485\"><img fetchpriority=\"high\" decoding=\"async\" class=\"size-full wp-image-25485\" alt=\"Sa\u00fal Castro recibi\u00f3 al titular de la Segunda Divisi\u00f3n Profesional\" src=\"http:\/\/agpnoticias.com\/news\/wp-content\/uploads\/2013\/03\/Sa\u00fal-Castro-recibi\u00f3-al-titular-de-la-Segunda-Divisi\u00f3n-Profesional.jpg\" width=\"640\" height=\"437\" srcset=\"https:\/\/agpnoticias.com\/news\/wp-content\/uploads\/2013\/03\/Sa\u00fal-Castro-recibi\u00f3-al-titular-de-la-Segunda-Divisi\u00f3n-Profesional.jpg 640w, https:\/\/agpnoticias.com\/news\/wp-content\/uploads\/2013\/03\/Sa\u00fal-Castro-recibi\u00f3-al-titular-de-la-Segunda-Divisi\u00f3n-Profesional-200x136.jpg 200w\" sizes=\"(max-width: 640px) 100vw, 640px\" \/><\/a><figcaption id=\"caption-attachment-25485\" class=\"wp-caption-text\">Sa\u00fal Castro recibi\u00f3 al titular de la Segunda Divisi\u00f3n Profesional<\/figcaption><\/figure>\n<p>Tijuana, Baja California.- Un torneo similar al de los colegios de los Estados Unidos planea realizar la Segunda Divisi\u00f3n del Futbol Profesional de M\u00e9xico, en conjunto con las instituciones educativas de educaci\u00f3n superior.<\/p>\n<p>Jos\u00e9 V\u00e1zquez \u00c1vila, presidente del circuito afiliado a la Federaci\u00f3n Mexicana de Futbol, expuso los avances del proyecto al director del Instituto del Deporte de Baja California (INDE), Sa\u00fal Castro Verdugo.<\/p>\n<p>El objetivo principal consiste en fortalecer la formaci\u00f3n integral de los estudiantes no s\u00f3lo como futbolistas, sino tambi\u00e9n como profesionistas, becados y con la oportunidad de desarrollar una carrera universitaria.<\/p>\n<p>\u201cTal vez no todos lleguen a ser jugadores profesionales o futbolistas en la primera divisi\u00f3n, pero con el apoyo de las universidades pueden jugar de manera organizada representando a su instituci\u00f3n y desarrollar una carrera profesional\u201d, explic\u00f3.<\/p>\n<p>Actualmente las universidades de Ciudad Ju\u00e1rez, Colima, Chiapas, Estado de M\u00e9xico y Nuevo Le\u00f3n ya aplican un esquema similar al que proyecta la divisi\u00f3n de ascenso.<\/p>\n<p>\u201cBuscamos crear y desarrollar una sinergia entre las universidades y nuestro deporte, consideramos que es un proyecto de impacto a nivel social y en la que se busca colaborar tambi\u00e9n en el \u00e1mbito gubernamental con organismos como los institutos deportivos de los estados\u201d, apunt\u00f3.<\/p>\n<p>El directivo destac\u00f3 a Baja California como un referente en el pa\u00eds, dado el crecimiento que la entidad ha tenido en la formaci\u00f3n de atletas y buenos estudiantes, ya que muchos de los deportistas que integran\u00a0\u00a0el programa han tenido la oportunidad de estudiar en instituciones acad\u00e9micas de buen nivel.<\/p>\n<p>\u201cBuscamos que aprendan a ser profesionales, buenos ciudadanos y sobretodo contar con una formaci\u00f3n integral\u201d, agreg\u00f3.<\/p>\n<p>&nbsp;<\/p>\n<p>Informaci\u00f3n y fotograf\u00edas: Instituto del Deporte de Baja California (INDE).<\/p>\n","protected":false},"excerpt":{"rendered":"<p>Tijuana, Baja California.- Un torneo similar al de los colegios de los Estados Unidos planea&#8230;<\/p>\n","protected":false},"author":1,"featured_media":25485,"comment_status":"closed","ping_status":"closed","sticky":false,"template":"","format":"standard","meta":{"footnotes":""},"categories":[73,7,32],"tags":[],"class_list":["post-25484","post","type-post","status-publish","format-standard","has-post-thumbnail","hentry","category-deportebajacalifornia","category-deportes","category-soccer"],"_links":{"self":[{"href":"https:\/\/agpnoticias.com\/news\/index.php?rest_route=\/wp\/v2\/posts\/25484","targetHints":{"allow":["GET"]}}],"collection":[{"href":"https:\/\/agpnoticias.com\/news\/index.php?rest_route=\/wp\/v2\/posts"}],"about":[{"href":"https:\/\/agpnoticias.com\/news\/index.php?rest_route=\/wp\/v2\/types\/post"}],"author":[{"embeddable":true,"href":"https:\/\/agpnoticias.com\/news\/index.php?rest_route=\/wp\/v2\/users\/1"}],"replies":[{"embeddable":true,"href":"https:\/\/agpnoticias.com\/news\/index.php?rest_route=%2Fwp%2Fv2%2Fcomments&post=25484"}],"version-history":[{"count":2,"href":"https:\/\/agpnoticias.com\/news\/index.php?rest_route=\/wp\/v2\/posts\/25484\/revisions"}],"predecessor-version":[{"id":39622,"href":"https:\/\/agpnoticias.com\/news\/index.php?rest_route=\/wp\/v2\/posts\/25484\/revisions\/39622"}],"wp:featuredmedia":[{"embeddable":true,"href":"https:\/\/agpnoticias.com\/news\/index.php?rest_route=\/wp\/v2\/media\/25485"}],"wp:attachment":[{"href":"https:\/\/agpnoticias.com\/news\/index.php?rest_route=%2Fwp%2Fv2%2Fmedia&parent=25484"}],"wp:term":[{"taxonomy":"category","embeddable":true,"href":"https:\/\/agpnoticias.com\/news\/index.php?rest_route=%2Fwp%2Fv2%2Fcategories&post=25484"},{"taxonomy":"post_tag","embeddable":true,"href":"https:\/\/agpnoticias.com\/news\/index.php?rest_route=%2Fwp%2Fv2%2Ftags&post=25484"}],"curies":[{"name":"wp","href":"https:\/\/api.w.org\/{rel}","templated":true}]}}