{"id":2617,"date":"2011-02-23T09:04:01","date_gmt":"2011-02-23T17:04:01","guid":{"rendered":"http:\/\/agpnoticias.com\/news\/?p=2617"},"modified":"2011-02-22T21:26:27","modified_gmt":"2011-02-23T05:26:27","slug":"secretaria-de-turismo-invita-al-carnaval-de-ensenada-2011","status":"publish","type":"post","link":"https:\/\/agpnoticias.com\/news\/?p=2617","title":{"rendered":"Secretaria de Turismo invita al Carnaval de Ensenada 2011"},"content":{"rendered":"<p>ENSENADA, Mexico.- La Secretar\u00eda de Turismo del Estado (Secture) invita a la celebraci\u00f3n con motivo del Carnaval Hist\u00f3rico denominado \u201cFiesta Tropical 2011\u201d, que se llevar\u00e1 a cabo del jueves 3 al martes 8 de marzo en el Bulevar Costero.<\/p>\n<p>El Delegado de la Secretar\u00eda de Turismo en Ensenada, Jos\u00e9 \u00c1ngel Le\u00f3n Zumar\u00e1n, mencion\u00f3 que el Carnaval arrancar\u00e1 el jueves 3 a las 20 horas, en donde se tendr\u00e1 la \u201cquema del mal humor\u201d y los d\u00edas siguientes se realizar\u00e1n desfiles con carros aleg\u00f3ricos, adem\u00e1s se festejar\u00e1 el \u201cD\u00eda del marido oprimido\u201d y el 8 de marzo, \u00faltimo d\u00eda de las celebraci\u00f3n, se cerrar\u00e1 con la ceremonia de premiaci\u00f3n as\u00ed como el \u201cEntierro de Juan Carnaval\u201d.<!--more--><\/p>\n<p>Destac\u00f3 que se hizo difusi\u00f3n del carnaval en el Sur de California, Mexicali y Tijuana tanto en televisi\u00f3n y radio, esto para lograr una meta del 90 al 95% de ocupaci\u00f3n hotelera la noche del viernes, s\u00e1bado y parte de la noche de domingo.<\/p>\n<p>\u201cDurante los d\u00edas de carnaval habr\u00e1 otras opciones como es el avistamiento de ballenas, fen\u00f3meno natural el cual tenemos el privilegio de admirar cada a\u00f1o en estas fechas para el cual ya se tienen acuerdos de precios especiales para grupos de familias\u201d, dijo Jos\u00e9 \u00c1ngel Le\u00f3n.<\/p>\n<p>El funcionario estatal inform\u00f3 que este es un avistamiento a mar abierto en las afueras de la Bah\u00eda de Todos Santos (Ensenada), zona donde se ubica la ruta de paso de este hermoso cet\u00e1ceo, adem\u00e1s se pueden observar especies marinas como lobos marinos, delfines, alcatraces, pel\u00edcanos, entre otros.<\/p>\n<p>As\u00ed mismo puntualiz\u00f3 que ese fin de semana se esta ofertando la ocupaci\u00f3n hotelera, adem\u00e1s de que algunos hoteles ofrecer\u00e1n m\u00e1s especiales como desayuno, degustaci\u00f3n de vinos, ambig\u00fa de bienvenida, paseo por la ruta el vino, entre otros.<\/p>\n<p>Finalmente explic\u00f3 que es importante que traigan su credencial del programa \u201cSe turista en tu Estado\u201d para que obtenga descuentos en los establecimientos participantes.<\/p>\n<p>Para mayor informaci\u00f3n, visite las oficinas de la delegaci\u00f3n de turismo que estar\u00e1n abiertas de lunes a viernes de 8 a 18 horas y s\u00e1bados de 9 a 13 horas, o podr\u00e1n comunicarse al 078 l\u00ednea gratuita, donde se ofrecer\u00e1 informaci\u00f3n del carnaval u opciones de actividades tur\u00edsticas. AGP\/Alejandro Zepeda\/STR<\/p>\n","protected":false},"excerpt":{"rendered":"<p>ENSENADA, Mexico.- La Secretar\u00eda de Turismo del Estado (Secture) invita a la celebraci\u00f3n con motivo&#8230;<\/p>\n","protected":false},"author":1,"featured_media":2618,"comment_status":"open","ping_status":"open","sticky":false,"template":"","format":"standard","meta":{"footnotes":""},"categories":[1],"tags":[],"class_list":["post-2617","post","type-post","status-publish","format-standard","has-post-thumbnail","hentry","category-uncategorized"],"_links":{"self":[{"href":"https:\/\/agpnoticias.com\/news\/index.php?rest_route=\/wp\/v2\/posts\/2617","targetHints":{"allow":["GET"]}}],"collection":[{"href":"https:\/\/agpnoticias.com\/news\/index.php?rest_route=\/wp\/v2\/posts"}],"about":[{"href":"https:\/\/agpnoticias.com\/news\/index.php?rest_route=\/wp\/v2\/types\/post"}],"author":[{"embeddable":true,"href":"https:\/\/agpnoticias.com\/news\/index.php?rest_route=\/wp\/v2\/users\/1"}],"replies":[{"embeddable":true,"href":"https:\/\/agpnoticias.com\/news\/index.php?rest_route=%2Fwp%2Fv2%2Fcomments&post=2617"}],"version-history":[{"count":2,"href":"https:\/\/agpnoticias.com\/news\/index.php?rest_route=\/wp\/v2\/posts\/2617\/revisions"}],"predecessor-version":[{"id":2620,"href":"https:\/\/agpnoticias.com\/news\/index.php?rest_route=\/wp\/v2\/posts\/2617\/revisions\/2620"}],"wp:featuredmedia":[{"embeddable":true,"href":"https:\/\/agpnoticias.com\/news\/index.php?rest_route=\/wp\/v2\/media\/2618"}],"wp:attachment":[{"href":"https:\/\/agpnoticias.com\/news\/index.php?rest_route=%2Fwp%2Fv2%2Fmedia&parent=2617"}],"wp:term":[{"taxonomy":"category","embeddable":true,"href":"https:\/\/agpnoticias.com\/news\/index.php?rest_route=%2Fwp%2Fv2%2Fcategories&post=2617"},{"taxonomy":"post_tag","embeddable":true,"href":"https:\/\/agpnoticias.com\/news\/index.php?rest_route=%2Fwp%2Fv2%2Ftags&post=2617"}],"curies":[{"name":"wp","href":"https:\/\/api.w.org\/{rel}","templated":true}]}}