{"id":2637,"date":"2011-02-23T11:31:01","date_gmt":"2011-02-23T19:31:01","guid":{"rendered":"http:\/\/agpnoticias.com\/news\/?p=2637"},"modified":"2011-02-23T11:31:01","modified_gmt":"2011-02-23T19:31:01","slug":"beisbolista-iker-franco-un-orgullo-para-ensenada","status":"publish","type":"post","link":"https:\/\/agpnoticias.com\/news\/?p=2637","title":{"rendered":"Beisbolista Iker Franco un orgullo para Ensenada"},"content":{"rendered":"<p>ENSENADA, Mexico.- Despu\u00e9s de completar un invierno redondo como responsable directo del campeonato de M\u00e9xico en la Serie del Caribe, Iker Franco Arce est\u00e1 de visita en casa con Don Nacho y Do\u00f1a Manuela, sus m\u00e1sfervientes seguidores.<\/p>\n<p>Ah\u00ed en la sala de su casa, el \u201cVaquero\u201d atiende a El Vig\u00eda, un periodico ensenadense, \u00a0junto sus padres, quienes siguieron de cerca cada paso de los Yaquis en su camino al campeonato de la Liga Mexicana del Pac\u00edfico, para luego festejar el triunfo de M\u00e9xico en la Serie del Caribe.<!--more--><\/p>\n<p>\u201cVimos la Serie del Caribe, muy contentos, emocionados, apoyando a M\u00e9xico por supuesto, viendo que hac\u00eda el hijo, gracias a Dios le fue muy bien y se trajeron el campeonato\u201d, dijo don Nacho Franco, entusiasta aficionado al beisbol amateur en Ensenada.<\/p>\n<p>\u00c9l es el menor, comentan orgullosos sus padres, Iker tiene un hermano mayor que se llama Jos\u00e9 Ignacio y vive en Loreto, Baja California Sur.<\/p>\n<p>Ambos recuerdan con nostalgia que Iker emigr\u00f3 de Ensenada desde los 14 a\u00f1os de edad, cuando su talento capt\u00f3 la atenci\u00f3n de las organizaciones profesionales que de inmediato lo reclutaron.<\/p>\n<p>\u201cEs duro, en ocasiones nos vemos dos veces al a\u00f1o, pero mi se\u00f1ora y yo nos turnamos para ir a visitarlo, afortunadamente no ha defraudado, ojal\u00e1 se cuide mucho ya que es un ejemplo para la gente de Ensenada, Baja California y M\u00e9xico\u201d, indic\u00f3 su padre.<\/p>\n<p>Los \u00e9xitos<\/p>\n<p>Mientras espera para reportar con los Tigres de Quintana Roo, Iker Franco disfruta en familia recordando su exitoso antecedente invernal.<\/p>\n<p>Y es que tanto su bat como su brazo resultaron determinantes para que los Yaquis de Ciudad Obreg\u00f3n, escuadr\u00f3n dirigido por el dominicano Eddy D\u00edaz, lograra el primer t\u00edtulo para M\u00e9xico en ocho a\u00f1os (Tomateros de Culiac\u00e1n en 2002).<\/p>\n<p>\u201cEl manager dijo que \u00e9ramos un equipo tocado por el destino, y desde el principio nos salieron las cosas\u201d, apunt\u00f3 al referirse a la base del plantel nacional, formada por jugadores de los Yaquis.<\/p>\n<p>Todo empez\u00f3 en la campa\u00f1a de la Mex Pac cuando Yaquis de Ciudad Obreg\u00f3n conjunt\u00f3 su pitcheo con uno oportuna ofensiva para ganar el t\u00edtulo y con ello la representaci\u00f3n de M\u00e9xico en la justa caribe\u00f1a programada en Puerto Rico.<\/p>\n<p>\u201cFue un equipo muy unido, tengo unos compa\u00f1eros excelentes, tremendo pitcheo y el bateo respondi\u00f3 a la hora oportuna; llenando esos aspectos, ten\u00edamos casi asegurado el campeonato\u201d, coment\u00f3 el pelotero que logr\u00f3 su segundo t\u00edtulo enfundado en la franela de Obreg\u00f3n<\/p>\n<p>En su cuarto calendario defendiendo los colores de Yaquis, luego de ser cambiado por Naranjeros de Hermosillo, Iker Franco termin\u00f3 el a\u00f1o con promedio de .273, nueve cuadrangulares y 44 carreras impulsadas en 66 juegos.<\/p>\n<p>\u201cFue una temporada bastante buena, los batazos llegaron a la hora buena, aunque me hubiera gustado (conectar) un poco m\u00e1s de cuadrangulares, gracias a Dios a la defensiva le aporte mucho al equipo\u201d, se\u00f1al\u00f3.<\/p>\n<p>Inicio inmejorable<\/p>\n<p>Iker Franco fue el h\u00e9roe en la primera fecha de la Serie del Caribe, al conectar, en el cierre del decimoquinto inning, el sencillo que defini\u00f3 el duelo ante Rep\u00fablica Dominicana por marcador de 4-3.<\/p>\n<p>En la edici\u00f3n 53 de la justa, celebrada en Mayag\u00fcez, Puerto Rico, M\u00e9xico inici\u00f3 a trazar el camino al cetro, gracias a la aportaci\u00f3n del ensenadense.<\/p>\n<p>\u201cLos refuerzos se acoplaron al 100 por ciento; ven\u00edamos de jugar en fr\u00edo y nos afect\u00f3 un poco el calor tropical, pero no perdimos esos deseos de ganar, poner el nombre del beisbol mexicano en alto\u201d, indic\u00f3.<\/p>\n<p>Presencia bajacaliforniana<\/p>\n<p>El roster de M\u00e9xico incluy\u00f3 a los bajacalifornianos Leo Heras (Tecate), Oscar Robles (Tijuana), Agust\u00edn Murillo (Tijuana) e Iker Franco (Ensenada) \u201cLos tres son grandes peloteros de Baja California, grandes amigos, creo que se llev\u00f3 lo mejor a la Serie del Caribe\u201d, dijo.<\/p>\n<p>Equipo ideal<\/p>\n<p>Iker Franco, junto a Karim Garc\u00eda (jard\u00edn derecho), Barbaro Ca\u00f1izares (bateador designado) y el Jugador M\u00e1s Valioso Jorge \u201cChato\u201d V\u00e1zquez (primera base), fueron elegidos para integrar el equipo ideal del certamen.<\/p>\n<p>Al \u201cChato\u201d lo calific\u00f3 como \u201cel mejor bateador de M\u00e9xico, con mucha fuerza y gran potencial\u201d..<\/p>\n<p>\u201cEst\u00e1bamos esperando el resultado de Puerto Rico contra Dominicana, me fui a descansar al hotel, varios compa\u00f1eros se quedaron en el estadio y recib\u00ed la noticia cuando regresaron, no me hab\u00eda dado cuenta, es un orgullo estar en la novena ideal, un sue\u00f1o de ni\u00f1ez\u201d, explic\u00f3.<\/p>\n<p>La victoria Dominicana borr\u00f3 la posibilidad de un partido de desempate ante Puerto Rico, representativo que venci\u00f3 dos veces al conjunto tricolor.<\/p>\n<p>\u201cPuerto Rico tenia tremendo equipo, nos ganaron los dos juegos\u201d, pero, \u201cde haberse dado el encuentro extra, hubi\u00e9ramos ganado\u201d, confi\u00f3.<\/p>\n<p>Los \u201cmexicanitos\u201d dejaron la etiqueta de \u201cpatito feo\u201d La prensa boricua llamaba al seleccionado azteca \u201cmexicanitos\u201d, situaci\u00f3n que no consigui\u00f3 desviar la atenci\u00f3n de los nacionales.<\/p>\n<p>\u201cSiempre ven a M\u00e9xico como el \u201cpatito feo\u201d, pero demostramos que estamos al t\u00fa por t\u00fa con cualquiera, muchos dicen que no aparecieron las grandes estrellas, ya que esperan ver a Manny Ram\u00edrez, David Ortiz, estas son las nuevas generaciones que son las futuras estrellas de Grandes Ligas\u201d, asever\u00f3.<\/p>\n<p>La clave del \u00e9xito, reiter\u00f3, fueron \u201cla uni\u00f3n y el buen manejo del equipo nos condujo al campeonato\u201d.<\/p>\n<p>Visita a Los Pinos<\/p>\n<p>Sobre la visita realizada a la Residencia Oficial de Los Pinos, Iker, asegur\u00f3 sentirse \u201ccontento de que nos haya felicitado el Presidente, eso quiere decir que est\u00e1n viendo mas el beisbol\u201d.<\/p>\n<p>Franco Arce recibi\u00f3 los env\u00edos simb\u00f3licos del Presidente de la Rep\u00fablica Felipe Calder\u00f3n Hinojosa y la primera dama Margarita Zavala, durante la visita de los Yaquis a la residencia.<\/p>\n<p>Reporta el lunes a Canc\u00fan<\/p>\n<p>S\u00f3lo unos d\u00edas disfrutar\u00e1 Iker Franco de su familia, antes de reportar al campamento de Tigres de Quintana Roo en Canc\u00fan, el lunes 28 de febrero.<\/p>\n<p>\u201cMe hablaron para que reportara pero les ped\u00ed unos d\u00edas m\u00e1s\u201d, mencion\u00f3 el jugador que estar\u00e1 listo para la inauguraci\u00f3n de la temporada 2011 de la Liga Mexicana de Verano.<\/p>\n<p>Los felinos de Mat\u00edas Carrillo visitan el 18 de marzo el Foro Sol de la capital del pa\u00eds para enfrentar a Diablos Rojos del M\u00e9xico. AGP\/Alejandro Zepeda\/redaccion de Angel Dominguez<\/p>\n","protected":false},"excerpt":{"rendered":"<p>ENSENADA, Mexico.- Despu\u00e9s de completar un invierno redondo como responsable directo del campeonato de M\u00e9xico&#8230;<\/p>\n","protected":false},"author":1,"featured_media":2638,"comment_status":"open","ping_status":"open","sticky":false,"template":"","format":"standard","meta":{"footnotes":""},"categories":[1,7],"tags":[],"class_list":["post-2637","post","type-post","status-publish","format-standard","has-post-thumbnail","hentry","category-uncategorized","category-deportes"],"_links":{"self":[{"href":"https:\/\/agpnoticias.com\/news\/index.php?rest_route=\/wp\/v2\/posts\/2637","targetHints":{"allow":["GET"]}}],"collection":[{"href":"https:\/\/agpnoticias.com\/news\/index.php?rest_route=\/wp\/v2\/posts"}],"about":[{"href":"https:\/\/agpnoticias.com\/news\/index.php?rest_route=\/wp\/v2\/types\/post"}],"author":[{"embeddable":true,"href":"https:\/\/agpnoticias.com\/news\/index.php?rest_route=\/wp\/v2\/users\/1"}],"replies":[{"embeddable":true,"href":"https:\/\/agpnoticias.com\/news\/index.php?rest_route=%2Fwp%2Fv2%2Fcomments&post=2637"}],"version-history":[{"count":2,"href":"https:\/\/agpnoticias.com\/news\/index.php?rest_route=\/wp\/v2\/posts\/2637\/revisions"}],"predecessor-version":[{"id":2640,"href":"https:\/\/agpnoticias.com\/news\/index.php?rest_route=\/wp\/v2\/posts\/2637\/revisions\/2640"}],"wp:featuredmedia":[{"embeddable":true,"href":"https:\/\/agpnoticias.com\/news\/index.php?rest_route=\/wp\/v2\/media\/2638"}],"wp:attachment":[{"href":"https:\/\/agpnoticias.com\/news\/index.php?rest_route=%2Fwp%2Fv2%2Fmedia&parent=2637"}],"wp:term":[{"taxonomy":"category","embeddable":true,"href":"https:\/\/agpnoticias.com\/news\/index.php?rest_route=%2Fwp%2Fv2%2Fcategories&post=2637"},{"taxonomy":"post_tag","embeddable":true,"href":"https:\/\/agpnoticias.com\/news\/index.php?rest_route=%2Fwp%2Fv2%2Ftags&post=2637"}],"curies":[{"name":"wp","href":"https:\/\/api.w.org\/{rel}","templated":true}]}}