{"id":27285,"date":"2013-04-19T15:17:36","date_gmt":"2013-04-19T22:17:36","guid":{"rendered":"http:\/\/agpnoticias.com\/news\/?p=27285"},"modified":"2013-04-19T15:17:36","modified_gmt":"2013-04-19T22:17:36","slug":"homenaje-al-chapo-vigil","status":"publish","type":"post","link":"https:\/\/agpnoticias.com\/news\/?p=27285","title":{"rendered":"Homenaje al \u201cChapo\u201d Vigil"},"content":{"rendered":"<figure id=\"attachment_27286\" aria-describedby=\"caption-attachment-27286\" style=\"width: 640px\" class=\"wp-caption aligncenter\"><a href=\"http:\/\/agpnoticias.com\/news\/?attachment_id=27286\" rel=\"attachment wp-att-27286\"><img fetchpriority=\"high\" decoding=\"async\" class=\"size-large wp-image-27286\" alt=\"Jos\u00e9 Refugio &quot;Chapo&quot; Vigil con su familia\" src=\"http:\/\/agpnoticias.com\/news\/wp-content\/uploads\/2013\/04\/Jos\u00e9-Refugio-Chapo-Vigil-con-su-familia-640x480.jpg\" width=\"640\" height=\"480\" srcset=\"https:\/\/agpnoticias.com\/news\/wp-content\/uploads\/2013\/04\/Jos\u00e9-Refugio-Chapo-Vigil-con-su-familia-640x480.jpg 640w, https:\/\/agpnoticias.com\/news\/wp-content\/uploads\/2013\/04\/Jos\u00e9-Refugio-Chapo-Vigil-con-su-familia-200x150.jpg 200w, https:\/\/agpnoticias.com\/news\/wp-content\/uploads\/2013\/04\/Jos\u00e9-Refugio-Chapo-Vigil-con-su-familia-320x240.jpg 320w, https:\/\/agpnoticias.com\/news\/wp-content\/uploads\/2013\/04\/Jos\u00e9-Refugio-Chapo-Vigil-con-su-familia.jpg 798w\" sizes=\"(max-width: 640px) 100vw, 640px\" \/><\/a><figcaption id=\"caption-attachment-27286\" class=\"wp-caption-text\">Jos\u00e9 Refugio \u00abChapo\u00bb Vigil con su familia<\/figcaption><\/figure>\n<p>Ensenada, Baja California.- Sus 28 a\u00f1os de labor docente y una de las trayectorias m\u00e1s brillantes del atletismo local fueron motivo de homenaje para Jos\u00e9 Refugio \u201cChapo\u201d Vigil.<\/p>\n<figure id=\"attachment_27287\" aria-describedby=\"caption-attachment-27287\" style=\"width: 320px\" class=\"wp-caption alignright\"><a href=\"http:\/\/agpnoticias.com\/news\/?attachment_id=27287\" rel=\"attachment wp-att-27287\"><img decoding=\"async\" class=\"size-medium wp-image-27287\" alt=\"Alrededor de 370 alumnos de primaria participaron en el festival atl\u00e9tico\" src=\"http:\/\/agpnoticias.com\/news\/wp-content\/uploads\/2013\/04\/Alrededor-de-370-alumnos-de-primaria-participaron-en-el-festival-atl\u00e9tico-320x240.jpg\" width=\"320\" height=\"240\" \/><\/a><figcaption id=\"caption-attachment-27287\" class=\"wp-caption-text\">Alrededor de 370 alumnos de primaria participaron en el festival atl\u00e9tico<\/figcaption><\/figure>\n<p>La coordinaci\u00f3n municipal de educaci\u00f3n f\u00edsica en nivel primarias, rindi\u00f3 el reconocimiento en el marco de un festival atl\u00e9tico infantil en el que participaron 38 escuelas y alrededor de 370 alumnos nacidos entre 2003 y 2004.<\/p>\n<p>\u201cInici\u00e9 en las carreras desde que estuve en la secundaria y represent\u00e9 a Ensenada por m\u00e1s de 20 a\u00f1os ganando los mejores eventos del estado contra gente de la talla de Emeterio Nava y Porfirio Vargas\u201d, record\u00f3.<\/p>\n<p>Ensenada, por aquellos a\u00f1os, \u201cera el equipo m\u00e1s fuerte de todo el estado\u201d y \u201ca m\u00ed la distancia que m\u00e1s se me daba eran los cinco mil metros\u201d.<\/p>\n<p>Actualmente, el \u201cChapo\u201d labora en las escuelas primarias Elpidio Berlanga y L\u00e1zaro C\u00e1rdenas y \u201cya estoy a punto de jubilarme en este a\u00f1o\u201d, dijo, con l\u00e1grimas en los ojos y voz entrecortada, sobre la pista de la unidad deportiva Juan Abelardo Rodr\u00edguez Sullivan.<\/p>\n<p>Las competencias incluyeron actividades en pruebas de pista y campo.<\/p>\n","protected":false},"excerpt":{"rendered":"<p>Ensenada, Baja California.- Sus 28 a\u00f1os de labor docente y una de las trayectorias m\u00e1s&#8230;<\/p>\n","protected":false},"author":1,"featured_media":27286,"comment_status":"closed","ping_status":"closed","sticky":false,"template":"","format":"standard","meta":{"footnotes":""},"categories":[31,7],"tags":[],"class_list":["post-27285","post","type-post","status-publish","format-standard","has-post-thumbnail","hentry","category-atletismo","category-deportes"],"_links":{"self":[{"href":"https:\/\/agpnoticias.com\/news\/index.php?rest_route=\/wp\/v2\/posts\/27285","targetHints":{"allow":["GET"]}}],"collection":[{"href":"https:\/\/agpnoticias.com\/news\/index.php?rest_route=\/wp\/v2\/posts"}],"about":[{"href":"https:\/\/agpnoticias.com\/news\/index.php?rest_route=\/wp\/v2\/types\/post"}],"author":[{"embeddable":true,"href":"https:\/\/agpnoticias.com\/news\/index.php?rest_route=\/wp\/v2\/users\/1"}],"replies":[{"embeddable":true,"href":"https:\/\/agpnoticias.com\/news\/index.php?rest_route=%2Fwp%2Fv2%2Fcomments&post=27285"}],"version-history":[{"count":1,"href":"https:\/\/agpnoticias.com\/news\/index.php?rest_route=\/wp\/v2\/posts\/27285\/revisions"}],"predecessor-version":[{"id":27288,"href":"https:\/\/agpnoticias.com\/news\/index.php?rest_route=\/wp\/v2\/posts\/27285\/revisions\/27288"}],"wp:featuredmedia":[{"embeddable":true,"href":"https:\/\/agpnoticias.com\/news\/index.php?rest_route=\/wp\/v2\/media\/27286"}],"wp:attachment":[{"href":"https:\/\/agpnoticias.com\/news\/index.php?rest_route=%2Fwp%2Fv2%2Fmedia&parent=27285"}],"wp:term":[{"taxonomy":"category","embeddable":true,"href":"https:\/\/agpnoticias.com\/news\/index.php?rest_route=%2Fwp%2Fv2%2Fcategories&post=27285"},{"taxonomy":"post_tag","embeddable":true,"href":"https:\/\/agpnoticias.com\/news\/index.php?rest_route=%2Fwp%2Fv2%2Ftags&post=27285"}],"curies":[{"name":"wp","href":"https:\/\/api.w.org\/{rel}","templated":true}]}}