{"id":27289,"date":"2013-04-19T15:19:15","date_gmt":"2013-04-19T22:19:15","guid":{"rendered":"http:\/\/agpnoticias.com\/news\/?p=27289"},"modified":"2013-04-19T17:48:26","modified_gmt":"2013-04-20T00:48:26","slug":"27289","status":"publish","type":"post","link":"https:\/\/agpnoticias.com\/news\/?p=27289","title":{"rendered":"Contin\u00faa disputa legal entre ligas Urbana e IC"},"content":{"rendered":"<figure id=\"attachment_27290\" aria-describedby=\"caption-attachment-27290\" style=\"width: 320px\" class=\"wp-caption alignright\"><a href=\"http:\/\/agpnoticias.com\/news\/?attachment_id=27290\" rel=\"attachment wp-att-27290\"><img fetchpriority=\"high\" decoding=\"async\" class=\"size-medium wp-image-27290\" alt=\"Guillermo Hurtado Avi\u00f1a, apoderado legal de la Liga IC\" src=\"http:\/\/agpnoticias.com\/news\/wp-content\/uploads\/2013\/04\/Guillermo-Hurtado-Avi\u00f1a-apoderado-legal-de-la-Liga-IC-320x240.jpg\" width=\"320\" height=\"240\" \/><\/a><figcaption id=\"caption-attachment-27290\" class=\"wp-caption-text\">Guillermo Hurtado Avi\u00f1a, apoderado legal de la Liga IC<\/figcaption><\/figure>\n<p>Ensenada, Baja California.- La Liga Urbana de Beisbol no puede construir complejo deportivo alguno en las ocho hect\u00e1reas donde se encuentra el campo Manuela M\u00e1rquez de Reyes, pues ese terreno se encuentra en medio de un proceso legal.<\/p>\n<p>Guillermo Hurtado Avi\u00f1a, apoderado legal de la Liga Industrial Comercial, rebati\u00f3 el anuncio hecho por la directiva de la Liga Urbana, sobre la supuesta construcci\u00f3n de una unidad deportiva en el terreno que ambos organismos disputan en los tribunales.<\/p>\n<p>\u201cLa Liga Urbana no tiene derecho a nada en ese terreno, ni siquiera el ejido Chapultepec (donde se localiza el predio), s\u00f3lo la autoridad judicial puede resolver la situaci\u00f3n legal del \u00e1rea\u201d que agrupa los campos Manuela M\u00e1rquez de Reyes, Tino Bern\u00e1ldez y Fernando \u201cLoquillo\u201d Lozano.<\/p>\n<p>Desde 2008, \u201cla Liga Industrial Comercial tiene demandada a Corett (Comisi\u00f3n para la Regularizaci\u00f3n de la Tenencia de la Tierra) por (el concepto de) prescripci\u00f3n, y hay que esperar la resoluci\u00f3n, que podr\u00eda llevar m\u00e1s tiempo\u201d.<\/p>\n<p>\u201cNadie, ni Corett ni el ejido, puede dar comodatos ah\u00ed, s\u00f3lo puede hacerlo la autoridad judicial\u201d, reiter\u00f3.<\/p>\n<figure id=\"attachment_27296\" aria-describedby=\"caption-attachment-27296\" style=\"width: 320px\" class=\"wp-caption alignleft\"><a href=\"http:\/\/agpnoticias.com\/news\/?attachment_id=27296\" rel=\"attachment wp-att-27296\"><img decoding=\"async\" class=\"size-medium wp-image-27296\" alt=\"El campo Manuela M\u00e1rquez es administrado por la Liga IC\" src=\"http:\/\/agpnoticias.com\/news\/wp-content\/uploads\/2013\/04\/El-campo-Manuela-M\u00e1rquez-es-administrado-por-la-Liga-IC-320x240.jpg\" width=\"320\" height=\"240\" \/><\/a><figcaption id=\"caption-attachment-27296\" class=\"wp-caption-text\">El campo Manuela M\u00e1rquez es administrado por la Liga IC<\/figcaption><\/figure>\n<p>Acompa\u00f1ado del presidente de la Liga Industrial Comercial, Mart\u00edn Sauceda, as\u00ed como del patrocinador y manager Alberto Mancilla Ponce, Hurtado Avi\u00f1a dijo que \u201cresulta necesario aclarar las cosas para mantener la buena relaci\u00f3n entre las dos ligas\u201d.<\/p>\n<p>El presidente de la Liga Urbana, Francisco Ch\u00e1vez Olivas, inform\u00f3 hace unos d\u00edas la eventual construcci\u00f3n de una unidad deportiva en esos terrenos, con espacios para la pr\u00e1ctica de futbol, boxeo, baloncesto y beisbol.<\/p>\n<p>\u201cYa que la autoridad judicial decida, entonces cada quien podr\u00e1 hacer lo que corresponda; por lo pronto, no\u201d, advirti\u00f3 Guillermo Hurtado Avi\u00f1a.<\/p>\n<p>Aun cuando est\u00e1n en medio de un proceso legal, la Liga Urbana, afincada en Chapultepec, pudo hacerse de la administraci\u00f3n de los campos vecinos del Manuela M\u00e1rquez de Reyes: Fernando \u201cLoquillo\u201d Lozano y Tino Bern\u00e1ldez, tambi\u00e9n en poder de la IC durante varios a\u00f1os.<\/p>\n<p>Las ocho hect\u00e1reas son disputadas por la Liga Urbana desde su fundaci\u00f3n en 2008 al considerar que no recib\u00edan la atenci\u00f3n necesaria por parte de la Industrial Comercial.<\/p>\n<p>En ese sentido, Mart\u00edn Sauceda sostuvo que el campo Manuela M\u00e1rquez de Reyes, administrado por la Liga Industrial Comercial desde 1971, \u201cest\u00e1 mejor que nunca\u201d.<\/p>\n","protected":false},"excerpt":{"rendered":"<p>Ensenada, Baja California.- La Liga Urbana de Beisbol no puede construir complejo deportivo alguno en&#8230;<\/p>\n","protected":false},"author":1,"featured_media":27296,"comment_status":"closed","ping_status":"closed","sticky":false,"template":"","format":"standard","meta":{"footnotes":""},"categories":[30,20,7],"tags":[],"class_list":["post-27289","post","type-post","status-publish","format-standard","has-post-thumbnail","hentry","category-beisbol","category-beisbol-industrial-y-comercial","category-deportes"],"_links":{"self":[{"href":"https:\/\/agpnoticias.com\/news\/index.php?rest_route=\/wp\/v2\/posts\/27289","targetHints":{"allow":["GET"]}}],"collection":[{"href":"https:\/\/agpnoticias.com\/news\/index.php?rest_route=\/wp\/v2\/posts"}],"about":[{"href":"https:\/\/agpnoticias.com\/news\/index.php?rest_route=\/wp\/v2\/types\/post"}],"author":[{"embeddable":true,"href":"https:\/\/agpnoticias.com\/news\/index.php?rest_route=\/wp\/v2\/users\/1"}],"replies":[{"embeddable":true,"href":"https:\/\/agpnoticias.com\/news\/index.php?rest_route=%2Fwp%2Fv2%2Fcomments&post=27289"}],"version-history":[{"count":5,"href":"https:\/\/agpnoticias.com\/news\/index.php?rest_route=\/wp\/v2\/posts\/27289\/revisions"}],"predecessor-version":[{"id":27300,"href":"https:\/\/agpnoticias.com\/news\/index.php?rest_route=\/wp\/v2\/posts\/27289\/revisions\/27300"}],"wp:featuredmedia":[{"embeddable":true,"href":"https:\/\/agpnoticias.com\/news\/index.php?rest_route=\/wp\/v2\/media\/27296"}],"wp:attachment":[{"href":"https:\/\/agpnoticias.com\/news\/index.php?rest_route=%2Fwp%2Fv2%2Fmedia&parent=27289"}],"wp:term":[{"taxonomy":"category","embeddable":true,"href":"https:\/\/agpnoticias.com\/news\/index.php?rest_route=%2Fwp%2Fv2%2Fcategories&post=27289"},{"taxonomy":"post_tag","embeddable":true,"href":"https:\/\/agpnoticias.com\/news\/index.php?rest_route=%2Fwp%2Fv2%2Ftags&post=27289"}],"curies":[{"name":"wp","href":"https:\/\/api.w.org\/{rel}","templated":true}]}}