{"id":27371,"date":"2013-04-21T14:04:46","date_gmt":"2013-04-21T21:04:46","guid":{"rendered":"http:\/\/agpnoticias.com\/news\/?p=27371"},"modified":"2013-04-21T14:04:46","modified_gmt":"2013-04-21T21:04:46","slug":"hace-el-1-2-3-equipo-de-daniel-corral","status":"publish","type":"post","link":"https:\/\/agpnoticias.com\/news\/?p=27371","title":{"rendered":"Hace el 1-2-3 equipo de Daniel Corral"},"content":{"rendered":"<figure id=\"attachment_27372\" aria-describedby=\"caption-attachment-27372\" style=\"width: 200px\" class=\"wp-caption alignleft\"><a href=\"http:\/\/agpnoticias.com\/news\/?attachment_id=27372\" rel=\"attachment wp-att-27372\"><img decoding=\"async\" class=\"size-thumbnail wp-image-27372\" alt=\"Daniel Corral gan\u00f3 la categor\u00eda elite en el nacional de Monterrey\" src=\"http:\/\/agpnoticias.com\/news\/wp-content\/uploads\/2013\/04\/Daniel-Corral-gan\u00f3-la-categor\u00eda-elite-en-el-nacional-de-Monterrey-200x133.jpg\" width=\"200\" height=\"133\" srcset=\"https:\/\/agpnoticias.com\/news\/wp-content\/uploads\/2013\/04\/Daniel-Corral-gan\u00f3-la-categor\u00eda-elite-en-el-nacional-de-Monterrey-200x133.jpg 200w, https:\/\/agpnoticias.com\/news\/wp-content\/uploads\/2013\/04\/Daniel-Corral-gan\u00f3-la-categor\u00eda-elite-en-el-nacional-de-Monterrey.jpg 640w\" sizes=\"(max-width: 200px) 100vw, 200px\" \/><\/a><figcaption id=\"caption-attachment-27372\" class=\"wp-caption-text\">Daniel Corral gan\u00f3 la categor\u00eda elite en el nacional de Monterrey<\/figcaption><\/figure>\n<p>Monterrey, Nuevo Le\u00f3n.- Daniel Corral Barr\u00f3n gan\u00f3 la categor\u00eda elite durante el Campeonato Nacional de Gimnasia.<\/p>\n<p>El poseedor del quinto lugar ol\u00edmpico en barras paralelas domin\u00f3 la categor\u00eda, seguido de sus compa\u00f1eros en el Club de Gimnasia de Ensenada, Mario Valdez y Adri\u00e1n Prieto, quien empat\u00f3 con el jalisciense Javier Cervantes.<\/p>\n<p>El tr\u00edo de atletas radicados en Ensenada son dirigidos por \u00d3scar Aguirre.<\/p>\n<p>Daniel Corral se prepara rumbo al Campeonato Mundial de Gimnasia programado en B\u00e9lgica el pr\u00f3ximo mes de septiembre.<\/p>\n","protected":false},"excerpt":{"rendered":"<p>Monterrey, Nuevo Le\u00f3n.- Daniel Corral Barr\u00f3n gan\u00f3 la categor\u00eda elite durante el Campeonato Nacional de&#8230;<\/p>\n","protected":false},"author":1,"featured_media":27372,"comment_status":"closed","ping_status":"closed","sticky":false,"template":"","format":"standard","meta":{"footnotes":""},"categories":[7,46],"tags":[],"class_list":["post-27371","post","type-post","status-publish","format-standard","has-post-thumbnail","hentry","category-deportes","category-gimnasia"],"_links":{"self":[{"href":"https:\/\/agpnoticias.com\/news\/index.php?rest_route=\/wp\/v2\/posts\/27371","targetHints":{"allow":["GET"]}}],"collection":[{"href":"https:\/\/agpnoticias.com\/news\/index.php?rest_route=\/wp\/v2\/posts"}],"about":[{"href":"https:\/\/agpnoticias.com\/news\/index.php?rest_route=\/wp\/v2\/types\/post"}],"author":[{"embeddable":true,"href":"https:\/\/agpnoticias.com\/news\/index.php?rest_route=\/wp\/v2\/users\/1"}],"replies":[{"embeddable":true,"href":"https:\/\/agpnoticias.com\/news\/index.php?rest_route=%2Fwp%2Fv2%2Fcomments&post=27371"}],"version-history":[{"count":2,"href":"https:\/\/agpnoticias.com\/news\/index.php?rest_route=\/wp\/v2\/posts\/27371\/revisions"}],"predecessor-version":[{"id":27374,"href":"https:\/\/agpnoticias.com\/news\/index.php?rest_route=\/wp\/v2\/posts\/27371\/revisions\/27374"}],"wp:featuredmedia":[{"embeddable":true,"href":"https:\/\/agpnoticias.com\/news\/index.php?rest_route=\/wp\/v2\/media\/27372"}],"wp:attachment":[{"href":"https:\/\/agpnoticias.com\/news\/index.php?rest_route=%2Fwp%2Fv2%2Fmedia&parent=27371"}],"wp:term":[{"taxonomy":"category","embeddable":true,"href":"https:\/\/agpnoticias.com\/news\/index.php?rest_route=%2Fwp%2Fv2%2Fcategories&post=27371"},{"taxonomy":"post_tag","embeddable":true,"href":"https:\/\/agpnoticias.com\/news\/index.php?rest_route=%2Fwp%2Fv2%2Ftags&post=27371"}],"curies":[{"name":"wp","href":"https:\/\/api.w.org\/{rel}","templated":true}]}}