{"id":27447,"date":"2013-04-23T14:07:43","date_gmt":"2013-04-23T21:07:43","guid":{"rendered":"http:\/\/agpnoticias.com\/news\/?p=27447"},"modified":"2013-04-23T14:08:43","modified_gmt":"2013-04-23T21:08:43","slug":"regresa-loaiza-a-diablos","status":"publish","type":"post","link":"https:\/\/agpnoticias.com\/news\/?p=27447","title":{"rendered":"Regresa Loaiza a Diablos"},"content":{"rendered":"<figure id=\"attachment_27448\" aria-describedby=\"caption-attachment-27448\" style=\"width: 592px\" class=\"wp-caption aligncenter\"><a href=\"http:\/\/agpnoticias.com\/news\/?attachment_id=27448\" rel=\"attachment wp-att-27448\"><img fetchpriority=\"high\" decoding=\"async\" class=\"size-full wp-image-27448\" alt=\"Esteban Loaiza regres\u00f3 a Diablos Rojos\" src=\"http:\/\/agpnoticias.com\/news\/wp-content\/uploads\/2013\/04\/Esteban-Loaiza-regres\u00f3-a-Diablos-Rojos.jpg\" width=\"592\" height=\"480\" srcset=\"https:\/\/agpnoticias.com\/news\/wp-content\/uploads\/2013\/04\/Esteban-Loaiza-regres\u00f3-a-Diablos-Rojos.jpg 592w, https:\/\/agpnoticias.com\/news\/wp-content\/uploads\/2013\/04\/Esteban-Loaiza-regres\u00f3-a-Diablos-Rojos-200x162.jpg 200w\" sizes=\"(max-width: 592px) 100vw, 592px\" \/><\/a><figcaption id=\"caption-attachment-27448\" class=\"wp-caption-text\">Esteban Loaiza regres\u00f3 a Diablos Rojos<\/figcaption><\/figure>\n<p>Ensenada, Baja California.- Con m\u00e1s dudas que certezas, Esteban Loaiza dej\u00f3 a los Marineros de Ensenada para regresar a Diablos Rojos del M\u00e9xico.<\/p>\n<figure id=\"attachment_27449\" aria-describedby=\"caption-attachment-27449\" style=\"width: 178px\" class=\"wp-caption alignleft\"><a href=\"http:\/\/agpnoticias.com\/news\/?attachment_id=27449\" rel=\"attachment wp-att-27449\"><img decoding=\"async\" class=\"size-thumbnail wp-image-27449\" alt=\"Amalio D\u00edaz se fue junto a Loaiza\" src=\"http:\/\/agpnoticias.com\/news\/wp-content\/uploads\/2013\/04\/Amalio-D\u00edaz-fue-llamado-por-Diablos-Rojos-178x200.jpg\" width=\"178\" height=\"200\" srcset=\"https:\/\/agpnoticias.com\/news\/wp-content\/uploads\/2013\/04\/Amalio-D\u00edaz-fue-llamado-por-Diablos-Rojos-178x200.jpg 178w, https:\/\/agpnoticias.com\/news\/wp-content\/uploads\/2013\/04\/Amalio-D\u00edaz-fue-llamado-por-Diablos-Rojos.jpg 320w\" sizes=\"(max-width: 178px) 100vw, 178px\" \/><\/a><figcaption id=\"caption-attachment-27449\" class=\"wp-caption-text\">Amalio D\u00edaz se fue junto a Loaiza<\/figcaption><\/figure>\n<p>El lanzador tijuanense fue llamado al equipo de la Liga Mexicana de Beisbol despu\u00e9s de cuatro juegos con su filial en la Liga Norte de M\u00e9xico.<\/p>\n<p>Sus n\u00fameros: dos victorias y una derrota, 26 innings, 31 hits, 14 carreras, cinco bases por bolas, 13 ponches y efectividad de 4.50.<\/p>\n<p>De acuerdo a la informaci\u00f3n boletinada por Marineros de Ensenada, Loaiza abrir\u00eda el domingo en el Foro Sol con Diablos durante la visita de Pericos de Puebla.<\/p>\n<p>El relevista venezolano Amalio D\u00edaz tambi\u00e9n dej\u00f3 a Marineros para sumarse a Diablos con labor de ocho innings, cuatro hits, una carrera, nueve ponches, tres salvamentos y efectividad de 1.12.<\/p>\n<p>Ambos lanzadores se sumar\u00e1n al plantel capitalino para enfrentar la serie ante Rieleros de Aguascalientes.<\/p>\n","protected":false},"excerpt":{"rendered":"<p>Ensenada, Baja California.- Con m\u00e1s dudas que certezas, Esteban Loaiza dej\u00f3 a los Marineros de&#8230;<\/p>\n","protected":false},"author":1,"featured_media":27448,"comment_status":"closed","ping_status":"closed","sticky":false,"template":"","format":"standard","meta":{"footnotes":""},"categories":[30,7,18],"tags":[],"class_list":["post-27447","post","type-post","status-publish","format-standard","has-post-thumbnail","hentry","category-beisbol","category-deportes","category-marineros-de-ensenada"],"_links":{"self":[{"href":"https:\/\/agpnoticias.com\/news\/index.php?rest_route=\/wp\/v2\/posts\/27447","targetHints":{"allow":["GET"]}}],"collection":[{"href":"https:\/\/agpnoticias.com\/news\/index.php?rest_route=\/wp\/v2\/posts"}],"about":[{"href":"https:\/\/agpnoticias.com\/news\/index.php?rest_route=\/wp\/v2\/types\/post"}],"author":[{"embeddable":true,"href":"https:\/\/agpnoticias.com\/news\/index.php?rest_route=\/wp\/v2\/users\/1"}],"replies":[{"embeddable":true,"href":"https:\/\/agpnoticias.com\/news\/index.php?rest_route=%2Fwp%2Fv2%2Fcomments&post=27447"}],"version-history":[{"count":2,"href":"https:\/\/agpnoticias.com\/news\/index.php?rest_route=\/wp\/v2\/posts\/27447\/revisions"}],"predecessor-version":[{"id":27451,"href":"https:\/\/agpnoticias.com\/news\/index.php?rest_route=\/wp\/v2\/posts\/27447\/revisions\/27451"}],"wp:featuredmedia":[{"embeddable":true,"href":"https:\/\/agpnoticias.com\/news\/index.php?rest_route=\/wp\/v2\/media\/27448"}],"wp:attachment":[{"href":"https:\/\/agpnoticias.com\/news\/index.php?rest_route=%2Fwp%2Fv2%2Fmedia&parent=27447"}],"wp:term":[{"taxonomy":"category","embeddable":true,"href":"https:\/\/agpnoticias.com\/news\/index.php?rest_route=%2Fwp%2Fv2%2Fcategories&post=27447"},{"taxonomy":"post_tag","embeddable":true,"href":"https:\/\/agpnoticias.com\/news\/index.php?rest_route=%2Fwp%2Fv2%2Ftags&post=27447"}],"curies":[{"name":"wp","href":"https:\/\/api.w.org\/{rel}","templated":true}]}}