{"id":27470,"date":"2013-04-23T15:45:11","date_gmt":"2013-04-23T22:45:11","guid":{"rendered":"http:\/\/agpnoticias.com\/news\/?p=27470"},"modified":"2013-04-23T15:47:58","modified_gmt":"2013-04-23T22:47:58","slug":"clasifican-a-olimpiada-nacional-en-trampolin","status":"publish","type":"post","link":"https:\/\/agpnoticias.com\/news\/?p=27470","title":{"rendered":"Clasifican a Olimpiada Nacional en trampol\u00edn"},"content":{"rendered":"<figure id=\"attachment_27474\" aria-describedby=\"caption-attachment-27474\" style=\"width: 320px\" class=\"wp-caption alignleft\"><a href=\"http:\/\/agpnoticias.com\/news\/?attachment_id=27474\" rel=\"attachment wp-att-27474\"><img fetchpriority=\"high\" decoding=\"async\" class=\"size-medium wp-image-27474\" alt=\"Baja Dynamo tendr\u00e1 representaci\u00f3n en Gimnasia de Trampol\u00edn\" src=\"http:\/\/agpnoticias.com\/news\/wp-content\/uploads\/2013\/04\/Baja-Dynamo-tendr\u00e1-representaci\u00f3n-en-Gimnasia-de-Trampol\u00edn1-320x240.jpg\" width=\"320\" height=\"240\" \/><\/a><figcaption id=\"caption-attachment-27474\" class=\"wp-caption-text\">Baja Dynamo tendr\u00e1 representaci\u00f3n en Gimnasia de Trampol\u00edn<\/figcaption><\/figure>\n<p>Ensenada, Baja California.- Seis representantes de Baja Dynamo representar\u00e1n a Baja California en la Olimpiada Nacional 2013 dentro de la modalidad de gimnasia de trampol\u00edn.<\/p>\n<p>Despu\u00e9s del nacional celebrado en Quer\u00e9taro, Quer\u00e9taro, el grupo dirigido por William Garc\u00eda consigui\u00f3 los seis boletos a la competencia cuya sede ser\u00e1 el Centro de Alto Rendimiento de Ensenada, del 12 al 15 de mayo.<\/p>\n<p>En clase 1 clasificaron Ra\u00fal Monterrubio y Ostonyevsky Oceguera, mientras que en clase 2 avanz\u00f3 Juan Barrera.<\/p>\n<p>Gerardo Buelna y Jonathan S\u00e1ndez colaboraron para el segundo lugar por equipo de Baja California en Quer\u00e9taro, adem\u00e1s de lograr su clasificaci\u00f3n a Olimpiada Nacional.<\/p>\n<p>El lugar restante lo ocupa Daniel Barrera, competidor en clase 4.<\/p>\n<p>William Garc\u00eda indic\u00f3 que por una distracci\u00f3n, Daniel Garc\u00eda, en quien se ten\u00edan cifradas aspiraciones de medalla, qued\u00f3 al margen de la Olimpiada Nacional.<\/p>\n","protected":false},"excerpt":{"rendered":"<p>Ensenada, Baja California.- Seis representantes de Baja Dynamo representar\u00e1n a Baja California en la Olimpiada&#8230;<\/p>\n","protected":false},"author":1,"featured_media":27474,"comment_status":"closed","ping_status":"closed","sticky":false,"template":"","format":"standard","meta":{"footnotes":""},"categories":[7,46],"tags":[],"class_list":["post-27470","post","type-post","status-publish","format-standard","has-post-thumbnail","hentry","category-deportes","category-gimnasia"],"_links":{"self":[{"href":"https:\/\/agpnoticias.com\/news\/index.php?rest_route=\/wp\/v2\/posts\/27470","targetHints":{"allow":["GET"]}}],"collection":[{"href":"https:\/\/agpnoticias.com\/news\/index.php?rest_route=\/wp\/v2\/posts"}],"about":[{"href":"https:\/\/agpnoticias.com\/news\/index.php?rest_route=\/wp\/v2\/types\/post"}],"author":[{"embeddable":true,"href":"https:\/\/agpnoticias.com\/news\/index.php?rest_route=\/wp\/v2\/users\/1"}],"replies":[{"embeddable":true,"href":"https:\/\/agpnoticias.com\/news\/index.php?rest_route=%2Fwp%2Fv2%2Fcomments&post=27470"}],"version-history":[{"count":2,"href":"https:\/\/agpnoticias.com\/news\/index.php?rest_route=\/wp\/v2\/posts\/27470\/revisions"}],"predecessor-version":[{"id":27476,"href":"https:\/\/agpnoticias.com\/news\/index.php?rest_route=\/wp\/v2\/posts\/27470\/revisions\/27476"}],"wp:featuredmedia":[{"embeddable":true,"href":"https:\/\/agpnoticias.com\/news\/index.php?rest_route=\/wp\/v2\/media\/27474"}],"wp:attachment":[{"href":"https:\/\/agpnoticias.com\/news\/index.php?rest_route=%2Fwp%2Fv2%2Fmedia&parent=27470"}],"wp:term":[{"taxonomy":"category","embeddable":true,"href":"https:\/\/agpnoticias.com\/news\/index.php?rest_route=%2Fwp%2Fv2%2Fcategories&post=27470"},{"taxonomy":"post_tag","embeddable":true,"href":"https:\/\/agpnoticias.com\/news\/index.php?rest_route=%2Fwp%2Fv2%2Ftags&post=27470"}],"curies":[{"name":"wp","href":"https:\/\/api.w.org\/{rel}","templated":true}]}}