{"id":27492,"date":"2013-04-24T15:03:51","date_gmt":"2013-04-24T22:03:51","guid":{"rendered":"http:\/\/agpnoticias.com\/news\/?p=27492"},"modified":"2013-04-24T15:03:51","modified_gmt":"2013-04-24T22:03:51","slug":"presentan-xii-medio-maraton-internacional-de-ensenada","status":"publish","type":"post","link":"https:\/\/agpnoticias.com\/news\/?p=27492","title":{"rendered":"Presentan XII Medio Marat\u00f3n Internacional de Ensenada"},"content":{"rendered":"<figure id=\"attachment_27493\" aria-describedby=\"caption-attachment-27493\" style=\"width: 640px\" class=\"wp-caption aligncenter\"><a href=\"http:\/\/agpnoticias.com\/news\/?attachment_id=27493\" rel=\"attachment wp-att-27493\"><img fetchpriority=\"high\" decoding=\"async\" class=\"size-full wp-image-27493\" alt=\"Anunciaron la realizaci\u00f3n del XII Medio Marat\u00f3n de Ensenada\" src=\"http:\/\/agpnoticias.com\/news\/wp-content\/uploads\/2013\/04\/Anunciaron-la-realizaci\u00f3n-del-XII-Medio-Marat\u00f3n-de-Ensenada.jpg\" width=\"640\" height=\"427\" srcset=\"https:\/\/agpnoticias.com\/news\/wp-content\/uploads\/2013\/04\/Anunciaron-la-realizaci\u00f3n-del-XII-Medio-Marat\u00f3n-de-Ensenada.jpg 640w, https:\/\/agpnoticias.com\/news\/wp-content\/uploads\/2013\/04\/Anunciaron-la-realizaci\u00f3n-del-XII-Medio-Marat\u00f3n-de-Ensenada-200x133.jpg 200w\" sizes=\"(max-width: 640px) 100vw, 640px\" \/><\/a><figcaption id=\"caption-attachment-27493\" class=\"wp-caption-text\">Anunciaron la realizaci\u00f3n del XII Medio Marat\u00f3n de Ensenada<\/figcaption><\/figure>\n<p>Ensenada, Baja California.- Todo igual que en las dos ediciones previas: una bolsa de 100 mil pesos en premios y la participaci\u00f3n de atletas africanos como favoritos a ganar los primeros lugares absolutos el pr\u00f3ximo domingo 12 de mayo en punto de las 8:00 horas.<\/p>\n<figure id=\"attachment_27494\" aria-describedby=\"caption-attachment-27494\" style=\"width: 165px\" class=\"wp-caption alignright\"><a href=\"http:\/\/agpnoticias.com\/news\/?attachment_id=27494\" rel=\"attachment wp-att-27494\"><img decoding=\"async\" class=\"size-thumbnail wp-image-27494\" alt=\"Jes\u00fas Peralta fue el primer corredor inscrito\" src=\"http:\/\/agpnoticias.com\/news\/wp-content\/uploads\/2013\/04\/Jes\u00fas-Peralta-fue-el-primer-corredor-inscrito-165x200.jpg\" width=\"165\" height=\"200\" srcset=\"https:\/\/agpnoticias.com\/news\/wp-content\/uploads\/2013\/04\/Jes\u00fas-Peralta-fue-el-primer-corredor-inscrito-165x200.jpg 165w, https:\/\/agpnoticias.com\/news\/wp-content\/uploads\/2013\/04\/Jes\u00fas-Peralta-fue-el-primer-corredor-inscrito.jpg 480w\" sizes=\"(max-width: 165px) 100vw, 165px\" \/><\/a><figcaption id=\"caption-attachment-27494\" class=\"wp-caption-text\">Jes\u00fas Peralta fue el primer corredor inscrito<\/figcaption><\/figure>\n<p>Pocas novedades anunciaron el alcalde de Ensenada, Enrique Pelayo Torres, y la directora del Instituto Municipal del Deporte y Recreaci\u00f3n (Inmudere), Martha Soto Amador, durante la presentaci\u00f3n del XII Medio Marat\u00f3n Internacional de Ensenada.<\/p>\n<p>\u201cSer\u00e1 la misma premiaci\u00f3n\u201d, consistente en 100 mil pesos a repartir entre los ganadores de las diferentes categor\u00edas, aunque \u201cel presidente municipal nos acaba de decir que habr\u00e1 un recurso m\u00e1s para aumentar los premios\u201d, dijo la titular del deporte en Ensenada.<\/p>\n<p>Por segundo a\u00f1o consecutivo, el Medio Marat\u00f3n saldr\u00e1 del deportivo Juan Abelardo Rodr\u00edguez Sullivan para trasladarse a la Playa Municipal, donde \u201cfue un \u00e9xito\u201d en 2012 con alrededor de mil competidores provenientes de Kenia, Nigeria, Venezuela, Rusia y Estados Unidos, adem\u00e1s de los nacionales.<\/p>\n<p>Por ser \u201cnuestro \u00faltimo medio marat\u00f3n, haremos las cosas lo mejor posible\u201d, apunt\u00f3 Martha Soto.<\/p>\n<figure id=\"attachment_27495\" aria-describedby=\"caption-attachment-27495\" style=\"width: 200px\" class=\"wp-caption alignleft\"><a href=\"http:\/\/agpnoticias.com\/news\/?attachment_id=27495\" rel=\"attachment wp-att-27495\"><img decoding=\"async\" class=\"size-thumbnail wp-image-27495\" alt=\"El alcalde y la directora de Inmudere encabezaron la presentaci\u00f3n\" src=\"http:\/\/agpnoticias.com\/news\/wp-content\/uploads\/2013\/04\/El-alcalde-y-la-directora-de-Inmudere-encabezaron-la-presentaci\u00f3n-200x127.jpg\" width=\"200\" height=\"127\" srcset=\"https:\/\/agpnoticias.com\/news\/wp-content\/uploads\/2013\/04\/El-alcalde-y-la-directora-de-Inmudere-encabezaron-la-presentaci\u00f3n-200x127.jpg 200w, https:\/\/agpnoticias.com\/news\/wp-content\/uploads\/2013\/04\/El-alcalde-y-la-directora-de-Inmudere-encabezaron-la-presentaci\u00f3n.jpg 640w\" sizes=\"(max-width: 200px) 100vw, 200px\" \/><\/a><figcaption id=\"caption-attachment-27495\" class=\"wp-caption-text\">El alcalde y la directora de Inmudere encabezaron la presentaci\u00f3n<\/figcaption><\/figure>\n<p>A la par del Medio Marat\u00f3n se realizar\u00e1n actividades deportivas como peleas de box, un torneo de cachibol y una carrera de dos kil\u00f3metros por la Playa Municipal.<\/p>\n<p>El ganador de los 10 mil pesos reservados para el l\u00edder absoluto de los 21, 097.5 metros en 2012 fue el keniano Justus Cherop, quien, sin embargo, no pudo romper la mejor marca del certamen, establecida en 2004 por su compatriota Tiosea Kogo (1:04.29).<\/p>\n<p>En la presentaci\u00f3n de la ruta se registr\u00f3 la primera inscripci\u00f3n a cargo del corredor local Jes\u00fas Peralta.<\/p>\n<p>Los interesados pueden acudir a la oficina de Inmudere, ubicada al interior de la unidad deportiva Juan Abelardo Rodr\u00edguez Sullivan, o a los n\u00fameros telef\u00f3nicos (646) 176-4445y (646) 177-0744.<\/p>\n<p><b>Categor\u00edas<\/b><\/p>\n<p><b>Rama Varonil<\/b><\/p>\n<p>16-19 a\u00f1os<\/p>\n<p>20-24 a\u00f1os<\/p>\n<p>25-29 a\u00f1os<\/p>\n<p>30-34 a\u00f1os<\/p>\n<p>35-39 a\u00f1os<\/p>\n<p>40-44 a\u00f1os<\/p>\n<p>45-49 a\u00f1os<\/p>\n<p>50-54 a\u00f1os<\/p>\n<p>55-59 a\u00f1os<\/p>\n<p>60-64 a\u00f1os<\/p>\n<p>65-69 a\u00f1os<\/p>\n<p>70 a\u00f1os y m\u00e1s<\/p>\n<p><b>\u00a0<\/b><\/p>\n<p><b>Rama Femenil<\/b><\/p>\n<p>16-19 a\u00f1os<\/p>\n<p>20-24 a\u00f1os<\/p>\n<p>25-29 a\u00f1os<\/p>\n<p>30-34 a\u00f1os<\/p>\n<p>35-39 a\u00f1os<\/p>\n<p>40-44 a\u00f1os<\/p>\n<p>45-49 a\u00f1os<\/p>\n<p>50-54 a\u00f1os<\/p>\n<p>55-59 a\u00f1os<\/p>\n<p>60-64 a\u00f1os<\/p>\n<p>65 a\u00f1os y m\u00e1s<\/p>\n<p>&nbsp;<\/p>\n<p><b>Ganadores absolutos en ambas ramas<\/b><\/p>\n<p>Primer lugar: 10 mil pesos<\/p>\n<p>Segundo lugar: 5 mil pesos<\/p>\n<p>Tercer lugar: 2 mil 500 pesos<\/p>\n<p>Cuarto lugar: Mil 500 pesos<\/p>\n<p>Quinto lugar: Mil pesos<\/p>\n<p>&nbsp;<\/p>\n<p><b>Categor\u00edas Silla de Ruedas y Discapacidad<\/b><\/p>\n<p>Primer lugar: 3 mil pesos<\/p>\n<p>Segundo lugar: 2 mil pesos<\/p>\n<p>Tercer lugar4: Mil pesos<\/p>\n<p>&nbsp;<\/p>\n<p><b>Mejores ensenadenses<\/b><\/p>\n<p><b>Ambas ramas<\/b><\/p>\n<p>Primer lugar: 5 mil pesos<\/p>\n<p>Segundo lugar: 4 mil pesos<\/p>\n<p>Tercer lugar: 3 mil pesos<\/p>\n<p>Cuarto lugar: 2 mil pesos<\/p>\n<p>Quinto lugar: Mil pesos<\/p>\n<p>Sexto lugar: 900 pesos<\/p>\n<p>S\u00e9ptimo lugar: 800 pesos<\/p>\n<p>Octavo lugar: 700 pesos<\/p>\n<p>Noveno lugar: 600 pesos<\/p>\n<p>D\u00e9cimo lugar: 500 pesos<\/p>\n","protected":false},"excerpt":{"rendered":"<p>Ensenada, Baja California.- Todo igual que en las dos ediciones previas: una bolsa de 100&#8230;<\/p>\n","protected":false},"author":1,"featured_media":27493,"comment_status":"closed","ping_status":"closed","sticky":false,"template":"","format":"standard","meta":{"footnotes":""},"categories":[31,7],"tags":[],"class_list":["post-27492","post","type-post","status-publish","format-standard","has-post-thumbnail","hentry","category-atletismo","category-deportes"],"_links":{"self":[{"href":"https:\/\/agpnoticias.com\/news\/index.php?rest_route=\/wp\/v2\/posts\/27492","targetHints":{"allow":["GET"]}}],"collection":[{"href":"https:\/\/agpnoticias.com\/news\/index.php?rest_route=\/wp\/v2\/posts"}],"about":[{"href":"https:\/\/agpnoticias.com\/news\/index.php?rest_route=\/wp\/v2\/types\/post"}],"author":[{"embeddable":true,"href":"https:\/\/agpnoticias.com\/news\/index.php?rest_route=\/wp\/v2\/users\/1"}],"replies":[{"embeddable":true,"href":"https:\/\/agpnoticias.com\/news\/index.php?rest_route=%2Fwp%2Fv2%2Fcomments&post=27492"}],"version-history":[{"count":2,"href":"https:\/\/agpnoticias.com\/news\/index.php?rest_route=\/wp\/v2\/posts\/27492\/revisions"}],"predecessor-version":[{"id":27497,"href":"https:\/\/agpnoticias.com\/news\/index.php?rest_route=\/wp\/v2\/posts\/27492\/revisions\/27497"}],"wp:featuredmedia":[{"embeddable":true,"href":"https:\/\/agpnoticias.com\/news\/index.php?rest_route=\/wp\/v2\/media\/27493"}],"wp:attachment":[{"href":"https:\/\/agpnoticias.com\/news\/index.php?rest_route=%2Fwp%2Fv2%2Fmedia&parent=27492"}],"wp:term":[{"taxonomy":"category","embeddable":true,"href":"https:\/\/agpnoticias.com\/news\/index.php?rest_route=%2Fwp%2Fv2%2Fcategories&post=27492"},{"taxonomy":"post_tag","embeddable":true,"href":"https:\/\/agpnoticias.com\/news\/index.php?rest_route=%2Fwp%2Fv2%2Ftags&post=27492"}],"curies":[{"name":"wp","href":"https:\/\/api.w.org\/{rel}","templated":true}]}}