{"id":27553,"date":"2013-04-25T21:38:12","date_gmt":"2013-04-26T04:38:12","guid":{"rendered":"http:\/\/agpnoticias.com\/news\/?p=27553"},"modified":"2016-12-28T21:27:01","modified_gmt":"2016-12-29T05:27:01","slug":"inauguran-el-viernes-la-olimpiada-nacional-2013","status":"publish","type":"post","link":"https:\/\/agpnoticias.com\/news\/?p=27553","title":{"rendered":"Inauguran el viernes la Olimpiada Nacional 2013"},"content":{"rendered":"<figure id=\"attachment_27554\" aria-describedby=\"caption-attachment-27554\" style=\"width: 200px\" class=\"wp-caption alignleft\"><a href=\"http:\/\/agpnoticias.com\/news\/?attachment_id=27554\" rel=\"attachment wp-att-27554\"><img decoding=\"async\" class=\"size-thumbnail wp-image-27554\" alt=\"Las acciones empezaron en el CAR de Tijuana con el Voleibol\" src=\"http:\/\/agpnoticias.com\/news\/wp-content\/uploads\/2013\/04\/Las-acciones-empezaron-en-el-CAR-de-Tijuana-con-el-Voleibol-200x70.jpg\" width=\"200\" height=\"70\" srcset=\"https:\/\/agpnoticias.com\/news\/wp-content\/uploads\/2013\/04\/Las-acciones-empezaron-en-el-CAR-de-Tijuana-con-el-Voleibol-200x70.jpg 200w, https:\/\/agpnoticias.com\/news\/wp-content\/uploads\/2013\/04\/Las-acciones-empezaron-en-el-CAR-de-Tijuana-con-el-Voleibol.jpg 640w\" sizes=\"(max-width: 200px) 100vw, 200px\" \/><\/a><figcaption id=\"caption-attachment-27554\" class=\"wp-caption-text\">Las acciones empezaron en el CAR de Tijuana con el Voleibol<\/figcaption><\/figure>\n<p>Rosarito, Baja California.- El nuevo centro de convenciones de Rosarito ser\u00e1 el lugar donde oficialmente sea inaugurada la Olimpiada Nacional 2013.<\/p>\n<p>La cita est\u00e1 programada a las 18:00 horas cuando se espera la presencia de las autoridades de gobierno y deportivas federales y de la entidad.<\/p>\n<p>El Presidente de la Rep\u00fablica, Enrique Pe\u00f1a Nieto, no estar\u00e1 presente, pero s\u00ed lo har\u00e1 el director de la Comisi\u00f3n Nacional del Deporte (Conade).<\/p>\n<p>Por Baja California estar\u00e1 el Gobernador Jos\u00e9 Guadalupe Osuna Mill\u00e1n, as\u00ed como el director del deporte, Sa\u00fal Castro Verdugo.<\/p>\n<p>Las actividades iniciaron desde el jueves con la competencia del Voleibol en Tijuana.<\/p>\n<p>&nbsp;<\/p>\n<p><strong>Olimpiada Nacional en Ensenada<\/strong><\/p>\n<p><strong>Tenis de Mesa (Centro de Alto Rendimiento de Ensenada)<\/strong><\/p>\n<p>Del 30 de abril al 12 de mayo<\/p>\n<p><strong>Softbol (Campos Manuel \u201cCepillo\u201d Salgado y Jos\u00e9 \u201cPrieto\u201d Soto)<\/strong><\/p>\n<p>Del 30 de abril al 6 de mayo<\/p>\n<p><strong>Canotaje (Presa Emilio L\u00f3pez Zamora)<\/strong><\/p>\n<p>Del 1 al 8 de mayo<\/p>\n<p><strong>Patines sobre ruedas (U.D. Valle Dorado)<\/strong><\/p>\n<p>Del 6 al 12 de mayo<\/p>\n<p><strong>Gimnasia de Trampol\u00edn (Centro de Alto Rendimiento de Ensenada)<\/strong><\/p>\n<p>Del 12 al 15 de mayo<\/p>\n<p><strong>Front\u00f3n (Centro de Alto Rendimiento de Ensenada)<\/strong><\/p>\n<p>Del 12 al 19 de mayo<\/p>\n<p><strong>Gimnasia Art\u00edstica (Gimnasio UABC \u2013 Valle Dorado)<\/strong><\/p>\n<p>Del 15 al 21 de mayo<\/p>\n<p>&nbsp;<\/p>\n<p><strong>Olimpiada Nacional en Mexicali<\/strong><\/p>\n<p><strong>Esgrima (Centro estatal de las artes)<\/strong><\/p>\n<p>Del 1 al 9 de mayo<\/p>\n<p><strong>Aguas abiertas (San Felipe)<\/strong><\/p>\n<p>Del 2 al 4 de mayo<\/p>\n<p><strong>Karate (Auditorio del Estado)<\/strong><\/p>\n<p>Del 2 al 6 de Mayo<\/p>\n<p><strong>Hockey (Cancha APAM, Ciudad Deportiva)<\/strong><\/p>\n<p>Del 7 al 18 de Mayo<\/p>\n<p><strong>Levantamiento de Pesas (CAR Halterofilia, Ciudad Guadalupe Victoria)<\/strong><\/p>\n<p>Del 21 al 29 de Mayo<\/p>\n<p><strong>Remo (Pista de Remo, San Felipe)<\/strong><\/p>\n<p>Del 21 al 26 de Mayo<\/p>\n<p><strong>Hockey in line (Ciudad Deportiva)<\/strong><\/p>\n<p>Del 12 al 18 de Mayo<\/p>\n<p><strong>Beisbol (Ciudad Deportiva)<\/strong><\/p>\n<p>Del 21 al 29 de Mayo<\/p>\n<p><strong>\u00a0<\/strong><\/p>\n<p><strong>Olimpiada Nacional en Tijuana<\/strong><\/p>\n<p><strong>Nataci\u00f3n (Complejo Acu\u00e1tico del CAR)<\/strong><\/p>\n<p>Del 24 de abril al 1ro de Mayo<\/p>\n<p><strong>Voleibol de Sala (CAR, UABC, Prepa Federal L\u00e1zaro C\u00e1rdenas)<\/strong><\/p>\n<p>Del 24 al 30 de Abril<\/p>\n<p><strong>Tenis (Club de Raqueta Britania)<\/strong><\/p>\n<p>Del 30 de abril al 6 de mayo<\/p>\n<p><strong>Racquetball (Rio Racquetball Club)<\/strong><\/p>\n<p>Del 3 al 8 de Mayo<\/p>\n<p><strong>F\u00fatbol Asociaci\u00f3n (Campos Romero Manzo)<\/strong><\/p>\n<p>Del 17 al 23 de Mayo<\/p>\n<p><strong>Baloncesto (CAR, UABC, Prepa Federal L\u00e1zaro C\u00e1rdenas)<\/strong><\/p>\n<p>Del 19 al 31 de Mayo<\/p>\n<p><strong>Tiro con Arco (CAR)<\/strong><\/p>\n<p>Del 4 al 10 de Mayo<\/p>\n<p><strong>Boliche (Bol Bol Tijuana)<\/strong><\/p>\n<p>Del 8 al 13 de Mayo<\/p>\n<p><strong>Clavados (Complejo Acu\u00e1tico del CAR)<\/strong><\/p>\n<p>Del 9 al 18 de Mayo<\/p>\n<p><strong>\u00a0Atletismo (Pista Atl\u00e9tica del CAR)<\/strong><\/p>\n<p>Del 10 al 20 de Mayo<\/p>\n<p><strong>Handball (CAR)<\/strong><\/p>\n<p>Del 21 al 31 de Mayo<\/p>\n<p>&nbsp;<\/p>\n<p><strong>Olimpiada Nacional en Rosarito<\/strong><\/p>\n<p><strong>Boxeo (Centro Metropolitano de Convenciones de Baja California)<\/strong><\/p>\n<p>Del 10 al 21 de mayo<\/p>\n<p><strong>Voleibol de Playa (Hotel Rosarito Beach)<\/strong><\/p>\n<p>Del 12 al 15 de mayo<\/p>\n","protected":false},"excerpt":{"rendered":"<p>Rosarito, Baja California.- El nuevo centro de convenciones de Rosarito ser\u00e1 el lugar donde oficialmente&#8230;<\/p>\n","protected":false},"author":1,"featured_media":27554,"comment_status":"closed","ping_status":"closed","sticky":false,"template":"","format":"standard","meta":{"footnotes":""},"categories":[73,7,694],"tags":[],"class_list":["post-27553","post","type-post","status-publish","format-standard","has-post-thumbnail","hentry","category-deportebajacalifornia","category-deportes","category-patines-sobre-ruedas"],"_links":{"self":[{"href":"https:\/\/agpnoticias.com\/news\/index.php?rest_route=\/wp\/v2\/posts\/27553","targetHints":{"allow":["GET"]}}],"collection":[{"href":"https:\/\/agpnoticias.com\/news\/index.php?rest_route=\/wp\/v2\/posts"}],"about":[{"href":"https:\/\/agpnoticias.com\/news\/index.php?rest_route=\/wp\/v2\/types\/post"}],"author":[{"embeddable":true,"href":"https:\/\/agpnoticias.com\/news\/index.php?rest_route=\/wp\/v2\/users\/1"}],"replies":[{"embeddable":true,"href":"https:\/\/agpnoticias.com\/news\/index.php?rest_route=%2Fwp%2Fv2%2Fcomments&post=27553"}],"version-history":[{"count":2,"href":"https:\/\/agpnoticias.com\/news\/index.php?rest_route=\/wp\/v2\/posts\/27553\/revisions"}],"predecessor-version":[{"id":39617,"href":"https:\/\/agpnoticias.com\/news\/index.php?rest_route=\/wp\/v2\/posts\/27553\/revisions\/39617"}],"wp:featuredmedia":[{"embeddable":true,"href":"https:\/\/agpnoticias.com\/news\/index.php?rest_route=\/wp\/v2\/media\/27554"}],"wp:attachment":[{"href":"https:\/\/agpnoticias.com\/news\/index.php?rest_route=%2Fwp%2Fv2%2Fmedia&parent=27553"}],"wp:term":[{"taxonomy":"category","embeddable":true,"href":"https:\/\/agpnoticias.com\/news\/index.php?rest_route=%2Fwp%2Fv2%2Fcategories&post=27553"},{"taxonomy":"post_tag","embeddable":true,"href":"https:\/\/agpnoticias.com\/news\/index.php?rest_route=%2Fwp%2Fv2%2Ftags&post=27553"}],"curies":[{"name":"wp","href":"https:\/\/api.w.org\/{rel}","templated":true}]}}