{"id":28139,"date":"2013-05-07T20:51:43","date_gmt":"2013-05-08T03:51:43","guid":{"rendered":"http:\/\/agpnoticias.com\/news\/?p=28139"},"modified":"2016-12-28T21:26:59","modified_gmt":"2016-12-29T05:26:59","slug":"el-miercoles-abren-pista-los-patinadores","status":"publish","type":"post","link":"https:\/\/agpnoticias.com\/news\/?p=28139","title":{"rendered":"El mi\u00e9rcoles abren pista los patinadores"},"content":{"rendered":"<figure id=\"attachment_28140\" aria-describedby=\"caption-attachment-28140\" style=\"width: 320px\" class=\"wp-caption alignleft\"><a href=\"http:\/\/agpnoticias.com\/news\/?attachment_id=28140\" rel=\"attachment wp-att-28140\"><img fetchpriority=\"high\" decoding=\"async\" class=\"size-medium wp-image-28140\" alt=\"Iniciar\u00e1 la competencia de Patines sobre Ruedas el mi\u00e9rcoles por la ma\u00f1ana\" src=\"http:\/\/agpnoticias.com\/news\/wp-content\/uploads\/2013\/05\/Iniciar\u00e1-la-competencia-de-Patines-sobre-Ruedas-el-mi\u00e9rcoles-por-la-ma\u00f1ana-320x240.jpg\" width=\"320\" height=\"240\" srcset=\"https:\/\/agpnoticias.com\/news\/wp-content\/uploads\/2013\/05\/Iniciar\u00e1-la-competencia-de-Patines-sobre-Ruedas-el-mi\u00e9rcoles-por-la-ma\u00f1ana-320x240.jpg 320w, https:\/\/agpnoticias.com\/news\/wp-content\/uploads\/2013\/05\/Iniciar\u00e1-la-competencia-de-Patines-sobre-Ruedas-el-mi\u00e9rcoles-por-la-ma\u00f1ana-640x480.jpg 640w\" sizes=\"(max-width: 320px) 100vw, 320px\" \/><\/a><figcaption id=\"caption-attachment-28140\" class=\"wp-caption-text\">Iniciar\u00e1 la competencia de Patines sobre Ruedas el mi\u00e9rcoles por la ma\u00f1ana<\/figcaption><\/figure>\n<p>Ensenada, Baja California.- A partir de las 8:00 horas de este mi\u00e9rcoles, la nueva pista de Ciudad Deportiva, protestada por algunos delegados for\u00e1neos, ser\u00e1 escenario de la primera jornada de los Patines sobre Ruedas en la Olimpiada Nacional 2013.<\/p>\n<p>\u201cLa pista qued\u00f3 un poco m\u00e1s suave de lo normal, pero es competible; nosotros entrenamos dos semanas y nadie se quej\u00f3\u201d, dijo el entrenador de Baja California, Luis Alberto Sevilla, despu\u00e9s de las inconformidades manifestadas el martes por la noche en la junta t\u00e9cnica.<\/p>\n<p>Las protestas por el material sint\u00e9tico con el que est\u00e1 recubierta la pista \u201cson normales, siempre pasa as\u00ed, en M\u00e9rida pas\u00f3, en Puebla pas\u00f3, as\u00ed que es parte de la presi\u00f3n por la competencia que hay en la b\u00fasqueda de las medallas\u201d.<\/p>\n<p>El t\u00e9cnico local dijo que la delegaci\u00f3n bajacaliforniana tiene como meta dos medallas de oro, tras irse en blanco en cuanto a lideratos durante 2012.<\/p>\n<p>\u201cTenemos un grupo de juveniles e infantiles bastante buenos, como Alexander Soto, ganador de tres medallas de oro en el nacional de Morelia este mismo a\u00f1o\u201d, indic\u00f3.<\/p>\n<p>El tri campe\u00f3n nacional ser\u00e1 acompa\u00f1ado por Rodrigo Orozco y \u00c9dgar Sevilla en el equipo de relevos, \u201cdonde tambi\u00e9n podr\u00eda llegar otra medalla\u201d.<\/p>\n<p>En infantiles \u201ctenemos a Hugo Avenda\u00f1o como posible medallista\u201d, al igual que Gema Arcos, \u201cotra de las seleccionadas que cuenta con un buen nivel competitivo\u201d.<\/p>\n<p>\u201cZeus T\u00e9llez podr\u00eda dar medalla en el marat\u00f3n, donde es muy fuerte, pero el problema con \u00e9l es que subi\u00f3 de categor\u00eda y hay gente dos a\u00f1os mayor que \u00e9l\u201d, explic\u00f3.<\/p>\n","protected":false},"excerpt":{"rendered":"<p>Ensenada, Baja California.- A partir de las 8:00 horas de este mi\u00e9rcoles, la nueva pista&#8230;<\/p>\n","protected":false},"author":1,"featured_media":28140,"comment_status":"closed","ping_status":"closed","sticky":false,"template":"","format":"standard","meta":{"footnotes":""},"categories":[7,694],"tags":[],"class_list":["post-28139","post","type-post","status-publish","format-standard","has-post-thumbnail","hentry","category-deportes","category-patines-sobre-ruedas"],"_links":{"self":[{"href":"https:\/\/agpnoticias.com\/news\/index.php?rest_route=\/wp\/v2\/posts\/28139","targetHints":{"allow":["GET"]}}],"collection":[{"href":"https:\/\/agpnoticias.com\/news\/index.php?rest_route=\/wp\/v2\/posts"}],"about":[{"href":"https:\/\/agpnoticias.com\/news\/index.php?rest_route=\/wp\/v2\/types\/post"}],"author":[{"embeddable":true,"href":"https:\/\/agpnoticias.com\/news\/index.php?rest_route=\/wp\/v2\/users\/1"}],"replies":[{"embeddable":true,"href":"https:\/\/agpnoticias.com\/news\/index.php?rest_route=%2Fwp%2Fv2%2Fcomments&post=28139"}],"version-history":[{"count":3,"href":"https:\/\/agpnoticias.com\/news\/index.php?rest_route=\/wp\/v2\/posts\/28139\/revisions"}],"predecessor-version":[{"id":28147,"href":"https:\/\/agpnoticias.com\/news\/index.php?rest_route=\/wp\/v2\/posts\/28139\/revisions\/28147"}],"wp:featuredmedia":[{"embeddable":true,"href":"https:\/\/agpnoticias.com\/news\/index.php?rest_route=\/wp\/v2\/media\/28140"}],"wp:attachment":[{"href":"https:\/\/agpnoticias.com\/news\/index.php?rest_route=%2Fwp%2Fv2%2Fmedia&parent=28139"}],"wp:term":[{"taxonomy":"category","embeddable":true,"href":"https:\/\/agpnoticias.com\/news\/index.php?rest_route=%2Fwp%2Fv2%2Fcategories&post=28139"},{"taxonomy":"post_tag","embeddable":true,"href":"https:\/\/agpnoticias.com\/news\/index.php?rest_route=%2Fwp%2Fv2%2Ftags&post=28139"}],"curies":[{"name":"wp","href":"https:\/\/api.w.org\/{rel}","templated":true}]}}