{"id":28305,"date":"2013-05-12T15:43:51","date_gmt":"2013-05-12T22:43:51","guid":{"rendered":"http:\/\/agpnoticias.com\/news\/?p=28305"},"modified":"2013-05-12T15:43:51","modified_gmt":"2013-05-12T22:43:51","slug":"reconoce-al-puma-la-liga-de-sus-amores","status":"publish","type":"post","link":"https:\/\/agpnoticias.com\/news\/?p=28305","title":{"rendered":"Reconoce al \u00abPuma\u00bb la \u00abliga de sus amores\u00bb"},"content":{"rendered":"<figure id=\"attachment_28306\" aria-describedby=\"caption-attachment-28306\" style=\"width: 320px\" class=\"wp-caption alignleft\"><a href=\"http:\/\/agpnoticias.com\/news\/?attachment_id=28306\" rel=\"attachment wp-att-28306\"><img fetchpriority=\"high\" decoding=\"async\" class=\"size-medium wp-image-28306\" alt=\"Ra\u00fal &quot;Puma&quot; Pe\u00f1a fue reconocido por la Liga Municipal\" src=\"http:\/\/agpnoticias.com\/news\/wp-content\/uploads\/2013\/05\/Ra\u00fal-Puma-Pe\u00f1a-fue-reconocido-por-la-Liga-Municipal-320x240.jpg\" width=\"320\" height=\"240\" srcset=\"https:\/\/agpnoticias.com\/news\/wp-content\/uploads\/2013\/05\/Ra\u00fal-Puma-Pe\u00f1a-fue-reconocido-por-la-Liga-Municipal-320x240.jpg 320w, https:\/\/agpnoticias.com\/news\/wp-content\/uploads\/2013\/05\/Ra\u00fal-Puma-Pe\u00f1a-fue-reconocido-por-la-Liga-Municipal-640x480.jpg 640w\" sizes=\"(max-width: 320px) 100vw, 320px\" \/><\/a><figcaption id=\"caption-attachment-28306\" class=\"wp-caption-text\">Ra\u00fal \u00abPuma\u00bb Pe\u00f1a fue reconocido por la Liga Municipal<\/figcaption><\/figure>\n<p>Ensenada, Baja California.- Las risas que suenan gracias a sus bromas cada domingo sobre el grader\u00edo del deportivo Antonio Palacios dejaron su lugar a las l\u00e1grimas y las palabras entrecortadas.<\/p>\n<p>M\u00e1s de 40 a\u00f1os de militancia y fidelidad fueron reconocidos por la Liga Municipal de Beisbol durante la ceremonia realizada en honor de Ra\u00fal \u201cPuma\u201d Pe\u00f1a, a cargo de la directiva presidida por Sergio L\u00f3pez.<\/p>\n<p>Al centro del diamante donde tantas veces tuvo tardes afortunadas, como jugador y manager, el homenajeado agradeci\u00f3 a todos sus afectos por acompa\u00f1arlo, y lo hizo con un permanente nudo en la garganta.<\/p>\n<p>\u201cAl beisbol le debo todo: aqu\u00ed conoc\u00ed a mi esposa, consegu\u00ed mi trabajo, pero sobre todo a tantos amigos; siempre he estado con la liga en las buenas y en las malas, y es la primera vez que me hacen un homenaje de este tipo\u201d, dijo, emocionado, en el cierre del torneo que lleva su nombre.<\/p>\n<p>A principios de la d\u00e9cada de los setenta, \u201cyo con 15 a\u00f1os de edad dirig\u00eda al equipo Pumas donde jugaba gente que est\u00e1 hoy conmigo como Jose Ibarra, Polo Cortez, Ignacio Cortez\u2026, entonces empez\u00f3 la segunda fuerza\u201d.<\/p>\n<p>\u201cDesde entonces ha sido un ir y venir siempre en la Liga Municipal, y aqu\u00ed conoc\u00ed a mi esposa hace 27 a\u00f1os, cuando su hermano Omar, en paz descanse, jugaba con Normal Estatal y yo con Piratas\u201d, record\u00f3.<\/p>\n<p>Producto de su matrimonio, nacieron Ada y Ra\u00fal, sus hijos de 23 y 19 a\u00f1os, quienes tambi\u00e9n estuvieron con el \u201cPuma\u201d, al igual que sus compa\u00f1eros de la Universidad Aut\u00f3noma de Baja California, donde actualmente labora.<\/p>\n<p>En el acto, organizado durante el intermedio de la doble cartelera presentada en la final de la Liga Municipal entre Cuervos y Hemtack, se presentaron ex presidentes del organismo y compa\u00f1eros del \u201cPuma\u201d a los largo de su trayectoria dentro del circuito.<\/p>\n","protected":false},"excerpt":{"rendered":"<p>Ensenada, Baja California.- Las risas que suenan gracias a sus bromas cada domingo sobre el&#8230;<\/p>\n","protected":false},"author":1,"featured_media":28306,"comment_status":"closed","ping_status":"closed","sticky":false,"template":"","format":"standard","meta":{"footnotes":""},"categories":[30,7,53],"tags":[],"class_list":["post-28305","post","type-post","status-publish","format-standard","has-post-thumbnail","hentry","category-beisbol","category-deportes","category-municipal-de-ensenada"],"_links":{"self":[{"href":"https:\/\/agpnoticias.com\/news\/index.php?rest_route=\/wp\/v2\/posts\/28305","targetHints":{"allow":["GET"]}}],"collection":[{"href":"https:\/\/agpnoticias.com\/news\/index.php?rest_route=\/wp\/v2\/posts"}],"about":[{"href":"https:\/\/agpnoticias.com\/news\/index.php?rest_route=\/wp\/v2\/types\/post"}],"author":[{"embeddable":true,"href":"https:\/\/agpnoticias.com\/news\/index.php?rest_route=\/wp\/v2\/users\/1"}],"replies":[{"embeddable":true,"href":"https:\/\/agpnoticias.com\/news\/index.php?rest_route=%2Fwp%2Fv2%2Fcomments&post=28305"}],"version-history":[{"count":1,"href":"https:\/\/agpnoticias.com\/news\/index.php?rest_route=\/wp\/v2\/posts\/28305\/revisions"}],"predecessor-version":[{"id":28307,"href":"https:\/\/agpnoticias.com\/news\/index.php?rest_route=\/wp\/v2\/posts\/28305\/revisions\/28307"}],"wp:featuredmedia":[{"embeddable":true,"href":"https:\/\/agpnoticias.com\/news\/index.php?rest_route=\/wp\/v2\/media\/28306"}],"wp:attachment":[{"href":"https:\/\/agpnoticias.com\/news\/index.php?rest_route=%2Fwp%2Fv2%2Fmedia&parent=28305"}],"wp:term":[{"taxonomy":"category","embeddable":true,"href":"https:\/\/agpnoticias.com\/news\/index.php?rest_route=%2Fwp%2Fv2%2Fcategories&post=28305"},{"taxonomy":"post_tag","embeddable":true,"href":"https:\/\/agpnoticias.com\/news\/index.php?rest_route=%2Fwp%2Fv2%2Ftags&post=28305"}],"curies":[{"name":"wp","href":"https:\/\/api.w.org\/{rel}","templated":true}]}}