{"id":2840775,"date":"2015-04-11T12:41:44","date_gmt":"2015-04-11T19:41:44","guid":{"rendered":"http:\/\/agpnoticias.com\/news\/?p=2840775"},"modified":"2015-04-11T13:19:15","modified_gmt":"2015-04-11T20:19:15","slug":"busca-valenzuela-jr-demostrar-porque-lo-contrato-tijuana","status":"publish","type":"post","link":"https:\/\/agpnoticias.com\/news\/?p=2840775","title":{"rendered":"Busca Valenzuela Jr. demostrar porqu\u00e9 lo contrat\u00f3 Tijuana"},"content":{"rendered":"<figure id=\"attachment_2840782\" aria-describedby=\"caption-attachment-2840782\" style=\"width: 800px\" class=\"wp-caption aligncenter\"><a href=\"http:\/\/agpnoticias.com\/news\/busca-valenzuela-jr-demostrar-porque-lo-contrato-tijuana\/fernando-valenzuela-jr-2\/\" rel=\"attachment wp-att-2840782\"><img fetchpriority=\"high\" decoding=\"async\" class=\"size-full wp-image-2840782\" src=\"http:\/\/agpnoticias.com\/news\/wp-content\/uploads\/2015\/04\/Fernando-Valenzuela-Jr..jpg\" alt=\"Fernando Valenzuela Jr.\" width=\"800\" height=\"533\" srcset=\"https:\/\/agpnoticias.com\/news\/wp-content\/uploads\/2015\/04\/Fernando-Valenzuela-Jr..jpg 800w, https:\/\/agpnoticias.com\/news\/wp-content\/uploads\/2015\/04\/Fernando-Valenzuela-Jr.-200x133.jpg 200w\" sizes=\"(max-width: 800px) 100vw, 800px\" \/><\/a><figcaption id=\"caption-attachment-2840782\" class=\"wp-caption-text\">Fernando Valenzuela Jr.<\/figcaption><\/figure>\n<p>Tijuana, Baja California.- Fernando Valenzuela Jr. siempre tendr\u00e1, por donde quiera que pase, la sombra de su padre.<\/p>\n<p>Pero el ahora jugador de los Toros de Tijuana espera que, como sucedi\u00f3 en M\u00e9rida con los Leones de Yucat\u00e1n, la afici\u00f3n local empiece a reconocerlo m\u00e1s all\u00e1 de ser hijo de la leyenda que figur\u00f3 con los Dodgers de Los \u00c1ngeles.<\/p>\n<p>\u00abLa familia siempre hemos recibido el cari\u00f1o de la afici\u00f3n, desde que yo nac\u00ed lo recuerdo, pero quiero que se reconozca lo que yo hago. Lo que hizo mi pap\u00e1 lo hizo en su \u00e9poca ya est\u00e1 hecho, y yo vengo ac\u00e1 con una carrera en el verano de n\u00fameros importantes que hablan por s\u00ed mismos\u00bb, dijo.<\/p>\n<figure id=\"attachment_2840783\" aria-describedby=\"caption-attachment-2840783\" style=\"width: 500px\" class=\"wp-caption alignright\"><a href=\"http:\/\/agpnoticias.com\/news\/busca-valenzuela-jr-demostrar-porque-lo-contrato-tijuana\/el-torito-pelea-un-puesto-como-primera-base\/\" rel=\"attachment wp-att-2840783\"><img decoding=\"async\" class=\"size-full wp-image-2840783\" src=\"http:\/\/agpnoticias.com\/news\/wp-content\/uploads\/2015\/04\/El-Torito-pelea-un-puesto-como-primera-base-e1428783498365.jpg\" alt=\"&quot;El Torito&quot; pelea un puesto como primera base\" width=\"500\" height=\"357\" \/><\/a><figcaption id=\"caption-attachment-2840783\" class=\"wp-caption-text\">\u00abEl Torito\u00bb pelea un puesto como primera base<\/figcaption><\/figure>\n<p>Aunque Broncos de Tamaulipas acab\u00f3 con el invicto de Toros el viernes por la noche, el bateador zurdo que ingres\u00f3 como emergente en la d\u00e9cima entrada para conectar un hit productor que en ese momento empat\u00f3 el juego a tres carreras.<\/p>\n<p>En ese sentido, \u00abEl Torito\u00bb sostuvo que \u00abhabr\u00e1 que responder\u00bb cada vez que se presenten oportunidad dentro de la competencia que \u00absiempre existe en los equipos de Liga Mexicana\u00bb.<\/p>\n<p>\u00abEn todos lados es igual, llega cada vez m\u00e1s gente y uno tiene que pelear por el puesto. En primera base hay mucha competencia, pero igual fue en M\u00e9rida, y lo que hice seis o siete a\u00f1os en Leones todos los conocen, por eso me trajeron\u00bb, indic\u00f3.<\/p>\n<p>El beisbolista nacido en 1982, cuando su padre estaba en el apogeo de su carrera, consider\u00f3 que los Toros cuentan con un roster \u00abpara pelear por todo y hasta llegar a la final\u00bb.<\/p>\n<p>\u00abLlegamos muchos elementos y formamos un equipo con experiencia que ya sabe que hay que fajarse al final para entrar a playoffs, \u00a0y tambi\u00e9n hay gente joven, hay de todo\u00bb, refiri\u00f3.<\/p>\n<p>Fernando Valenzuela Jr. destac\u00f3 el trato recibido desde que lleg\u00f3 a Toros.<\/p>\n<p>\u00abTodo es muy profesional. Nos dejan hacer el trabajo tranquilos tanto los due\u00f1os como el manager\u00bb, reconoci\u00f3.<\/p>\n<p>Y por \u00faltimo, subray\u00f3 la respuesta de la afici\u00f3n que ha asistido a ver a los Toros durante la primera semana de la Liga Mexicana de Beisbol.<\/p>\n<p>\u00abNo hay nada como jugar con esta respuesta de la gente, es impresionante, un ambiente muy bueno para jugar. El a\u00f1o pasado estuve aqu\u00ed tres juegos y fueron muy divertidos por el toque que pone la afici\u00f3n\u00bb, apunt\u00f3.<\/p>\n<p><em>Fotos: VictoriaPhotos and Video.<\/em><\/p>\n","protected":false},"excerpt":{"rendered":"<p>Tijuana, Baja California.- Fernando Valenzuela Jr. siempre tendr\u00e1, por donde quiera que pase, la sombra&#8230;<\/p>\n","protected":false},"author":1,"featured_media":2840782,"comment_status":"closed","ping_status":"closed","sticky":false,"template":"","format":"standard","meta":{"footnotes":""},"categories":[1,30,7,159],"tags":[],"class_list":["post-2840775","post","type-post","status-publish","format-standard","has-post-thumbnail","hentry","category-uncategorized","category-beisbol","category-deportes","category-toros-de-tijuana"],"_links":{"self":[{"href":"https:\/\/agpnoticias.com\/news\/index.php?rest_route=\/wp\/v2\/posts\/2840775","targetHints":{"allow":["GET"]}}],"collection":[{"href":"https:\/\/agpnoticias.com\/news\/index.php?rest_route=\/wp\/v2\/posts"}],"about":[{"href":"https:\/\/agpnoticias.com\/news\/index.php?rest_route=\/wp\/v2\/types\/post"}],"author":[{"embeddable":true,"href":"https:\/\/agpnoticias.com\/news\/index.php?rest_route=\/wp\/v2\/users\/1"}],"replies":[{"embeddable":true,"href":"https:\/\/agpnoticias.com\/news\/index.php?rest_route=%2Fwp%2Fv2%2Fcomments&post=2840775"}],"version-history":[{"count":6,"href":"https:\/\/agpnoticias.com\/news\/index.php?rest_route=\/wp\/v2\/posts\/2840775\/revisions"}],"predecessor-version":[{"id":2840785,"href":"https:\/\/agpnoticias.com\/news\/index.php?rest_route=\/wp\/v2\/posts\/2840775\/revisions\/2840785"}],"wp:featuredmedia":[{"embeddable":true,"href":"https:\/\/agpnoticias.com\/news\/index.php?rest_route=\/wp\/v2\/media\/2840782"}],"wp:attachment":[{"href":"https:\/\/agpnoticias.com\/news\/index.php?rest_route=%2Fwp%2Fv2%2Fmedia&parent=2840775"}],"wp:term":[{"taxonomy":"category","embeddable":true,"href":"https:\/\/agpnoticias.com\/news\/index.php?rest_route=%2Fwp%2Fv2%2Fcategories&post=2840775"},{"taxonomy":"post_tag","embeddable":true,"href":"https:\/\/agpnoticias.com\/news\/index.php?rest_route=%2Fwp%2Fv2%2Ftags&post=2840775"}],"curies":[{"name":"wp","href":"https:\/\/api.w.org\/{rel}","templated":true}]}}