{"id":2841757,"date":"2015-04-29T14:31:40","date_gmt":"2015-04-29T21:31:40","guid":{"rendered":"http:\/\/agpnoticias.com\/news\/?p=2841757"},"modified":"2015-04-29T14:42:09","modified_gmt":"2015-04-29T21:42:09","slug":"presentan-el-regreso-de-un-idolo","status":"publish","type":"post","link":"https:\/\/agpnoticias.com\/news\/?p=2841757","title":{"rendered":"Presentan \u00abEl regreso de un \u00eddolo\u00bb"},"content":{"rendered":"<figure id=\"attachment_2841759\" aria-describedby=\"caption-attachment-2841759\" style=\"width: 800px\" class=\"wp-caption aligncenter\"><a href=\"http:\/\/agpnoticias.com\/news\/presentan-el-regreso-de-un-idolo\/jose-guardado-volvera-a-pelear-este-15-de-mayo\/\" rel=\"attachment wp-att-2841759\"><img fetchpriority=\"high\" decoding=\"async\" class=\"size-full wp-image-2841759\" src=\"http:\/\/agpnoticias.com\/news\/wp-content\/uploads\/2015\/04\/Jos\u00e9-Guardado-volver\u00e1-a-pelear-este-15-de-mayo.jpg\" alt=\"Jos\u00e9 Guardado volver\u00e1 a pelear este 15 de mayo\" width=\"800\" height=\"533\" srcset=\"https:\/\/agpnoticias.com\/news\/wp-content\/uploads\/2015\/04\/Jos\u00e9-Guardado-volver\u00e1-a-pelear-este-15-de-mayo.jpg 800w, https:\/\/agpnoticias.com\/news\/wp-content\/uploads\/2015\/04\/Jos\u00e9-Guardado-volver\u00e1-a-pelear-este-15-de-mayo-200x133.jpg 200w\" sizes=\"(max-width: 800px) 100vw, 800px\" \/><\/a><figcaption id=\"caption-attachment-2841759\" class=\"wp-caption-text\">Jos\u00e9 Guardado volver\u00e1 a pelear este 15 de mayo<\/figcaption><\/figure>\n<p>Ensenada, Baja California.- \u00abEl regreso de un \u00eddolo\u00bb ha sido llamado el evento que program\u00f3 la empresa Showbox el viernes 15 de mayo en el gimnasio municipal \u00d3scar \u00abTigre\u00bb Garc\u00eda con la vuelta del campe\u00f3n mundial de la International Thai Boxing Organization (ITBO) en las 135 libras, Jos\u00e9 Guardado.<\/p>\n<p>El norteamericano Atiq Jihad (7-4) ser\u00e1 el rival que ponga a prueba al peleador local despu\u00e9s de cuatro a\u00f1os y medio en el retiro durante la funci\u00f3n que tambi\u00e9n presentar\u00e1 dos combates de boxeo, uno de los cuales protagonizado por Sergio \u00abMicky\u00bb L\u00f3pez.<\/p>\n<figure id=\"attachment_2841760\" aria-describedby=\"caption-attachment-2841760\" style=\"width: 440px\" class=\"wp-caption alignright\"><a href=\"http:\/\/agpnoticias.com\/news\/presentan-el-regreso-de-un-idolo\/sony-dsc-1152\/\" rel=\"attachment wp-att-2841760\"><img decoding=\"async\" class=\"size-full wp-image-2841760\" src=\"http:\/\/agpnoticias.com\/news\/wp-content\/uploads\/2015\/04\/El-promotor-Sergio-Ayala-present\u00f3-el-regreso-de-Jos\u00e9-Guardado-e1430342999610.jpg\" alt=\"El promotor Sergio Ayala present\u00f3 el regreso de Jos\u00e9 Guardado\" width=\"440\" height=\"295\" \/><\/a><figcaption id=\"caption-attachment-2841760\" class=\"wp-caption-text\">El promotor Sergio Ayala present\u00f3 el regreso de Jos\u00e9 Guardado<\/figcaption><\/figure>\n<p>Por lo pronto la meta de Jos\u00e9 Guardado es ganar en su regreso para refrendar el cetro de la ITBO, a\u00fan en su poder despu\u00e9s de cuatro a\u00f1os de retiro, para despu\u00e9s proseguir hasta volver a la disputa del campeonato de la IKBA (International Kick Boxing Asociation).<\/p>\n<p>\u00abDesde que me retir\u00e9 nunca sali\u00f3 un campe\u00f3n (de la ITBO) en las 135 libras. Pero el de las 140 libras de la IKBA en Estados Unidos est\u00e1 en poder de un asi\u00e1tico y podr\u00eda pelear por ese, porque me parece que es m\u00e1s f\u00e1cil para m\u00ed dar ese peso\u00bb, explic\u00f3.<\/p>\n<p>En la IKBA, puntualiz\u00f3, \u00abfueron 11 defensas\u00bb, mientras que el de la ITBO \u00ablo defend\u00ed dos veces y \u00e9sta ser\u00e1 la tercera\u00bb.<\/p>\n<p>Sobre su rival inmediato, precis\u00f3: \u00abYa lo conozco, lo he mirado pelear y nunca ha sido noqueado. Es de mand\u00edbula fuerte, entr\u00f3n, y estamos haciendo todo lo necesario para salir adelante y ganar. Antes siempre pronosticaba que iba a ganar, pero han pasado m\u00e1s de cuatro a\u00f1os y ya no puedo decir eso (risas)\u00bb, coment\u00f3.<\/p>\n<p>A los 43 a\u00f1os de edad, \u00abhe tenido que prepararme muy bien, corriendo y haciendo sparring\u00bb, dijo en torno a la pelea estelar de la funci\u00f3n que presentar\u00e1 \u00abpeleas espectaculares y diferentes a lo que se ha estado haciendo\u00bb.<\/p>\n<p>\u00abMe hicieron falta tres o cuatro peleas para retirarme a gusto y ahora vengo para dejar en claro entre los j\u00f3venes que todo se puede hacer y la edad no es una barrera\u00bb, consider\u00f3.<\/p>\n<figure id=\"attachment_2841761\" aria-describedby=\"caption-attachment-2841761\" style=\"width: 440px\" class=\"wp-caption alignright\"><a href=\"http:\/\/agpnoticias.com\/news\/presentan-el-regreso-de-un-idolo\/micky-lopez-entro-a-la-cartelera-como-protagonista-de-una-de-las-dos-peleas-de-box\/\" rel=\"attachment wp-att-2841761\"><img decoding=\"async\" class=\"size-full wp-image-2841761\" src=\"http:\/\/agpnoticias.com\/news\/wp-content\/uploads\/2015\/04\/Micky-L\u00f3pez-entr\u00f3-a-la-cartelera-como-protagonista-de-una-de-las-dos-peleas-de-box-e1430343077378.jpg\" alt=\"&quot;Micky&quot; L\u00f3pez entr\u00f3 a la cartelera como protagonista de una de las dos peleas de box\" width=\"440\" height=\"293\" \/><\/a><figcaption id=\"caption-attachment-2841761\" class=\"wp-caption-text\">\u00abMicky\u00bb L\u00f3pez entr\u00f3 a la cartelera como protagonista de una de las dos peleas de box<\/figcaption><\/figure>\n<p>Jos\u00e9 Guardado tambi\u00e9n subray\u00f3 la calidad de la pelea que sostendr\u00e1 el campe\u00f3n nacional V\u00edctor Cobi\u00e1n, de Ensenada, contra el invicto David Huerta, de Los \u00c1ngeles.<\/p>\n<p>Por su parte, el promotor Sergio Ayala reconoci\u00f3 la expectaci\u00f3n que ha causado el regreso de Jos\u00e9 Guardado, a quien busc\u00f3 para iniciar su trayectoria en el Kick Boxing y las Artes Marciales Mixtas despu\u00e9s de promover un par de eventos box\u00edsticos.<\/p>\n<p>En ese sentido, mencion\u00f3 la presencia de Sergio \u00abMicky\u00bb L\u00f3pez, boxeador al que tiene firmado y que pelear\u00e1 por un campeonato mundial m\u00e1s adelante en 2015 y por ello lo pondr\u00e1 en acci\u00f3n en esta misma cartelera ante el mexicalense Enrique \u00abPlayer\u00bb Soto.<\/p>\n<p>\u00abHay dos peleas de box, otra con Kevin Amador, que es un peleador de Vale Todo, porque lo que busco son buenas peleas y tambi\u00e9n cosas que llamen la atenci\u00f3n, atractivas, para animen a la gente a ir porque damos show, pero con calidad\u00bb, afirm\u00f3.<\/p>\n<p>En la rueda de prensa tambi\u00e9n estuvieron Sergio \u00abMicky\u00bb L\u00f3pez y el boxeador de Kick Boxing, Allen Campoy, adem\u00e1s del patrocinador Ramiro Villase\u00f1or.<\/p>\n<p>Los boletos est\u00e1n a la venta en la cancha Showbol, Gimnasio Guardado y Viajes Kinessia con costos de 250 y 150 pesos.<\/p>\n<p><strong>Pelea estelar<\/strong><\/p>\n<p><strong>Campeonato Mundial Ligero de la ITBO<\/strong><\/p>\n<p>Jos\u00e9 Guardado vs. Atiq Jihad<\/p>\n<p><strong>Pelea co estelar<\/strong><\/p>\n<p>V\u00edctor Cobi\u00e1n (Ensenada) vs. David Huerta (Estados Unidos)<\/p>\n<p><strong>Kick Boxing<\/strong><\/p>\n<p>Allen Campy (Ensenada) vs. \u00c9dgar Ramos (Estados Unidos)<\/p>\n<p><strong>MMA<\/strong><\/p>\n<p>Emmanuel Cobi (Ensenada) vs. Ponchito C.<\/p>\n<p><strong>MMA<\/strong><\/p>\n<p>Rodrigo Reyes (Ensenada) vs. Irvin Hern\u00e1ndez (Tijuana)<\/p>\n<p><strong>Muay Thai <\/strong><\/p>\n<p>Iv\u00e1n Skesh (Ensenada) vs. Cristopher P. (Tecate)<\/p>\n<p><strong>Kick Boxing <\/strong><\/p>\n<p>Gustavo Soldado (Ensenada) vs. \u00d3scar Adiez<\/p>\n<p><strong>Peleas de Box<\/strong><\/p>\n<p>Sergio \u00abMicky\u00bb L\u00f3pez vs. Enrique \u00abPlayer\u00bb Soto<\/p>\n<p>Kevin Amador vs. Rival por designar<\/p>\n","protected":false},"excerpt":{"rendered":"<p>Ensenada, Baja California.- \u00abEl regreso de un \u00eddolo\u00bb ha sido llamado el evento que program\u00f3&#8230;<\/p>\n","protected":false},"author":1,"featured_media":2841759,"comment_status":"closed","ping_status":"closed","sticky":false,"template":"","format":"standard","meta":{"footnotes":""},"categories":[1,36,7],"tags":[],"class_list":["post-2841757","post","type-post","status-publish","format-standard","has-post-thumbnail","hentry","category-uncategorized","category-boxeo","category-deportes"],"_links":{"self":[{"href":"https:\/\/agpnoticias.com\/news\/index.php?rest_route=\/wp\/v2\/posts\/2841757","targetHints":{"allow":["GET"]}}],"collection":[{"href":"https:\/\/agpnoticias.com\/news\/index.php?rest_route=\/wp\/v2\/posts"}],"about":[{"href":"https:\/\/agpnoticias.com\/news\/index.php?rest_route=\/wp\/v2\/types\/post"}],"author":[{"embeddable":true,"href":"https:\/\/agpnoticias.com\/news\/index.php?rest_route=\/wp\/v2\/users\/1"}],"replies":[{"embeddable":true,"href":"https:\/\/agpnoticias.com\/news\/index.php?rest_route=%2Fwp%2Fv2%2Fcomments&post=2841757"}],"version-history":[{"count":5,"href":"https:\/\/agpnoticias.com\/news\/index.php?rest_route=\/wp\/v2\/posts\/2841757\/revisions"}],"predecessor-version":[{"id":2841765,"href":"https:\/\/agpnoticias.com\/news\/index.php?rest_route=\/wp\/v2\/posts\/2841757\/revisions\/2841765"}],"wp:featuredmedia":[{"embeddable":true,"href":"https:\/\/agpnoticias.com\/news\/index.php?rest_route=\/wp\/v2\/media\/2841759"}],"wp:attachment":[{"href":"https:\/\/agpnoticias.com\/news\/index.php?rest_route=%2Fwp%2Fv2%2Fmedia&parent=2841757"}],"wp:term":[{"taxonomy":"category","embeddable":true,"href":"https:\/\/agpnoticias.com\/news\/index.php?rest_route=%2Fwp%2Fv2%2Fcategories&post=2841757"},{"taxonomy":"post_tag","embeddable":true,"href":"https:\/\/agpnoticias.com\/news\/index.php?rest_route=%2Fwp%2Fv2%2Ftags&post=2841757"}],"curies":[{"name":"wp","href":"https:\/\/api.w.org\/{rel}","templated":true}]}}