{"id":2841776,"date":"2015-04-29T19:56:49","date_gmt":"2015-04-30T02:56:49","guid":{"rendered":"http:\/\/agpnoticias.com\/news\/?p=2841776"},"modified":"2015-04-29T19:56:49","modified_gmt":"2015-04-30T02:56:49","slug":"condiciona-guardado-a-joksan-si-no-se-disciplina-que-se-retire","status":"publish","type":"post","link":"https:\/\/agpnoticias.com\/news\/?p=2841776","title":{"rendered":"Condiciona Guardado a Joksan: Si no se disciplina, que se retire"},"content":{"rendered":"<figure id=\"attachment_2841778\" aria-describedby=\"caption-attachment-2841778\" style=\"width: 800px\" class=\"wp-caption aligncenter\"><a href=\"http:\/\/agpnoticias.com\/news\/condiciona-guardado-a-joksan-si-no-se-disciplina-que-se-retire\/la-esquina-de-joksan-hernandez-pretende-disciplinarlo-para-que-pueda-continuar-su-carrera\/\" rel=\"attachment wp-att-2841778\"><img fetchpriority=\"high\" decoding=\"async\" class=\"size-full wp-image-2841778\" src=\"http:\/\/agpnoticias.com\/news\/wp-content\/uploads\/2015\/04\/La-esquina-de-Joksan-Hern\u00e1ndez-pretende-disciplinarlo-para-que-pueda-continuar-su-carrera.jpg\" alt=\"La esquina de Joksan Hern\u00e1ndez pretende disciplinarlo para que pueda continuar su carrera\" width=\"800\" height=\"533\" srcset=\"https:\/\/agpnoticias.com\/news\/wp-content\/uploads\/2015\/04\/La-esquina-de-Joksan-Hern\u00e1ndez-pretende-disciplinarlo-para-que-pueda-continuar-su-carrera.jpg 800w, https:\/\/agpnoticias.com\/news\/wp-content\/uploads\/2015\/04\/La-esquina-de-Joksan-Hern\u00e1ndez-pretende-disciplinarlo-para-que-pueda-continuar-su-carrera-200x133.jpg 200w\" sizes=\"(max-width: 800px) 100vw, 800px\" \/><\/a><figcaption id=\"caption-attachment-2841778\" class=\"wp-caption-text\">La esquina de Joksan Hern\u00e1ndez pretende disciplinarlo para que pueda continuar su carrera<\/figcaption><\/figure>\n<p>Ensenada, Baja California.- Joksan Hern\u00e1ndez apenas tiene 28 a\u00f1os y una trayectoria que lo ha puesto frente a rivales calificados en el \u00e1mbito internacional.<\/p>\n<p>Sin embargo, de diciembre a la fecha ha sostenido cuatro peleas y no ha ganado una sola.<\/p>\n<p>Primero empat\u00f3 con Sergio \u00abMicky\u00bb L\u00f3pez, para luego perder con Ezequiel \u00abSheke\u00bb Avil\u00e9s por decisi\u00f3n un\u00e1nime y por nocaut ante Enrique \u00abTorito\u00bb Tinoco y Sharif \u00abLe\u00f3n\u00bb Bogere.<\/p>\n<p>\u00abEl viernes lo noquearon en el segundo round. Joksan tiene que descansar, si no que se retire. Tiene que trabajar en el gimnasio, pero no lo hace, y si sigue as\u00ed no puede seguir en el boxeo porque se expone\u00bb, coment\u00f3 Jos\u00e9 Guardado.<\/p>\n<p>El entrenador que acompa\u00f1\u00f3 al \u00abTorito\u00bb el viernes a la capital, donde perdi\u00f3 en segundo round con Bogere, se\u00f1al\u00f3 que su dirigido \u00abtodav\u00eda tienes tres o cuatro a\u00f1os buenos, pero todo est\u00e1 en \u00e9l, que le eche ganas, que trabaje de manera m\u00e1s profesional&#8230;\u00bb.<\/p>\n<p>Y advirti\u00f3 que \u00absi mantiene la misma postura de no entrenar como debe, nosotros ya no lo aceptaremos en el gimnasio\u00bb.<\/p>\n<p>El responsable de llevar la carrera de Joksan Hern\u00e1ndez junto a \u00d3scar \u00abVaquero\u00bb Maldonado, asegur\u00f3 que aun cuando lleguen ofertas, \u00abno debe pelear\u00bb.<\/p>\n<p>\u00abA \u00e9l lo pararon 60 d\u00edas y en ese tiempo no debe aceptar ninguna pelea. Tiene que recuperarse y despu\u00e9s trabajar en el gimnasio\u00bb, coment\u00f3.<\/p>\n","protected":false},"excerpt":{"rendered":"<p>Ensenada, Baja California.- Joksan Hern\u00e1ndez apenas tiene 28 a\u00f1os y una trayectoria que lo ha&#8230;<\/p>\n","protected":false},"author":1,"featured_media":2841778,"comment_status":"closed","ping_status":"closed","sticky":false,"template":"","format":"standard","meta":{"footnotes":""},"categories":[1,36,7],"tags":[],"class_list":["post-2841776","post","type-post","status-publish","format-standard","has-post-thumbnail","hentry","category-uncategorized","category-boxeo","category-deportes"],"_links":{"self":[{"href":"https:\/\/agpnoticias.com\/news\/index.php?rest_route=\/wp\/v2\/posts\/2841776","targetHints":{"allow":["GET"]}}],"collection":[{"href":"https:\/\/agpnoticias.com\/news\/index.php?rest_route=\/wp\/v2\/posts"}],"about":[{"href":"https:\/\/agpnoticias.com\/news\/index.php?rest_route=\/wp\/v2\/types\/post"}],"author":[{"embeddable":true,"href":"https:\/\/agpnoticias.com\/news\/index.php?rest_route=\/wp\/v2\/users\/1"}],"replies":[{"embeddable":true,"href":"https:\/\/agpnoticias.com\/news\/index.php?rest_route=%2Fwp%2Fv2%2Fcomments&post=2841776"}],"version-history":[{"count":3,"href":"https:\/\/agpnoticias.com\/news\/index.php?rest_route=\/wp\/v2\/posts\/2841776\/revisions"}],"predecessor-version":[{"id":2841780,"href":"https:\/\/agpnoticias.com\/news\/index.php?rest_route=\/wp\/v2\/posts\/2841776\/revisions\/2841780"}],"wp:featuredmedia":[{"embeddable":true,"href":"https:\/\/agpnoticias.com\/news\/index.php?rest_route=\/wp\/v2\/media\/2841778"}],"wp:attachment":[{"href":"https:\/\/agpnoticias.com\/news\/index.php?rest_route=%2Fwp%2Fv2%2Fmedia&parent=2841776"}],"wp:term":[{"taxonomy":"category","embeddable":true,"href":"https:\/\/agpnoticias.com\/news\/index.php?rest_route=%2Fwp%2Fv2%2Fcategories&post=2841776"},{"taxonomy":"post_tag","embeddable":true,"href":"https:\/\/agpnoticias.com\/news\/index.php?rest_route=%2Fwp%2Fv2%2Ftags&post=2841776"}],"curies":[{"name":"wp","href":"https:\/\/api.w.org\/{rel}","templated":true}]}}